{"id":248037,"date":"2019-08-28T19:42:10","date_gmt":"2019-08-28T22:42:10","guid":{"rendered":"https:\/\/www.lavras24horas.com.br\/portal\/?p=248037"},"modified":"2019-08-28T19:42:10","modified_gmt":"2019-08-28T22:42:10","slug":"dados-do-ibge-mostram-que-populacao-de-lavras-cresceu","status":"publish","type":"post","link":"https:\/\/www.lavras24horas.com.br\/portal\/dados-do-ibge-mostram-que-populacao-de-lavras-cresceu\/","title":{"rendered":"Dados do IBGE mostram que popula\u00e7\u00e3o de Lavras cresceu"},"content":{"rendered":"<p>&nbsp;<\/p>\n<p>&nbsp;<\/p>\n<p style=\"text-align: justify;\">Segundo a nova estimativa, o Sul de Minas tem agora 2.929.424 habitantes contra 2.913.670 de 2018, um aumento de 0,5%.<\/p>\n<p style=\"text-align: justify;\">Po\u00e7os de Caldas segue sendo o maior munic\u00edpio da regi\u00e3o, com 167.397 habitantes. J\u00e1 Senador Jos\u00e9 Bento continua o menor, com 1.502 habitantes.<\/p>\n<p style=\"text-align: justify;\">Pouso Alegre foi o munic\u00edpio que teve o maior crescimento da popula\u00e7\u00e3o em termos absolutos conforme a nova estimativa. Ao todo, o munic\u00edpio ganhou 1.875 novos moradores. J\u00e1 Pedrava foi a cidade que mais perdeu moradores no per\u00edodo: 51.<\/p>\n<p style=\"text-align: justify;\">J\u00e1 proporcionalmente em rela\u00e7\u00e3o aos n\u00fameros de 2018, Extrema foi o munic\u00edpio com o maior crescimento populacional: 2,12%. Ao todo, 113 munic\u00edpios registraram crescimento, enquanto 50 tiveram a popula\u00e7\u00e3o reduzida. Apenas Cabo Verde manteve o n\u00famero de moradores em rela\u00e7\u00e3o ao ano anterior.<\/p>\n<p style=\"text-align: justify;\">Munic\u00edpios que mais cresceram em popula\u00e7\u00e3o (n\u00fameros absolutos):<\/p>\n<p style=\"text-align: justify;\">Pouso Alegre: + 1.875 habitantes (+1,26%)<\/p>\n<p style=\"text-align: justify;\">Po\u00e7os de Caldas: + 1.286 (+0,77%)<\/p>\n<p style=\"text-align: justify;\">Varginha: + 1.081 (+0,80%)<\/p>\n<p style=\"text-align: justify;\">Lavras: + 1.045 (+1,02%)<\/p>\n<p style=\"text-align: justify;\">Extrema: + 751 (+2,12%)<\/p>\n<p style=\"text-align: justify;\">Passos: + 681 (+0,60%)<\/p>\n<p style=\"text-align: justify;\">Munic\u00edpios que mais encolheram (n\u00fameros absolutos):<\/p>\n<p style=\"text-align: justify;\">Pedralva: -51 habitantes (-0,45%)<\/p>\n<p style=\"text-align: justify;\">S\u00e3o Pedro da Uni\u00e3o: -50 (-1,06%)<\/p>\n<p style=\"text-align: justify;\">Braz\u00f3polis: -49 (-0,34%)<\/p>\n<p style=\"text-align: justify;\">Caxambu: -47 (-0,22%)<\/p>\n<p style=\"text-align: justify;\">Senador Jos\u00e9 Bento: -43 (-2,78%)<\/p>\n<p style=\"text-align: justify;\">Pouso Alto: -41 (-0,69%)<\/p>\n<p>Fonte: G1<\/p>\n","protected":false},"excerpt":{"rendered":"<p>&nbsp; &nbsp; Segundo a nova estimativa, o Sul de Minas tem agora 2.929.424 habitantes contra 2.913.670 de 2018, um aumento de 0,5%. Po\u00e7os de Caldas segue sendo o maior munic\u00edpio da regi\u00e3o, com 167.397 habitantes. J\u00e1 Senador Jos\u00e9 Bento continua o menor, com 1.502 habitantes. Pouso Alegre foi o munic\u00edpio que teve o maior crescimento [&hellip;]<\/p>\n","protected":false},"author":7,"featured_media":248002,"comment_status":"closed","ping_status":"closed","sticky":false,"template":"","format":"standard","meta":{"advanced_seo_description":"","jetpack_seo_html_title":"","jetpack_seo_noindex":false,"_jetpack_memberships_contains_paid_content":false,"footnotes":""},"categories":[12,4],"tags":[467,466],"class_list":["post-248037","post","type-post","status-publish","format-standard","has-post-thumbnail","hentry","category-destaques-1","category-lavras","tag-automatico","tag-rascunho"],"jetpack_featured_media_url":"https:\/\/i0.wp.com\/www.lavras24horas.com.br\/portal\/wp-content\/uploads\/2019\/08\/panoramica-lavras.jpg?fit=500%2C325&ssl=1","jetpack_sharing_enabled":true,"jetpack_likes_enabled":true,"jetpack_shortlink":"https:\/\/wp.me\/p12djN-12wB","_links":{"self":[{"href":"https:\/\/www.lavras24horas.com.br\/portal\/wp-json\/wp\/v2\/posts\/248037","targetHints":{"allow":["GET"]}}],"collection":[{"href":"https:\/\/www.lavras24horas.com.br\/portal\/wp-json\/wp\/v2\/posts"}],"about":[{"href":"https:\/\/www.lavras24horas.com.br\/portal\/wp-json\/wp\/v2\/types\/post"}],"author":[{"embeddable":true,"href":"https:\/\/www.lavras24horas.com.br\/portal\/wp-json\/wp\/v2\/users\/7"}],"replies":[{"embeddable":true,"href":"https:\/\/www.lavras24horas.com.br\/portal\/wp-json\/wp\/v2\/comments?post=248037"}],"version-history":[{"count":1,"href":"https:\/\/www.lavras24horas.com.br\/portal\/wp-json\/wp\/v2\/posts\/248037\/revisions"}],"predecessor-version":[{"id":248038,"href":"https:\/\/www.lavras24horas.com.br\/portal\/wp-json\/wp\/v2\/posts\/248037\/revisions\/248038"}],"wp:featuredmedia":[{"embeddable":true,"href":"https:\/\/www.lavras24horas.com.br\/portal\/wp-json\/wp\/v2\/media\/248002"}],"wp:attachment":[{"href":"https:\/\/www.lavras24horas.com.br\/portal\/wp-json\/wp\/v2\/media?parent=248037"}],"wp:term":[{"taxonomy":"category","embeddable":true,"href":"https:\/\/www.lavras24horas.com.br\/portal\/wp-json\/wp\/v2\/categories?post=248037"},{"taxonomy":"post_tag","embeddable":true,"href":"https:\/\/www.lavras24horas.com.br\/portal\/wp-json\/wp\/v2\/tags?post=248037"}],"curies":[{"name":"wp","href":"https:\/\/api.w.org\/{rel}","templated":true}]}}