{"id":248025,"date":"2019-08-29T07:00:50","date_gmt":"2019-08-29T10:00:50","guid":{"rendered":"https:\/\/www.lavras24horas.com.br\/portal\/?p=248025"},"modified":"2019-08-28T12:53:03","modified_gmt":"2019-08-28T15:53:03","slug":"missa-devocional-de-santa-terezinha-sera-realizada-no-proximo-domingo-1o","status":"publish","type":"post","link":"https:\/\/www.lavras24horas.com.br\/portal\/missa-devocional-de-santa-terezinha-sera-realizada-no-proximo-domingo-1o\/","title":{"rendered":"Missa Devocional de Santa Terezinha ser\u00e1 realizada no pr\u00f3ximo domingo (1\u00ba)"},"content":{"rendered":"<p>&nbsp;<\/p>\n<p>&nbsp;<\/p>\n<p>O Semin\u00e1rio Dehonista de Lavras promove no pr\u00f3ximo domingo, dia 1\u00ba, a Missa Devocional a Santa Terezinha do Menino Jesus<strong>. <\/strong>A celebra\u00e7\u00e3o acontecer\u00e1 \u00e0s 18h30.<\/p>\n<p style=\"text-align: justify;\"><strong>Hist\u00f3ria<\/strong><\/p>\n<p style=\"text-align: justify;\">A \u201csanta do sorriso\u201d, que \u201cse havia oferecido ao Menino Jesus para ser seu brinquedo, uma bolinha de nenhum valor, que pudesse ser jogada ao ch\u00e3o, empurrada com o p\u00e9, deixada a um canto\u201d, foi tomada ao p\u00e9 da letra. E n\u00e3o ter\u00edamos jamais sabido quantos sofrimentos se esconderam por tr\u00e1s daquela calma e composta tristeza se ela mesma, por obedi\u00eancia, n\u00e3o tivesse confiado a seus cadernos aquela incompar\u00e1vel Hist\u00f3ria de uma alma, que desvelou essa extraordin\u00e1ria for\u00e7a interior.<\/p>\n<p style=\"text-align: justify;\">Marie Fran\u00e7oise Th\u00e9r\u00e8se Martin, jovem de transparente beleza, \u00f3rf\u00e3 de m\u00e3e aos 4 anos, criada em Lisieux, ao lado de um pai afetuoso e bom, aos 15 anos p\u00f4de ingressar, gra\u00e7as a um indulto especial, no Carmelo de Lisieux, onde j\u00e1 duas irm\u00e3s a haviam precedido e a terceira haveria de segui-las.<\/p>\n<p style=\"text-align: justify;\">Percorreu a grandes passos o caminho rumo \u00e0 santidade, \u201clan\u00e7ando a Jesus as flores dos pequenos sacrif\u00edcios\u201d, que n\u00e3o eram pequenos, como n\u00e3o foi f\u00e1cil a ascese sob o signo da \u201cinf\u00e2ncia espiritual\u201d \u2014 ditada n\u00e3o pela tend\u00eancia toda feminina de fazer uso de diminutivos e de palavras carinhosas, mas por uma aut\u00eantica e robusta espiritualidade, em sintonia com a advert\u00eancia evang\u00e9lica de \u201ctornar-se pequenos como as crian\u00e7as\u201d.<\/p>\n<p style=\"text-align: justify;\">Nos nove anos de vida claustral Teresa deixou uma marca profunda, oferecendo ao mundo crist\u00e3o a surpreendente imagem de uma jovem freira que, embora relegada \u00e0 estrita clausura do Carmelo, viveu imersa na vida eclesial. Isso a ponto de, em 1927, dois anos depois da canoniza\u00e7\u00e3o, ser proclamada padroeira das Miss\u00f5es, junto com s\u00e3o Francisco Xavier, e, em 1944, co-padroeira da Fran\u00e7a ao lado da guerreira santa Joana d\u2019Arc.<\/p>\n<p style=\"text-align: justify;\">Pio X n\u00e3o hesitou em defini-la \u201ca maior santa dos tempos modernos\u201d. Em 19 de outubro de 1997, Jo\u00e3o Paulo II declarou-a doutora da Igreja, a terceira mulher a receber esta homenagem, depois de Catarina de Sena e Teresa de \u00c1vila.<\/p>\n<p style=\"text-align: justify;\">Teresa de Lisieux queria ser tudo: guerreira, mission\u00e1ria, ap\u00f3stolo. Depois teve a intui\u00e7\u00e3o: o amor! \u201cNo cora\u00e7\u00e3o da Igreja, minha m\u00e3e, eu serei o amor.\u201d<\/p>\n<p>&nbsp;<\/p>\n<p>&nbsp;<\/p>\n","protected":false},"excerpt":{"rendered":"<p>&nbsp; &nbsp; O Semin\u00e1rio Dehonista de Lavras promove no pr\u00f3ximo domingo, dia 1\u00ba, a Missa Devocional a Santa Terezinha do Menino Jesus. A celebra\u00e7\u00e3o acontecer\u00e1 \u00e0s 18h30. Hist\u00f3ria A \u201csanta do sorriso\u201d, que \u201cse havia oferecido ao Menino Jesus para ser seu brinquedo, uma bolinha de nenhum valor, que pudesse ser jogada ao ch\u00e3o, empurrada [&hellip;]<\/p>\n","protected":false},"author":7,"featured_media":248026,"comment_status":"closed","ping_status":"closed","sticky":false,"template":"","format":"standard","meta":{"advanced_seo_description":"","jetpack_seo_html_title":"","jetpack_seo_noindex":false,"_jetpack_memberships_contains_paid_content":false,"footnotes":""},"categories":[13077,4],"tags":[467,466],"class_list":["post-248025","post","type-post","status-publish","format-standard","has-post-thumbnail","hentry","category-laterais-2","category-lavras","tag-automatico","tag-rascunho"],"jetpack_featured_media_url":"https:\/\/i0.wp.com\/www.lavras24horas.com.br\/portal\/wp-content\/uploads\/2019\/08\/santa-teresa-de-lisieux.jpg?fit=625%2C420&ssl=1","jetpack_sharing_enabled":true,"jetpack_likes_enabled":true,"jetpack_shortlink":"https:\/\/wp.me\/p12djN-12wp","_links":{"self":[{"href":"https:\/\/www.lavras24horas.com.br\/portal\/wp-json\/wp\/v2\/posts\/248025","targetHints":{"allow":["GET"]}}],"collection":[{"href":"https:\/\/www.lavras24horas.com.br\/portal\/wp-json\/wp\/v2\/posts"}],"about":[{"href":"https:\/\/www.lavras24horas.com.br\/portal\/wp-json\/wp\/v2\/types\/post"}],"author":[{"embeddable":true,"href":"https:\/\/www.lavras24horas.com.br\/portal\/wp-json\/wp\/v2\/users\/7"}],"replies":[{"embeddable":true,"href":"https:\/\/www.lavras24horas.com.br\/portal\/wp-json\/wp\/v2\/comments?post=248025"}],"version-history":[{"count":1,"href":"https:\/\/www.lavras24horas.com.br\/portal\/wp-json\/wp\/v2\/posts\/248025\/revisions"}],"predecessor-version":[{"id":248027,"href":"https:\/\/www.lavras24horas.com.br\/portal\/wp-json\/wp\/v2\/posts\/248025\/revisions\/248027"}],"wp:featuredmedia":[{"embeddable":true,"href":"https:\/\/www.lavras24horas.com.br\/portal\/wp-json\/wp\/v2\/media\/248026"}],"wp:attachment":[{"href":"https:\/\/www.lavras24horas.com.br\/portal\/wp-json\/wp\/v2\/media?parent=248025"}],"wp:term":[{"taxonomy":"category","embeddable":true,"href":"https:\/\/www.lavras24horas.com.br\/portal\/wp-json\/wp\/v2\/categories?post=248025"},{"taxonomy":"post_tag","embeddable":true,"href":"https:\/\/www.lavras24horas.com.br\/portal\/wp-json\/wp\/v2\/tags?post=248025"}],"curies":[{"name":"wp","href":"https:\/\/api.w.org\/{rel}","templated":true}]}}