{"id":248012,"date":"2019-08-28T12:19:32","date_gmt":"2019-08-28T15:19:32","guid":{"rendered":"https:\/\/www.lavras24horas.com.br\/portal\/?p=248012"},"modified":"2019-08-28T12:19:32","modified_gmt":"2019-08-28T15:19:32","slug":"confira-os-cursos-gratuitos-do-senar-lavras-10","status":"publish","type":"post","link":"https:\/\/www.lavras24horas.com.br\/portal\/confira-os-cursos-gratuitos-do-senar-lavras-10\/","title":{"rendered":"Confira os cursos gratuitos do Senar\/Lavras"},"content":{"rendered":"<p>&nbsp;<\/p>\n<p>&nbsp;<\/p>\n<p style=\"font-weight: 400; text-align: justify;\"><strong><em>AGENDA \u2013 02\/09 a 08\/09\/2019<\/em><\/strong><\/p>\n<p style=\"font-weight: 400; text-align: justify;\"><strong><em>Programa\u00e7\u00e3o de Treinamentos do Escrit\u00f3rio Senar\/MG &#8211; Regional Lavras<\/em><\/strong><\/p>\n<p style=\"font-weight: 400; text-align: justify;\"><strong><em><u>FORMA\u00c7\u00c3O PROFISSIONAL RURAL<\/u><\/em><\/strong><\/p>\n<p style=\"font-weight: 400; text-align: justify;\">\n<p style=\"font-weight: 400; text-align: justify;\"><strong>CURSO DE CRIADOR DE PEIXES \/ BENEFICIAMENTO DE PEIXES<\/strong><\/p>\n<p style=\"font-weight: 400; text-align: justify;\">Data: 02\/09 a 04\/09\/2019<\/p>\n<p style=\"font-weight: 400; text-align: justify;\">Contato: Sindicato dos Produtores Rurais de Candeias \u2013 Tel.: (35) 3833-1479<\/p>\n<p style=\"font-weight: 400; text-align: justify;\">\n<p style=\"font-weight: 400; text-align: justify;\"><strong>CURSO DE INSEMINADOR<\/strong><\/p>\n<p style=\"font-weight: 400; text-align: justify;\">Data: 02\/09 a 06\/09\/2019; 03\/09 a 07\/09\/2019<\/p>\n<p style=\"font-weight: 400; text-align: justify;\">Contato: Sindicato dos Produtores Rurais de Cl\u00e1udio &#8211; Tel.: (37) 3381-1070<\/p>\n<p style=\"font-weight: 400; text-align: justify;\">Contato: Sindicato dos Produtores Rurais de Pedralva \u2013 Tel.: (35) 3663-1100<\/p>\n<p style=\"font-weight: 400; text-align: justify;\">\n<p style=\"font-weight: 400; text-align: justify;\"><strong>CURSO OPERADOR DE EMPILHADEIRA<\/strong><\/p>\n<p style=\"font-weight: 400; text-align: justify;\">Data: 02\/09 a 05\/09\/2019<\/p>\n<p style=\"font-weight: 400; text-align: justify;\">Contato: Sindicato dos Produtores Rurais de Carmo da Mata \u2013 Tel.: (37) 3383-1244<\/p>\n<p style=\"font-weight: 400; text-align: justify;\">\n<p style=\"font-weight: 400; text-align: justify;\"><strong>CURSO DE PRODUTOS DERIVADOS DO LEITE \/ B\u00c1SICO<\/strong><\/p>\n<p style=\"font-weight: 400; text-align: justify;\">Data: 02\/09 a 06\/09\/2019<\/p>\n<p style=\"font-weight: 400; text-align: justify;\">Contato: Sindicato dos Produtores Rurais de Pouso Alegre \u2013 Tel.: (35) 3423-4932<\/p>\n<p style=\"font-weight: 400; text-align: justify;\">\n<p style=\"font-weight: 400; text-align: justify;\"><strong>CURSO AGENTE DE TURISMO RURAL \u2013 ROTEIRIZA\u00c7\u00c3O TUR\u00cdSTICA \/ M\u00d3D. 04<\/strong><\/p>\n<p style=\"font-weight: 400; text-align: justify;\">Data: 02\/09 a 06\/09\/2019<\/p>\n<p style=\"font-weight: 400; text-align: justify;\">Contato: Sindicato dos Produtores Rurais de Campo Belo \u2013 Tel.: (35) 3605-3932<\/p>\n<p style=\"font-weight: 400; text-align: justify;\">\n<p style=\"font-weight: 400; text-align: justify;\"><strong>CURSO DE CLASSIFICA\u00c7\u00c3O E DEGUSTA\u00c7\u00c3O DE CAF\u00c9<\/strong><\/p>\n<p style=\"font-weight: 400; text-align: justify;\">Data: 02\/09 a 06\/09\/2019<\/p>\n<p style=\"font-weight: 400; text-align: justify;\">Contato: Sindicato dos Produtores Rurais de Lavras \u2013 Tel.: (35) 99917-2482<\/p>\n<p style=\"font-weight: 400; text-align: justify;\">\n<p style=\"font-weight: 400; text-align: justify;\"><strong>CURSO DE TORRA DE CAF\u00c9<\/strong><\/p>\n<p style=\"font-weight: 400; text-align: justify;\">Data: 02\/09 a 04\/09\/2019; 014\/09 a 06\/09\/2019<\/p>\n<p style=\"font-weight: 400; text-align: justify;\">Contato: Sindicato dos Produtores Rurais de Monte Si\u00e3o \u2013 Tel.: (35) 3465-1075<\/p>\n<p style=\"font-weight: 400; text-align: justify;\">Contato: Sindicato dos Produtores Rurais de Santana da Vargem \u2013 Tel.: (35) 3858-1208<\/p>\n<p style=\"font-weight: 400; text-align: justify;\">\n<p style=\"font-weight: 400; text-align: justify;\"><strong>CURSO DE TORRA DE CAF\u00c9 \/ OFICINA<\/strong><\/p>\n<p style=\"font-weight: 400; text-align: justify;\">Data: 07\/09\/2019<\/p>\n<p style=\"font-weight: 400; text-align: justify;\">Contato: Sindicato dos Produtores Rurais de Santa Rita do Sapuca\u00ed \u2013 Tel.: (35) 3471-1109<\/p>\n<p style=\"font-weight: 400; text-align: justify;\">\n<p style=\"font-weight: 400; text-align: justify;\"><strong>CURSO DE SOLDA \u2013 ARCO EL\u00c9TRICO \/ COM ELETRODO REVESTIDO<\/strong><\/p>\n<p style=\"font-weight: 400; text-align: justify;\">Data: 02\/09 a 04\/09\/2019<\/p>\n<p style=\"font-weight: 400; text-align: justify;\">Contato: Sindicato dos Produtores Rurais de El\u00f3i Mendes \u2013 Tel.: (35) 3264-1344<\/p>\n<p style=\"font-weight: 400; text-align: justify;\">Contato: Sindicato dos Produtores Rurais de Tr\u00eas Pontas \u2013 Tel.: (35) 3265-1664<\/p>\n<p style=\"font-weight: 400; text-align: justify;\">\n<p style=\"font-weight: 400; text-align: justify;\"><strong>CURSO DE DRONE \u2013 ASA ROTATIVA \/ OPERA\u00c7\u00d5ES B\u00c1SICAS<\/strong><\/p>\n<p style=\"font-weight: 400; text-align: justify;\">Data: 05\/09 a 07\/09\/2019<\/p>\n<p style=\"font-weight: 400; text-align: justify;\">Contato: Sindicato dos Produtores Rurais de Campo Belo \u2013 Tel.: (35) 3605-3932<\/p>\n<p style=\"font-weight: 400; text-align: justify;\">\n<p style=\"font-weight: 400; text-align: justify;\"><strong>CURSO DE TRATOR \/ MANUTEN\u00c7\u00c3O<\/strong><\/p>\n<p style=\"font-weight: 400; text-align: justify;\">Data: 02\/09 a 06\/09\/2019<\/p>\n<p style=\"font-weight: 400; text-align: justify;\">Contato: Sindicato dos Produtores Rurais de Tr\u00eas Pontas \u2013 Tel.: (35) 3265-1664<\/p>\n<p style=\"font-weight: 400; text-align: justify;\">\n<p style=\"font-weight: 400; text-align: justify;\"><strong>CURSO DE EQUITA\u00c7\u00c3O<\/strong><\/p>\n<p style=\"font-weight: 400; text-align: justify;\">Data: 04\/09 a 07\/09\/2019<\/p>\n<p style=\"font-weight: 400; text-align: justify;\">Contato: Sindicato dos Produtores Rurais de Passa Tempo \u2013 Tel.: (37) 3335-1061<\/p>\n<p style=\"font-weight: 400; text-align: justify;\">\n<p style=\"font-weight: 400; text-align: justify;\"><strong>CURSO DE DEFENSIVO AGR\u00cdCOLA \/ MANUAL<\/strong><\/p>\n<p style=\"font-weight: 400; text-align: justify;\">Data: 02\/09 a 04\/09\/2019<\/p>\n<p style=\"font-weight: 400; text-align: justify;\">Contato: Sindicato dos Produtores Rurais de Heliodora \u2013 Tel.: (35) 99865-9215<\/p>\n<p style=\"font-weight: 400; text-align: justify;\">\n<p style=\"font-weight: 400; text-align: justify;\"><strong>CURSO DE DEFENSIVO AGR\u00cdCOLA \/ MANUAL E TRATORIZADO<\/strong><\/p>\n<p style=\"font-weight: 400; text-align: justify;\">Data: 02\/09 a 05\/09\/2019<\/p>\n<p style=\"font-weight: 400; text-align: justify;\">Contato: Sancoffee \/ Santo Ant\u00f4nio do Amparo \u2013 Tel.: (35) 3863-1412<\/p>\n<p style=\"font-weight: 400; text-align: justify;\">\n<p style=\"font-weight: 400; text-align: justify;\"><strong>CURSO DE RO\u00c7ADEIRA<\/strong><\/p>\n<p style=\"font-weight: 400; text-align: justify;\">Data: 04\/09 a 05\/09\/2019<\/p>\n<p style=\"font-weight: 400; text-align: justify;\">Contato: Sindicato dos Produtores Rurais de Carmo da Cachoeira \u2013 Tel.: (35) 98861-2126<\/p>\n<p style=\"font-weight: 400; text-align: justify;\">\n<p style=\"font-weight: 400; text-align: justify;\">\n<p style=\"font-weight: 400; text-align: justify;\"><strong><em><u>PROMO\u00c7\u00c3O SOCIAL<\/u><\/em><\/strong><\/p>\n<p style=\"font-weight: 400; text-align: justify;\"><strong><em><u>\u00a0<\/u><\/em><\/strong><\/p>\n<p style=\"font-weight: 400; text-align: justify;\"><strong>\u00a0<\/strong><\/p>\n<p style=\"font-weight: 400; text-align: justify;\"><strong>CUIDADOS B\u00c1SICOS COM O IDOSO<\/strong><\/p>\n<p style=\"font-weight: 400; text-align: justify;\">Data: 02\/09 a 06\/09\/2019<\/p>\n<p style=\"font-weight: 400; text-align: justify;\">Contato: Sindicato dos Produtores Rurais de Jacutinga \u2013 Tel.: (35) 3443-1223<\/p>\n<p style=\"font-weight: 400; text-align: justify;\">\n<p style=\"font-weight: 400; text-align: justify;\"><strong>PREVEN\u00c7\u00c3O DE ACIDENTES<\/strong><\/p>\n<p style=\"font-weight: 400; text-align: justify;\">Data: 03\/09 a 06\/09\/2019<\/p>\n<p style=\"font-weight: 400; text-align: justify;\">Contato: Sindicato dos Produtores Rurais de Itanhandu \u2013 Tel.: (35) 3361-2322<\/p>\n<p style=\"font-weight: 400; text-align: justify;\">\n<p style=\"font-weight: 400; text-align: justify;\"><strong>PRODU\u00c7\u00c3O ARTESANAL DE SALGADOS E DOCES DE FESTA<\/strong><\/p>\n<p style=\"font-weight: 400; text-align: justify;\">Data: 02\/09 a 04\/09\/2019; 05\/09 a 07\/09\/2019<\/p>\n<p style=\"font-weight: 400; text-align: justify;\">Contato: Sindicato dos Produtores Rurais de Concei\u00e7\u00e3o do Rio Verde \u2013 Tel.: (35) 3335-1066<\/p>\n<p style=\"font-weight: 400; text-align: justify;\">Contato: Sindicato dos Produtores Rurais de Santana da Vargem \u2013 Tel.: (35) 3858-1208<\/p>\n<p style=\"font-weight: 400; text-align: justify;\">\n<p style=\"font-weight: 400; text-align: justify;\"><strong>PROJETO CONVIVER<\/strong><\/p>\n<p style=\"font-weight: 400; text-align: justify;\">Data: 02\/09\/2019; 03\/09 a 04\/09\/2019 (03 turmas); 05\/05\/52019; 06\/06\/2019<\/p>\n<p style=\"font-weight: 400; text-align: justify;\">Contato: Sindicato dos Produtores Rurais de Concei\u00e7\u00e3o do Rio Verde \u2013 Tel.: (35) 3335-1066<\/p>\n","protected":false},"excerpt":{"rendered":"<p>&nbsp; &nbsp; AGENDA \u2013 02\/09 a 08\/09\/2019 Programa\u00e7\u00e3o de Treinamentos do Escrit\u00f3rio Senar\/MG &#8211; Regional Lavras FORMA\u00c7\u00c3O PROFISSIONAL RURAL CURSO DE CRIADOR DE PEIXES \/ BENEFICIAMENTO DE PEIXES Data: 02\/09 a 04\/09\/2019 Contato: Sindicato dos Produtores Rurais de Candeias \u2013 Tel.: (35) 3833-1479 CURSO DE INSEMINADOR Data: 02\/09 a 06\/09\/2019; 03\/09 a 07\/09\/2019 Contato: Sindicato [&hellip;]<\/p>\n","protected":false},"author":7,"featured_media":247795,"comment_status":"closed","ping_status":"closed","sticky":false,"template":"","format":"standard","meta":{"advanced_seo_description":"","jetpack_seo_html_title":"","jetpack_seo_noindex":false,"_jetpack_memberships_contains_paid_content":false,"footnotes":""},"categories":[14,4],"tags":[467,466],"class_list":["post-248012","post","type-post","status-publish","format-standard","has-post-thumbnail","hentry","category-destaques-2","category-lavras","tag-automatico","tag-rascunho"],"jetpack_featured_media_url":"https:\/\/i0.wp.com\/www.lavras24horas.com.br\/portal\/wp-content\/uploads\/2019\/08\/senar2.jpg?fit=500%2C333&ssl=1","jetpack_sharing_enabled":true,"jetpack_likes_enabled":true,"jetpack_shortlink":"https:\/\/wp.me\/p12djN-12wc","_links":{"self":[{"href":"https:\/\/www.lavras24horas.com.br\/portal\/wp-json\/wp\/v2\/posts\/248012","targetHints":{"allow":["GET"]}}],"collection":[{"href":"https:\/\/www.lavras24horas.com.br\/portal\/wp-json\/wp\/v2\/posts"}],"about":[{"href":"https:\/\/www.lavras24horas.com.br\/portal\/wp-json\/wp\/v2\/types\/post"}],"author":[{"embeddable":true,"href":"https:\/\/www.lavras24horas.com.br\/portal\/wp-json\/wp\/v2\/users\/7"}],"replies":[{"embeddable":true,"href":"https:\/\/www.lavras24horas.com.br\/portal\/wp-json\/wp\/v2\/comments?post=248012"}],"version-history":[{"count":1,"href":"https:\/\/www.lavras24horas.com.br\/portal\/wp-json\/wp\/v2\/posts\/248012\/revisions"}],"predecessor-version":[{"id":248013,"href":"https:\/\/www.lavras24horas.com.br\/portal\/wp-json\/wp\/v2\/posts\/248012\/revisions\/248013"}],"wp:featuredmedia":[{"embeddable":true,"href":"https:\/\/www.lavras24horas.com.br\/portal\/wp-json\/wp\/v2\/media\/247795"}],"wp:attachment":[{"href":"https:\/\/www.lavras24horas.com.br\/portal\/wp-json\/wp\/v2\/media?parent=248012"}],"wp:term":[{"taxonomy":"category","embeddable":true,"href":"https:\/\/www.lavras24horas.com.br\/portal\/wp-json\/wp\/v2\/categories?post=248012"},{"taxonomy":"post_tag","embeddable":true,"href":"https:\/\/www.lavras24horas.com.br\/portal\/wp-json\/wp\/v2\/tags?post=248012"}],"curies":[{"name":"wp","href":"https:\/\/api.w.org\/{rel}","templated":true}]}}