{"id":248008,"date":"2019-08-28T08:19:25","date_gmt":"2019-08-28T11:19:25","guid":{"rendered":"https:\/\/www.lavras24horas.com.br\/portal\/?p=248008"},"modified":"2019-08-28T08:19:25","modified_gmt":"2019-08-28T11:19:25","slug":"quarta-feira-28-08-2019","status":"publish","type":"post","link":"https:\/\/www.lavras24horas.com.br\/portal\/quarta-feira-28-08-2019\/","title":{"rendered":"Quarta-Feira (28\/08\/2019)"},"content":{"rendered":"<p><strong><em>Nome: TARCISO AFR\u00c2NIO DE ASSIS\u00a0 \u00a0 \u00a0 \u00a0 \u00a0 \u00a0 \u00a0 \u00a0 \u00a0 \u00a0 \u00a0 \u00a0<\/em><\/strong><\/p>\n<p><em>Velado no Vel\u00f3rio Sagrada Fam\u00edlia<\/em><\/p>\n<p><em>Sepultamento dia 28\/08\/2019 \u00e0s 16h<\/em><\/p>\n<p><em>Cemit\u00e9rio Paroquial Saudade\u00a0<\/em><\/p>\n<p><em>Fonte: Administra\u00e7\u00e3o dos Cemit\u00e9rios<\/em><\/p>\n","protected":false},"excerpt":{"rendered":"<p>Nome: TARCISO AFR\u00c2NIO DE ASSIS\u00a0 \u00a0 \u00a0 \u00a0 \u00a0 \u00a0 \u00a0 \u00a0 \u00a0 \u00a0 \u00a0 \u00a0 Velado no Vel\u00f3rio Sagrada Fam\u00edlia Sepultamento dia 28\/08\/2019 \u00e0s 16h Cemit\u00e9rio Paroquial Saudade\u00a0 Fonte: Administra\u00e7\u00e3o dos Cemit\u00e9rios<\/p>\n","protected":false},"author":7,"featured_media":0,"comment_status":"closed","ping_status":"closed","sticky":false,"template":"","format":"standard","meta":{"advanced_seo_description":"","jetpack_seo_html_title":"","jetpack_seo_noindex":false,"_jetpack_memberships_contains_paid_content":false,"footnotes":""},"categories":[1495],"tags":[467,466],"class_list":["post-248008","post","type-post","status-publish","format-standard","hentry","category-obituario-2","tag-automatico","tag-rascunho"],"jetpack_featured_media_url":"","jetpack_sharing_enabled":true,"jetpack_likes_enabled":true,"jetpack_shortlink":"https:\/\/wp.me\/p12djN-12w8","_links":{"self":[{"href":"https:\/\/www.lavras24horas.com.br\/portal\/wp-json\/wp\/v2\/posts\/248008","targetHints":{"allow":["GET"]}}],"collection":[{"href":"https:\/\/www.lavras24horas.com.br\/portal\/wp-json\/wp\/v2\/posts"}],"about":[{"href":"https:\/\/www.lavras24horas.com.br\/portal\/wp-json\/wp\/v2\/types\/post"}],"author":[{"embeddable":true,"href":"https:\/\/www.lavras24horas.com.br\/portal\/wp-json\/wp\/v2\/users\/7"}],"replies":[{"embeddable":true,"href":"https:\/\/www.lavras24horas.com.br\/portal\/wp-json\/wp\/v2\/comments?post=248008"}],"version-history":[{"count":1,"href":"https:\/\/www.lavras24horas.com.br\/portal\/wp-json\/wp\/v2\/posts\/248008\/revisions"}],"predecessor-version":[{"id":248009,"href":"https:\/\/www.lavras24horas.com.br\/portal\/wp-json\/wp\/v2\/posts\/248008\/revisions\/248009"}],"wp:attachment":[{"href":"https:\/\/www.lavras24horas.com.br\/portal\/wp-json\/wp\/v2\/media?parent=248008"}],"wp:term":[{"taxonomy":"category","embeddable":true,"href":"https:\/\/www.lavras24horas.com.br\/portal\/wp-json\/wp\/v2\/categories?post=248008"},{"taxonomy":"post_tag","embeddable":true,"href":"https:\/\/www.lavras24horas.com.br\/portal\/wp-json\/wp\/v2\/tags?post=248008"}],"curies":[{"name":"wp","href":"https:\/\/api.w.org\/{rel}","templated":true}]}}