{"id":247996,"date":"2019-08-28T07:00:01","date_gmt":"2019-08-28T10:00:01","guid":{"rendered":"https:\/\/www.lavras24horas.com.br\/portal\/?p=247996"},"modified":"2019-08-27T15:43:36","modified_gmt":"2019-08-27T18:43:36","slug":"festival-fartura-em-tiradentes-reunira-grandes-nomes-da-gastronomia","status":"publish","type":"post","link":"https:\/\/www.lavras24horas.com.br\/portal\/festival-fartura-em-tiradentes-reunira-grandes-nomes-da-gastronomia\/","title":{"rendered":"Festival Fartura em Tiradentes reunir\u00e1 grandes nomes da gastronomia"},"content":{"rendered":"<p>&nbsp;<\/p>\n<p style=\"text-align: justify;\">Depois do sucesso de estreia da Electrolux nas edi\u00e7\u00f5es do Fartura em Bras\u00edlia e em S\u00e3o Paulo, restam mais tr\u00eas dias para o p\u00fablico curtir o Fartura Comidas do Brasil em Tiradentes (MG), festival gastron\u00f4mico que promove o encontro de importantes chefs e restaurantes. No pr\u00f3ximo final de semana, de 30 de agosto a 1\u00ba de setembro, os mineiros ainda experimentar\u00e3o mais de 60 atra\u00e7\u00f5es gastron\u00f4micas e cerca de 15 apresenta\u00e7\u00f5es culturais de todas as regi\u00f5es do pa\u00eds, no evento que ser\u00e1 realizado no Largo das Forras, na cidade mineira.<\/p>\n<p style=\"text-align: justify;\">Patrocinadora m\u00e1ster do Festival Fartura, em Tiradentes a celebra\u00e7\u00e3o da Electrolux ser\u00e1 mais que especial. Neste \u00faltimo final de semana do evento, a marca vai comemorar seus 100 anos de hist\u00f3ria e trazer um bate-papo exclusivo sobre o presente e o futuro da Gastronomia Sustent\u00e1vel e Food Waste com especialistas do tema, al\u00e9m dos grandes nomes da gastronomia como as chefs Renata Braune, Gilmara Ribeiro, Fred Trindade e Luiz Filipe Jacob, que v\u00e3o oferecer aulas interativas e prestigiar de perto as atra\u00e7\u00f5es.<\/p>\n<p style=\"text-align: justify;\">Para Andreza Santana, Gerente de Marketing para Major Appliances da Electrolux, essa \u00e9 uma \u00f3tima oportunidade para celebrar a gastronomia do nosso pa\u00eds. &#8220;Nada mais gostoso que integrar os principais protagonistas da boa comida \u2013 produtores, profissionais da gastronomia e empresas engajadas \u2013, al\u00e9m dos apreciadores para desenvolver a gastronomia nacional e promover a economia circular. N\u00f3s da Electrolux estamos contentes em participar de mais uma edi\u00e7\u00e3o do Festival Fartura &#8211; Comidas do Brasil, e oferecer experi\u00eancias em um ambiente acolhedor e familiar.&#8221;, afirma.<\/p>\n<p style=\"text-align: justify;\">J\u00e1 para Adriana Gimenes, Gerente de Marketing para Small Appliances da Companhia, eventos como o Fartura permitem a p\u00fablico viver uma experi\u00eancia Electrolux e ainda apreciar a culin\u00e1ria da cidade. &#8220;Esses momentos colocam a marca perto dos nossos consumidores e de um dos nossos pilares, o Taste, que oferece produtos e servi\u00e7os que possibilitam reinventar experi\u00eancias de sabor.&#8221;, explica Adriana.<\/p>\n<p><strong>Primeira semana do Fartura mineiro<\/strong><\/p>\n<p style=\"text-align: justify;\">Nos primeiros tr\u00eas dias de evento, de 23 a 25\/08, milhares de pessoas passaram pelo Largo das Forras, em Tiradentes \u2013 e puderam se deliciar com as aulas interativas de gastronomia no estande da Electrolux. Estiveram l\u00e1 os chefs Isabela Grossi, Anna Ramalho, Gustavo Baccarini, Rafael Pires, Ricardo Martins, Rosane Radecki, Rubens Beltr\u00e3o, Jamal Cotait e Luiz Filipe Jacob, ex-participante do reality show de gastronomia da Rede Bandeirantes.<\/p>\n","protected":false},"excerpt":{"rendered":"<p>&nbsp; Depois do sucesso de estreia da Electrolux nas edi\u00e7\u00f5es do Fartura em Bras\u00edlia e em S\u00e3o Paulo, restam mais tr\u00eas dias para o p\u00fablico curtir o Fartura Comidas do Brasil em Tiradentes (MG), festival gastron\u00f4mico que promove o encontro de importantes chefs e restaurantes. No pr\u00f3ximo final de semana, de 30 de agosto a [&hellip;]<\/p>\n","protected":false},"author":7,"featured_media":247997,"comment_status":"closed","ping_status":"closed","sticky":false,"template":"","format":"standard","meta":{"advanced_seo_description":"","jetpack_seo_html_title":"","jetpack_seo_noindex":false,"_jetpack_memberships_contains_paid_content":false,"footnotes":""},"categories":[14,79],"tags":[467,466],"class_list":["post-247996","post","type-post","status-publish","format-standard","has-post-thumbnail","hentry","category-destaques-2","category-regiao","tag-automatico","tag-rascunho"],"jetpack_featured_media_url":"https:\/\/i0.wp.com\/www.lavras24horas.com.br\/portal\/wp-content\/uploads\/2019\/08\/22-Festival-Cultura-e-Gastronomia-Tiradentes.jpg?fit=500%2C353&ssl=1","jetpack_sharing_enabled":true,"jetpack_likes_enabled":true,"jetpack_shortlink":"https:\/\/wp.me\/p12djN-12vW","_links":{"self":[{"href":"https:\/\/www.lavras24horas.com.br\/portal\/wp-json\/wp\/v2\/posts\/247996","targetHints":{"allow":["GET"]}}],"collection":[{"href":"https:\/\/www.lavras24horas.com.br\/portal\/wp-json\/wp\/v2\/posts"}],"about":[{"href":"https:\/\/www.lavras24horas.com.br\/portal\/wp-json\/wp\/v2\/types\/post"}],"author":[{"embeddable":true,"href":"https:\/\/www.lavras24horas.com.br\/portal\/wp-json\/wp\/v2\/users\/7"}],"replies":[{"embeddable":true,"href":"https:\/\/www.lavras24horas.com.br\/portal\/wp-json\/wp\/v2\/comments?post=247996"}],"version-history":[{"count":2,"href":"https:\/\/www.lavras24horas.com.br\/portal\/wp-json\/wp\/v2\/posts\/247996\/revisions"}],"predecessor-version":[{"id":247999,"href":"https:\/\/www.lavras24horas.com.br\/portal\/wp-json\/wp\/v2\/posts\/247996\/revisions\/247999"}],"wp:featuredmedia":[{"embeddable":true,"href":"https:\/\/www.lavras24horas.com.br\/portal\/wp-json\/wp\/v2\/media\/247997"}],"wp:attachment":[{"href":"https:\/\/www.lavras24horas.com.br\/portal\/wp-json\/wp\/v2\/media?parent=247996"}],"wp:term":[{"taxonomy":"category","embeddable":true,"href":"https:\/\/www.lavras24horas.com.br\/portal\/wp-json\/wp\/v2\/categories?post=247996"},{"taxonomy":"post_tag","embeddable":true,"href":"https:\/\/www.lavras24horas.com.br\/portal\/wp-json\/wp\/v2\/tags?post=247996"}],"curies":[{"name":"wp","href":"https:\/\/api.w.org\/{rel}","templated":true}]}}