{"id":247993,"date":"2019-08-28T07:00:04","date_gmt":"2019-08-28T10:00:04","guid":{"rendered":"https:\/\/www.lavras24horas.com.br\/portal\/?p=247993"},"modified":"2019-08-27T15:38:26","modified_gmt":"2019-08-27T18:38:26","slug":"sociedade-sao-vicente-de-paulo-promovera-encontro-no-proximo-domingo-1o","status":"publish","type":"post","link":"https:\/\/www.lavras24horas.com.br\/portal\/sociedade-sao-vicente-de-paulo-promovera-encontro-no-proximo-domingo-1o\/","title":{"rendered":"Sociedade S\u00e3o Vicente de Paulo promover\u00e1 encontro no pr\u00f3ximo domingo (1\u00ba)"},"content":{"rendered":"<p>&nbsp;<\/p>\n<p style=\"text-align: justify;\">A Sociedade S\u00e3o Vicente de Lavras promover\u00e1 no pr\u00f3ximo domingo (1\u00ba) em Lavras.\u00a0O \u201c3\u00ba Terceiro Viver Vicentino\u201d acontecer\u00e1 no Gin\u00e1sio do Lavras T\u00eanis Clube entre 7h e 14. O evento contar\u00e1 com a presen\u00e7a do bispo de S\u00e3o Jo\u00e3o bel Rei, dom Jos\u00e9 Eudes Campos do Nascimento, entre outras atra\u00e7\u00f5es.<\/p>\n","protected":false},"excerpt":{"rendered":"<p>&nbsp; A Sociedade S\u00e3o Vicente de Lavras promover\u00e1 no pr\u00f3ximo domingo (1\u00ba) em Lavras.\u00a0O \u201c3\u00ba Terceiro Viver Vicentino\u201d acontecer\u00e1 no Gin\u00e1sio do Lavras T\u00eanis Clube entre 7h e 14. O evento contar\u00e1 com a presen\u00e7a do bispo de S\u00e3o Jo\u00e3o bel Rei, dom Jos\u00e9 Eudes Campos do Nascimento, entre outras atra\u00e7\u00f5es.<\/p>\n","protected":false},"author":7,"featured_media":247994,"comment_status":"closed","ping_status":"closed","sticky":false,"template":"","format":"standard","meta":{"advanced_seo_description":"","jetpack_seo_html_title":"","jetpack_seo_noindex":false,"_jetpack_memberships_contains_paid_content":false,"footnotes":""},"categories":[13077,4],"tags":[467,466],"class_list":["post-247993","post","type-post","status-publish","format-standard","has-post-thumbnail","hentry","category-laterais-2","category-lavras","tag-automatico","tag-rascunho"],"jetpack_featured_media_url":"https:\/\/i0.wp.com\/www.lavras24horas.com.br\/portal\/wp-content\/uploads\/2019\/08\/33kvjt2.jpg?fit=500%2C383&ssl=1","jetpack_sharing_enabled":true,"jetpack_likes_enabled":true,"jetpack_shortlink":"https:\/\/wp.me\/p12djN-12vT","_links":{"self":[{"href":"https:\/\/www.lavras24horas.com.br\/portal\/wp-json\/wp\/v2\/posts\/247993","targetHints":{"allow":["GET"]}}],"collection":[{"href":"https:\/\/www.lavras24horas.com.br\/portal\/wp-json\/wp\/v2\/posts"}],"about":[{"href":"https:\/\/www.lavras24horas.com.br\/portal\/wp-json\/wp\/v2\/types\/post"}],"author":[{"embeddable":true,"href":"https:\/\/www.lavras24horas.com.br\/portal\/wp-json\/wp\/v2\/users\/7"}],"replies":[{"embeddable":true,"href":"https:\/\/www.lavras24horas.com.br\/portal\/wp-json\/wp\/v2\/comments?post=247993"}],"version-history":[{"count":1,"href":"https:\/\/www.lavras24horas.com.br\/portal\/wp-json\/wp\/v2\/posts\/247993\/revisions"}],"predecessor-version":[{"id":247995,"href":"https:\/\/www.lavras24horas.com.br\/portal\/wp-json\/wp\/v2\/posts\/247993\/revisions\/247995"}],"wp:featuredmedia":[{"embeddable":true,"href":"https:\/\/www.lavras24horas.com.br\/portal\/wp-json\/wp\/v2\/media\/247994"}],"wp:attachment":[{"href":"https:\/\/www.lavras24horas.com.br\/portal\/wp-json\/wp\/v2\/media?parent=247993"}],"wp:term":[{"taxonomy":"category","embeddable":true,"href":"https:\/\/www.lavras24horas.com.br\/portal\/wp-json\/wp\/v2\/categories?post=247993"},{"taxonomy":"post_tag","embeddable":true,"href":"https:\/\/www.lavras24horas.com.br\/portal\/wp-json\/wp\/v2\/tags?post=247993"}],"curies":[{"name":"wp","href":"https:\/\/api.w.org\/{rel}","templated":true}]}}