{"id":247990,"date":"2019-08-27T15:30:04","date_gmt":"2019-08-27T18:30:04","guid":{"rendered":"https:\/\/www.lavras24horas.com.br\/portal\/?p=247990"},"modified":"2019-08-27T15:30:04","modified_gmt":"2019-08-27T18:30:04","slug":"missa-devocional-a-sao-judas-tadeu-sera-realizada-nesta-quarta-feira-28","status":"publish","type":"post","link":"https:\/\/www.lavras24horas.com.br\/portal\/missa-devocional-a-sao-judas-tadeu-sera-realizada-nesta-quarta-feira-28\/","title":{"rendered":"Missa Devocional a S\u00e3o Judas Tadeu ser\u00e1 realizada nesta quarta-feira (28) \u00a0"},"content":{"rendered":"<p>&nbsp;<\/p>\n<p>&nbsp;<\/p>\n<p style=\"text-align: justify;\">A Comunidade de S\u00e3o Judas Tadeu, no bairro Novo Horizonte, promove uma Missa Devocional ao seu padroeiro nesta quarta-feira, dia 27. \u00a0Ela ser\u00e1 realizada as 19h30. Haver\u00e1 sorteio de pr\u00eamios.<\/p>\n","protected":false},"excerpt":{"rendered":"<p>&nbsp; &nbsp; A Comunidade de S\u00e3o Judas Tadeu, no bairro Novo Horizonte, promove uma Missa Devocional ao seu padroeiro nesta quarta-feira, dia 27. \u00a0Ela ser\u00e1 realizada as 19h30. Haver\u00e1 sorteio de pr\u00eamios.<\/p>\n","protected":false},"author":7,"featured_media":247991,"comment_status":"closed","ping_status":"closed","sticky":false,"template":"","format":"standard","meta":{"advanced_seo_description":"","jetpack_seo_html_title":"","jetpack_seo_noindex":false,"_jetpack_memberships_contains_paid_content":false,"footnotes":""},"categories":[13077,4],"tags":[467,466],"class_list":["post-247990","post","type-post","status-publish","format-standard","has-post-thumbnail","hentry","category-laterais-2","category-lavras","tag-automatico","tag-rascunho"],"jetpack_featured_media_url":"https:\/\/i0.wp.com\/www.lavras24horas.com.br\/portal\/wp-content\/uploads\/2019\/08\/44330701_1526360144132241_663558123516067840_n.jpg?fit=640%2C429&ssl=1","jetpack_sharing_enabled":true,"jetpack_likes_enabled":true,"jetpack_shortlink":"https:\/\/wp.me\/p12djN-12vQ","_links":{"self":[{"href":"https:\/\/www.lavras24horas.com.br\/portal\/wp-json\/wp\/v2\/posts\/247990","targetHints":{"allow":["GET"]}}],"collection":[{"href":"https:\/\/www.lavras24horas.com.br\/portal\/wp-json\/wp\/v2\/posts"}],"about":[{"href":"https:\/\/www.lavras24horas.com.br\/portal\/wp-json\/wp\/v2\/types\/post"}],"author":[{"embeddable":true,"href":"https:\/\/www.lavras24horas.com.br\/portal\/wp-json\/wp\/v2\/users\/7"}],"replies":[{"embeddable":true,"href":"https:\/\/www.lavras24horas.com.br\/portal\/wp-json\/wp\/v2\/comments?post=247990"}],"version-history":[{"count":1,"href":"https:\/\/www.lavras24horas.com.br\/portal\/wp-json\/wp\/v2\/posts\/247990\/revisions"}],"predecessor-version":[{"id":247992,"href":"https:\/\/www.lavras24horas.com.br\/portal\/wp-json\/wp\/v2\/posts\/247990\/revisions\/247992"}],"wp:featuredmedia":[{"embeddable":true,"href":"https:\/\/www.lavras24horas.com.br\/portal\/wp-json\/wp\/v2\/media\/247991"}],"wp:attachment":[{"href":"https:\/\/www.lavras24horas.com.br\/portal\/wp-json\/wp\/v2\/media?parent=247990"}],"wp:term":[{"taxonomy":"category","embeddable":true,"href":"https:\/\/www.lavras24horas.com.br\/portal\/wp-json\/wp\/v2\/categories?post=247990"},{"taxonomy":"post_tag","embeddable":true,"href":"https:\/\/www.lavras24horas.com.br\/portal\/wp-json\/wp\/v2\/tags?post=247990"}],"curies":[{"name":"wp","href":"https:\/\/api.w.org\/{rel}","templated":true}]}}