{"id":247987,"date":"2019-08-27T15:19:00","date_gmt":"2019-08-27T18:19:00","guid":{"rendered":"https:\/\/www.lavras24horas.com.br\/portal\/?p=247987"},"modified":"2019-08-27T15:19:00","modified_gmt":"2019-08-27T18:19:00","slug":"varginha-realiza-3a-oficina-de-pais-e-filhos","status":"publish","type":"post","link":"https:\/\/www.lavras24horas.com.br\/portal\/varginha-realiza-3a-oficina-de-pais-e-filhos\/","title":{"rendered":"Varginha realiza 3\u00aa Oficina de Pais e Filhos"},"content":{"rendered":"<p>&nbsp;<\/p>\n<p>&nbsp;<\/p>\n<p style=\"text-align: justify;\">A Comarca de Varginha, por meio do Centro Judici\u00e1rio de Solu\u00e7\u00e3o de Conflitos e Cidadania (Cejusc), realiza, no pr\u00f3ximo dia 6 de setembro, das 13h \u00e0s 17h, a 3\u00aa Oficina de Pais e Filhos.\u00a0 A iniciativa tem como objetivo auxiliar fam\u00edlias em processo de dissolu\u00e7\u00e3o de uni\u00e3o est\u00e1vel ou\u00a0div\u00f3rcio\u00a0a detectar e resolver conflitos decorrentes desse momento delicado.<\/p>\n<p style=\"text-align: justify;\">A atividade \u00e9 gratuita e acontecer\u00e1 na Faculdade de Direito de Varginha (Fadiva) \u2014 Rua Jos\u00e9 Gon\u00e7alves Pereira,112, Vila Pinto.<\/p>\n<p style=\"text-align: justify;\">Foram indicados cerca de 80 pais e 50 filhos, a partir de processos previamente selecionados pela parceria entre a Vara de Fam\u00edlia e Sucess\u00f5es e o Cejusc.<\/p>\n<p style=\"text-align: justify;\">Os interessados em participar podem se inscrever no Cejusc no f\u00f3rum \u2014 Rua Col\u00f4mbia, 100, 2\u00ba andar, telefone 3690-9900, ramal 219\u2014 ou pelo\u00a0<em>e-mail<\/em>\u00a0<a href=\"mailto:cejusc.vga@tjmg.jus.br\">cejusc.vga@tjmg.jus.br<\/a>.<\/p>\n<p style=\"text-align: justify;\">A Oficina de Pais e Filhos \u00e9 gratuita. Faz parte de um programa recomendado pelo Conselho Nacional de Justi\u00e7a (CNJ) a fim\u00a0de ajudar os pais\u00a0a proteger os filhos dos efeitos danosos de uma separa\u00e7\u00e3o.<\/p>\n<p style=\"text-align: justify;\">Os encontros v\u00e3o abordar ainda temas como alimentos, partilha, guarda e aliena\u00e7\u00e3o parental, quest\u00f5es que, muitas vezes, tornam-se dif\u00edceis de resolver. O objetivo das atividades \u00e9 ajudar os pais a rever\u00a0sua postura em rela\u00e7\u00e3o aos filhos durante o per\u00edodo de separa\u00e7\u00e3o do casal, evitando-se, dessa forma, sofrimento e traumas para crian\u00e7as e adolescentes.<\/p>\n<p style=\"text-align: justify;\"><strong>Reflex\u00e3o<\/strong><\/p>\n<p style=\"text-align: justify;\">A primeira edi\u00e7\u00e3o da Oficina de Pais e Filhos, realizada em outubro de 2018, contemplou 19 pais e 14 filhos, sendo 11 crian\u00e7as e 3 adolescentes. A experi\u00eancia permitiu aos participantes repensar suas atitudes e refletir sobre a import\u00e2ncia de desenvolver\u00a0o afeto em suas rela\u00e7\u00f5es.<\/p>\n<p style=\"text-align: justify;\">O Cejusc da Comarca de Varginha \u00e9 coordenado pela ju\u00edza Adriana Fonseca Barbosa Mendes. Al\u00e9m de Varginha, v\u00e1rias outras comarcas do estado t\u00eam realizado as oficinas, com resultados positivos para os envolvidos.<\/p>\n<p style=\"text-align: justify;\">\n<p style=\"text-align: justify;\"><strong>Assessoria de Comunica\u00e7\u00e3o Institucional \u2013 Ascom<\/strong><\/p>\n","protected":false},"excerpt":{"rendered":"<p>&nbsp; &nbsp; A Comarca de Varginha, por meio do Centro Judici\u00e1rio de Solu\u00e7\u00e3o de Conflitos e Cidadania (Cejusc), realiza, no pr\u00f3ximo dia 6 de setembro, das 13h \u00e0s 17h, a 3\u00aa Oficina de Pais e Filhos.\u00a0 A iniciativa tem como objetivo auxiliar fam\u00edlias em processo de dissolu\u00e7\u00e3o de uni\u00e3o est\u00e1vel ou\u00a0div\u00f3rcio\u00a0a detectar e resolver conflitos [&hellip;]<\/p>\n","protected":false},"author":7,"featured_media":247988,"comment_status":"closed","ping_status":"closed","sticky":false,"template":"","format":"standard","meta":{"advanced_seo_description":"","jetpack_seo_html_title":"","jetpack_seo_noindex":false,"_jetpack_memberships_contains_paid_content":false,"footnotes":""},"categories":[13,79],"tags":[467,466],"class_list":["post-247987","post","type-post","status-publish","format-standard","has-post-thumbnail","hentry","category-laterais-1","category-regiao","tag-automatico","tag-rascunho"],"jetpack_featured_media_url":"https:\/\/i0.wp.com\/www.lavras24horas.com.br\/portal\/wp-content\/uploads\/2019\/08\/noticia-mae-e-filho-26.08.19.jpg?fit=500%2C333&ssl=1","jetpack_sharing_enabled":true,"jetpack_likes_enabled":true,"jetpack_shortlink":"https:\/\/wp.me\/p12djN-12vN","_links":{"self":[{"href":"https:\/\/www.lavras24horas.com.br\/portal\/wp-json\/wp\/v2\/posts\/247987","targetHints":{"allow":["GET"]}}],"collection":[{"href":"https:\/\/www.lavras24horas.com.br\/portal\/wp-json\/wp\/v2\/posts"}],"about":[{"href":"https:\/\/www.lavras24horas.com.br\/portal\/wp-json\/wp\/v2\/types\/post"}],"author":[{"embeddable":true,"href":"https:\/\/www.lavras24horas.com.br\/portal\/wp-json\/wp\/v2\/users\/7"}],"replies":[{"embeddable":true,"href":"https:\/\/www.lavras24horas.com.br\/portal\/wp-json\/wp\/v2\/comments?post=247987"}],"version-history":[{"count":1,"href":"https:\/\/www.lavras24horas.com.br\/portal\/wp-json\/wp\/v2\/posts\/247987\/revisions"}],"predecessor-version":[{"id":247989,"href":"https:\/\/www.lavras24horas.com.br\/portal\/wp-json\/wp\/v2\/posts\/247987\/revisions\/247989"}],"wp:featuredmedia":[{"embeddable":true,"href":"https:\/\/www.lavras24horas.com.br\/portal\/wp-json\/wp\/v2\/media\/247988"}],"wp:attachment":[{"href":"https:\/\/www.lavras24horas.com.br\/portal\/wp-json\/wp\/v2\/media?parent=247987"}],"wp:term":[{"taxonomy":"category","embeddable":true,"href":"https:\/\/www.lavras24horas.com.br\/portal\/wp-json\/wp\/v2\/categories?post=247987"},{"taxonomy":"post_tag","embeddable":true,"href":"https:\/\/www.lavras24horas.com.br\/portal\/wp-json\/wp\/v2\/tags?post=247987"}],"curies":[{"name":"wp","href":"https:\/\/api.w.org\/{rel}","templated":true}]}}