{"id":247976,"date":"2019-08-27T11:47:08","date_gmt":"2019-08-27T14:47:08","guid":{"rendered":"https:\/\/www.lavras24horas.com.br\/portal\/?p=247976"},"modified":"2019-08-27T11:47:08","modified_gmt":"2019-08-27T14:47:08","slug":"prefeitura-apaga-pichacoes-de-vandalos-na-praca-dr-augusto-silva","status":"publish","type":"post","link":"https:\/\/www.lavras24horas.com.br\/portal\/prefeitura-apaga-pichacoes-de-vandalos-na-praca-dr-augusto-silva\/","title":{"rendered":"Prefeitura apaga picha\u00e7\u00f5es de v\u00e2ndalos na Pra\u00e7a Dr. Augusto Silva"},"content":{"rendered":"<p>&nbsp;<\/p>\n<p>&nbsp;<\/p>\n<p style=\"text-align: justify;\">A Prefeitura Municipal de Lavras realizou na manh\u00e3 desta ter\u00e7a-feira, dia 27, os trabalhos de reparo os momentos que foram alvo da a\u00e7\u00e3o de pichadores na Pra\u00e7a Dr. Augusto.<\/p>\n<p style=\"text-align: justify;\">Os bustos dedicados de Dr. Silvio Menicucci e Dr. Paulo Menicucci <span style=\"color: #ff0000;\"><a style=\"color: #ff0000;\" href=\"https:\/\/www.lavras24horas.com.br\/portal\/vandalos-voltam-a-pichar-monumentos-na-praca-dr-augusto-silva\/\">foram pichados no final de semana<\/a><\/span>. O busto dedicado Dr. Augusto Silva tamb\u00e9m havia sido pichado na primeira quinzena deste m\u00eas, sendo que prefeitura apagou o mesmo.<\/p>\n<p><img data-recalc-dims=\"1\" fetchpriority=\"high\" decoding=\"async\" data-attachment-id=\"247979\" data-permalink=\"https:\/\/www.lavras24horas.com.br\/portal\/prefeitura-apaga-pichacoes-de-vandalos-na-praca-dr-augusto-silva\/a7039fdc-a236-4682-b837-930ae6a6d053-copia\/\" data-orig-file=\"https:\/\/i0.wp.com\/www.lavras24horas.com.br\/portal\/wp-content\/uploads\/2019\/08\/a7039fdc-a236-4682-b837-930ae6a6d053-Copia.jpg?fit=500%2C666&amp;ssl=1\" data-orig-size=\"500,666\" data-comments-opened=\"0\" data-image-meta=\"{&quot;aperture&quot;:&quot;0&quot;,&quot;credit&quot;:&quot;&quot;,&quot;camera&quot;:&quot;&quot;,&quot;caption&quot;:&quot;&quot;,&quot;created_timestamp&quot;:&quot;0&quot;,&quot;copyright&quot;:&quot;&quot;,&quot;focal_length&quot;:&quot;0&quot;,&quot;iso&quot;:&quot;0&quot;,&quot;shutter_speed&quot;:&quot;0&quot;,&quot;title&quot;:&quot;&quot;,&quot;orientation&quot;:&quot;0&quot;}\" data-image-title=\"a7039fdc-a236-4682-b837-930ae6a6d053 &amp;#8211; C\u00f3pia\" data-image-description=\"\" data-image-caption=\"\" data-large-file=\"https:\/\/i0.wp.com\/www.lavras24horas.com.br\/portal\/wp-content\/uploads\/2019\/08\/a7039fdc-a236-4682-b837-930ae6a6d053-Copia.jpg?fit=248%2C330&amp;ssl=1\" class=\"aligncenter wp-image-247979 size-full\" src=\"https:\/\/i0.wp.com\/www.lavras24horas.com.br\/portal\/wp-content\/uploads\/2019\/08\/a7039fdc-a236-4682-b837-930ae6a6d053-Copia.jpg?resize=500%2C666&#038;ssl=1\" alt=\"\" width=\"500\" height=\"666\" srcset=\"https:\/\/i0.wp.com\/www.lavras24horas.com.br\/portal\/wp-content\/uploads\/2019\/08\/a7039fdc-a236-4682-b837-930ae6a6d053-Copia.jpg?w=500&amp;ssl=1 500w, https:\/\/i0.wp.com\/www.lavras24horas.com.br\/portal\/wp-content\/uploads\/2019\/08\/a7039fdc-a236-4682-b837-930ae6a6d053-Copia.jpg?resize=248%2C330&amp;ssl=1 248w\" sizes=\"(max-width: 500px) 100vw, 500px\" \/><\/p>\n<p style=\"text-align: justify;\">A limpeza dos monumentos foi realizada pelo secret\u00e1rio de Esporte, Lazer, Turismo e Cultura, Alexandre Belo. Nos \u00faltimos tempos, a pra\u00e7a se tornou alvo de v\u00e1rios atos de vandalismo. O local n\u00e3o possui c\u00e2meras de seguran\u00e7a, o que dificulta a identifica\u00e7\u00e3o dos autores.<\/p>\n<figure id=\"attachment_247978\" aria-describedby=\"caption-attachment-247978\" style=\"width: 500px\" class=\"wp-caption aligncenter\"><img data-recalc-dims=\"1\" decoding=\"async\" data-attachment-id=\"247978\" data-permalink=\"https:\/\/www.lavras24horas.com.br\/portal\/prefeitura-apaga-pichacoes-de-vandalos-na-praca-dr-augusto-silva\/2855ded8-d0e6-4ea6-844d-9f2599ae35ed\/\" data-orig-file=\"https:\/\/i0.wp.com\/www.lavras24horas.com.br\/portal\/wp-content\/uploads\/2019\/08\/2855ded8-d0e6-4ea6-844d-9f2599ae35ed.jpg?fit=500%2C499&amp;ssl=1\" data-orig-size=\"500,499\" data-comments-opened=\"0\" data-image-meta=\"{&quot;aperture&quot;:&quot;0&quot;,&quot;credit&quot;:&quot;&quot;,&quot;camera&quot;:&quot;&quot;,&quot;caption&quot;:&quot;&quot;,&quot;created_timestamp&quot;:&quot;0&quot;,&quot;copyright&quot;:&quot;&quot;,&quot;focal_length&quot;:&quot;0&quot;,&quot;iso&quot;:&quot;0&quot;,&quot;shutter_speed&quot;:&quot;0&quot;,&quot;title&quot;:&quot;&quot;,&quot;orientation&quot;:&quot;0&quot;}\" data-image-title=\"2855ded8-d0e6-4ea6-844d-9f2599ae35ed\" data-image-description=\"\" data-image-caption=\"&lt;p&gt;A limpeza dos monumentos foi realizada pelo secret\u00e1rio de Esporte, Lazer, Turismo e Cultura, Alexandre Belo. &lt;\/p&gt;\n\" data-large-file=\"https:\/\/i0.wp.com\/www.lavras24horas.com.br\/portal\/wp-content\/uploads\/2019\/08\/2855ded8-d0e6-4ea6-844d-9f2599ae35ed.jpg?fit=331%2C330&amp;ssl=1\" class=\"wp-image-247978 size-full lazyload\" data-src=\"https:\/\/i0.wp.com\/www.lavras24horas.com.br\/portal\/wp-content\/uploads\/2019\/08\/2855ded8-d0e6-4ea6-844d-9f2599ae35ed.jpg?resize=500%2C499&#038;ssl=1\" alt=\"\" width=\"500\" height=\"499\" data-srcset=\"https:\/\/i0.wp.com\/www.lavras24horas.com.br\/portal\/wp-content\/uploads\/2019\/08\/2855ded8-d0e6-4ea6-844d-9f2599ae35ed.jpg?w=500&amp;ssl=1 500w, https:\/\/i0.wp.com\/www.lavras24horas.com.br\/portal\/wp-content\/uploads\/2019\/08\/2855ded8-d0e6-4ea6-844d-9f2599ae35ed.jpg?resize=331%2C330&amp;ssl=1 331w\" data-sizes=\"(max-width: 500px) 100vw, 500px\" src=\"data:image\/svg+xml;base64,PHN2ZyB3aWR0aD0iMSIgaGVpZ2h0PSIxIiB4bWxucz0iaHR0cDovL3d3dy53My5vcmcvMjAwMC9zdmciPjwvc3ZnPg==\" style=\"--smush-placeholder-width: 500px; --smush-placeholder-aspect-ratio: 500\/499;\" \/><figcaption id=\"caption-attachment-247978\" class=\"wp-caption-text\">A limpeza dos monumentos foi realizada pelo secret\u00e1rio de Esporte, Lazer, Turismo e Cultura, Alexandre Belo.<\/figcaption><\/figure>\n<p style=\"text-align: justify;\">A Pra\u00e7a Dr. Augusto Silva \u00e9 tombada pelo Patrim\u00f4nio Hist\u00f3rico e Art\u00edstico Nacional (IPHAN) desde 2006. No Brasil, a picha\u00e7\u00e3o \u00e9 considerada vandalismo e crime ambiental, nos termos do artigo 65 da Lei 9.605\/98 (Lei dos Crimes Ambientais), que estipula pena de deten\u00e7\u00e3o de tr\u00eas meses a um ano, e multa, para quem pichar, grafitar ou por qualquer meio conspurcar edifica\u00e7\u00e3o ou monumento urbano.<\/p>\n<p>&nbsp;<\/p>\n","protected":false},"excerpt":{"rendered":"<p>&nbsp; &nbsp; A Prefeitura Municipal de Lavras realizou na manh\u00e3 desta ter\u00e7a-feira, dia 27, os trabalhos de reparo os momentos que foram alvo da a\u00e7\u00e3o de pichadores na Pra\u00e7a Dr. Augusto. Os bustos dedicados de Dr. Silvio Menicucci e Dr. Paulo Menicucci foram pichados no final de semana. O busto dedicado Dr. Augusto Silva tamb\u00e9m [&hellip;]<\/p>\n","protected":false},"author":7,"featured_media":247977,"comment_status":"closed","ping_status":"closed","sticky":false,"template":"","format":"standard","meta":{"advanced_seo_description":"","jetpack_seo_html_title":"","jetpack_seo_noindex":false,"_jetpack_memberships_contains_paid_content":false,"footnotes":""},"categories":[12,4],"tags":[467,466],"class_list":["post-247976","post","type-post","status-publish","format-standard","has-post-thumbnail","hentry","category-destaques-1","category-lavras","tag-automatico","tag-rascunho"],"jetpack_featured_media_url":"https:\/\/i0.wp.com\/www.lavras24horas.com.br\/portal\/wp-content\/uploads\/2019\/08\/69154428_687987911716182_7430034671775252480_n-Copia-Copia.jpg?fit=500%2C290&ssl=1","jetpack_sharing_enabled":true,"jetpack_likes_enabled":true,"jetpack_shortlink":"https:\/\/wp.me\/p12djN-12vC","_links":{"self":[{"href":"https:\/\/www.lavras24horas.com.br\/portal\/wp-json\/wp\/v2\/posts\/247976","targetHints":{"allow":["GET"]}}],"collection":[{"href":"https:\/\/www.lavras24horas.com.br\/portal\/wp-json\/wp\/v2\/posts"}],"about":[{"href":"https:\/\/www.lavras24horas.com.br\/portal\/wp-json\/wp\/v2\/types\/post"}],"author":[{"embeddable":true,"href":"https:\/\/www.lavras24horas.com.br\/portal\/wp-json\/wp\/v2\/users\/7"}],"replies":[{"embeddable":true,"href":"https:\/\/www.lavras24horas.com.br\/portal\/wp-json\/wp\/v2\/comments?post=247976"}],"version-history":[{"count":1,"href":"https:\/\/www.lavras24horas.com.br\/portal\/wp-json\/wp\/v2\/posts\/247976\/revisions"}],"predecessor-version":[{"id":247980,"href":"https:\/\/www.lavras24horas.com.br\/portal\/wp-json\/wp\/v2\/posts\/247976\/revisions\/247980"}],"wp:featuredmedia":[{"embeddable":true,"href":"https:\/\/www.lavras24horas.com.br\/portal\/wp-json\/wp\/v2\/media\/247977"}],"wp:attachment":[{"href":"https:\/\/www.lavras24horas.com.br\/portal\/wp-json\/wp\/v2\/media?parent=247976"}],"wp:term":[{"taxonomy":"category","embeddable":true,"href":"https:\/\/www.lavras24horas.com.br\/portal\/wp-json\/wp\/v2\/categories?post=247976"},{"taxonomy":"post_tag","embeddable":true,"href":"https:\/\/www.lavras24horas.com.br\/portal\/wp-json\/wp\/v2\/tags?post=247976"}],"curies":[{"name":"wp","href":"https:\/\/api.w.org\/{rel}","templated":true}]}}