{"id":247971,"date":"2019-08-26T16:17:16","date_gmt":"2019-08-26T19:17:16","guid":{"rendered":"https:\/\/www.lavras24horas.com.br\/portal\/?p=247971"},"modified":"2019-08-26T16:17:16","modified_gmt":"2019-08-26T19:17:16","slug":"iv-simposio-sul-mineiro-de-cardiologia-foi-realizado-na-ufla","status":"publish","type":"post","link":"https:\/\/www.lavras24horas.com.br\/portal\/iv-simposio-sul-mineiro-de-cardiologia-foi-realizado-na-ufla\/","title":{"rendered":"IV Simp\u00f3sio Sul Mineiro de Cardiologia foi realizado na UFLA"},"content":{"rendered":"<p>&nbsp;<\/p>\n<p>&nbsp;<\/p>\n<p style=\"text-align: justify;\">Foi realizado no Sal\u00e3o de Conven\u00e7\u00f5es da Universidade Federal de Lavras (UFLA), nos dias 24 e 25\/8, o IV Simp\u00f3sio Sul Mineiro de Cardiologia, evento que reuniu cerca de 280 estudantes e profissionais da \u00e1rea m\u00e9dica da UFLA e de outras institui\u00e7\u00f5es da regi\u00e3o, para debater casos, conhecer novos tratamentos e refor\u00e7ar os atuais, como forma de contribuir com a pr\u00e1tica cl\u00ednica.<\/p>\n<p style=\"text-align: justify;\">O simp\u00f3sio, organizado pela Liga Acad\u00eamica de Cardiologia (Lacardio) do Departamento de Ci\u00eancias da Sa\u00fade (DSA), contou com o\u00a0 apoio da Sociedade Sul Mineira de Cardiologia, Associa\u00e7\u00e3o M\u00e9dica de Lavras e Sociedade Mineira de Cardiologia.<\/p>\n<p style=\"text-align: justify;\">Para o professor do DAS Ernesto Lippi Neto, a expectativa com o evento era a melhor poss\u00edvel. \u201cEste \u00e9 um simp\u00f3sio que vem crescendo a cada ano e tentamos trazer cada vez mais m\u00e9dicos da regi\u00e3o para discutir temas do dia a dia que possam agregar \u00e0 pr\u00e1tica di\u00e1ria de todos os participantes.\u201d<\/p>\n<p style=\"text-align: justify;\">O presidente da Sociedade Sul Mineira de Cardiologia, Frederico Toledo Campo Dall&#8217;Orto, ressaltou que a troca de experi\u00eancia\u00a0 em universidades com curso de medicina \u00e9 muito importante. J\u00e1 o pr\u00f3-reitor de Planejamento e Gest\u00e3o, Jo\u00e3o Chrysostomo de Resende J\u00fanior, lembrou a import\u00e2ncia de parceiros em uma \u00e1rea ainda recente na UFLA. \u201cPara a Universidade, al\u00e9m de relev\u00e2ncia acad\u00eamica, o evento \u00e9 importante em termos de parcerias, principalmente nesta \u00e1rea da sa\u00fade, que precisamos de campo de pr\u00e1tica para nossos estudantes\u201d.<\/p>\n<p style=\"text-align: justify;\">Na sexta-feira (23\/8), ocorreu tamb\u00e9m o II Encontro de Ligas Acad\u00eamicas, que discutiu casos cl\u00ednicos com os professores, como forma de expandir o conhecimento.<\/p>\n","protected":false},"excerpt":{"rendered":"<p>&nbsp; &nbsp; Foi realizado no Sal\u00e3o de Conven\u00e7\u00f5es da Universidade Federal de Lavras (UFLA), nos dias 24 e 25\/8, o IV Simp\u00f3sio Sul Mineiro de Cardiologia, evento que reuniu cerca de 280 estudantes e profissionais da \u00e1rea m\u00e9dica da UFLA e de outras institui\u00e7\u00f5es da regi\u00e3o, para debater casos, conhecer novos tratamentos e refor\u00e7ar os [&hellip;]<\/p>\n","protected":false},"author":7,"featured_media":247972,"comment_status":"closed","ping_status":"closed","sticky":false,"template":"","format":"standard","meta":{"advanced_seo_description":"","jetpack_seo_html_title":"","jetpack_seo_noindex":false,"_jetpack_memberships_contains_paid_content":false,"footnotes":""},"categories":[12,4],"tags":[467,466],"class_list":["post-247971","post","type-post","status-publish","format-standard","has-post-thumbnail","hentry","category-destaques-1","category-lavras","tag-automatico","tag-rascunho"],"jetpack_featured_media_url":"https:\/\/i0.wp.com\/www.lavras24horas.com.br\/portal\/wp-content\/uploads\/2019\/08\/simposio_cadio.jpg?fit=600%2C400&ssl=1","jetpack_sharing_enabled":true,"jetpack_likes_enabled":true,"jetpack_shortlink":"https:\/\/wp.me\/p12djN-12vx","_links":{"self":[{"href":"https:\/\/www.lavras24horas.com.br\/portal\/wp-json\/wp\/v2\/posts\/247971","targetHints":{"allow":["GET"]}}],"collection":[{"href":"https:\/\/www.lavras24horas.com.br\/portal\/wp-json\/wp\/v2\/posts"}],"about":[{"href":"https:\/\/www.lavras24horas.com.br\/portal\/wp-json\/wp\/v2\/types\/post"}],"author":[{"embeddable":true,"href":"https:\/\/www.lavras24horas.com.br\/portal\/wp-json\/wp\/v2\/users\/7"}],"replies":[{"embeddable":true,"href":"https:\/\/www.lavras24horas.com.br\/portal\/wp-json\/wp\/v2\/comments?post=247971"}],"version-history":[{"count":2,"href":"https:\/\/www.lavras24horas.com.br\/portal\/wp-json\/wp\/v2\/posts\/247971\/revisions"}],"predecessor-version":[{"id":247974,"href":"https:\/\/www.lavras24horas.com.br\/portal\/wp-json\/wp\/v2\/posts\/247971\/revisions\/247974"}],"wp:featuredmedia":[{"embeddable":true,"href":"https:\/\/www.lavras24horas.com.br\/portal\/wp-json\/wp\/v2\/media\/247972"}],"wp:attachment":[{"href":"https:\/\/www.lavras24horas.com.br\/portal\/wp-json\/wp\/v2\/media?parent=247971"}],"wp:term":[{"taxonomy":"category","embeddable":true,"href":"https:\/\/www.lavras24horas.com.br\/portal\/wp-json\/wp\/v2\/categories?post=247971"},{"taxonomy":"post_tag","embeddable":true,"href":"https:\/\/www.lavras24horas.com.br\/portal\/wp-json\/wp\/v2\/tags?post=247971"}],"curies":[{"name":"wp","href":"https:\/\/api.w.org\/{rel}","templated":true}]}}