{"id":247967,"date":"2019-08-27T07:00:54","date_gmt":"2019-08-27T10:00:54","guid":{"rendered":"https:\/\/www.lavras24horas.com.br\/portal\/?p=247967"},"modified":"2019-08-26T13:50:31","modified_gmt":"2019-08-26T16:50:31","slug":"cemig-amplia-oferta-de-energia-no-sul-de-minas","status":"publish","type":"post","link":"https:\/\/www.lavras24horas.com.br\/portal\/cemig-amplia-oferta-de-energia-no-sul-de-minas\/","title":{"rendered":"Cemig amplia oferta de energia no Sul de Minas"},"content":{"rendered":"<p>&nbsp;<\/p>\n<p style=\"text-align: justify;\">A Cemig est\u00e1 ampliando a oferta de energia el\u00e9trica aos clientes do Sul de Minas por meio da constru\u00e7\u00e3o de novas subesta\u00e7\u00f5es e linhas de distribui\u00e7\u00e3o. A nova subesta\u00e7\u00e3o Coqueiral e a amplia\u00e7\u00e3o da subesta\u00e7\u00e3o Andradas 2 foram entregues, ampliando em 30 MVA (mega-volt-amp\u00e9re) a disponibilidade de energia para atender os atuais e novos clientes.<\/p>\n<p style=\"text-align: justify;\">A implanta\u00e7\u00e3o das subesta\u00e7\u00f5es El\u00f3i Mendes e Jacutinga 2 est\u00e1 em andamento e vai disponibilizar mais 40 MVA ao sistema el\u00e9trico da regi\u00e3o. As novas instala\u00e7\u00f5es utilizam moderna concep\u00e7\u00e3o tecnol\u00f3gica, conhecida como Subesta\u00e7\u00e3o Compacta Integrada (SECI) e, juntas, podem atender a cerca de 80 mil resid\u00eancias.<\/p>\n<p style=\"text-align: justify;\">O arranjo f\u00edsico m\u00e9dio das subesta\u00e7\u00f5es contempla quatro alimentadores de m\u00e9dia tens\u00e3o (13,8 kV) respons\u00e1veis por transportar a energia da subesta\u00e7\u00e3o aos centros consumidores, banco de capacitores de 3,6 MVAr e sistema de r\u00e1dio digital para telecomunica\u00e7\u00e3o.<\/p>\n<p style=\"text-align: justify;\">Outras subesta\u00e7\u00f5es est\u00e3o em fase de planejamento para garantir o suporte necess\u00e1rio ao desenvolvimento da regi\u00e3o nos pr\u00f3ximos anos. Destaque para as novas subesta\u00e7\u00f5es\u00a0 Jesu\u00e2nia, Lambari, Campestre, Ilic\u00ednea 2, S\u00e3o Bento do Abade e Silvian\u00f3polis, assim como a amplia\u00e7\u00e3o de Cambuquira 1. As novas instala\u00e7\u00f5es ser\u00e3o do tipo SECI. Tais obras v\u00e3o disponibilizar mais 105 MVA quando estiverem conclu\u00eddas.<\/p>\n<p style=\"text-align: justify;\">Para conectar tais obras ao Sistema El\u00e9trico da Cemig, os investimentos ser\u00e3o de aproximadamente R$ 136 milh\u00f5es na parte de Alta Tens\u00e3o. Estes investimentos refor\u00e7am o compromisso da Cemig com o bem estar da popula\u00e7\u00e3o, deixando o sistema el\u00e9trico mais robusto e preparado para o crescimento, o que contribui para o desenvolvimento econ\u00f4mico da regi\u00e3o Sul de Minas.<\/p>\n<p>&nbsp;<\/p>\n<p>&nbsp;<\/p>\n<p>&nbsp;<\/p>\n","protected":false},"excerpt":{"rendered":"<p>&nbsp; A Cemig est\u00e1 ampliando a oferta de energia el\u00e9trica aos clientes do Sul de Minas por meio da constru\u00e7\u00e3o de novas subesta\u00e7\u00f5es e linhas de distribui\u00e7\u00e3o. A nova subesta\u00e7\u00e3o Coqueiral e a amplia\u00e7\u00e3o da subesta\u00e7\u00e3o Andradas 2 foram entregues, ampliando em 30 MVA (mega-volt-amp\u00e9re) a disponibilidade de energia para atender os atuais e novos [&hellip;]<\/p>\n","protected":false},"author":7,"featured_media":247968,"comment_status":"closed","ping_status":"closed","sticky":false,"template":"","format":"standard","meta":{"advanced_seo_description":"","jetpack_seo_html_title":"","jetpack_seo_noindex":false,"_jetpack_memberships_contains_paid_content":false,"footnotes":""},"categories":[12,4],"tags":[467,466],"class_list":["post-247967","post","type-post","status-publish","format-standard","has-post-thumbnail","hentry","category-destaques-1","category-lavras","tag-automatico","tag-rascunho"],"jetpack_featured_media_url":"https:\/\/i0.wp.com\/www.lavras24horas.com.br\/portal\/wp-content\/uploads\/2019\/08\/subestacao_eloi-mendes_cemig.jpg?fit=500%2C384&ssl=1","jetpack_sharing_enabled":true,"jetpack_likes_enabled":true,"jetpack_shortlink":"https:\/\/wp.me\/p12djN-12vt","_links":{"self":[{"href":"https:\/\/www.lavras24horas.com.br\/portal\/wp-json\/wp\/v2\/posts\/247967","targetHints":{"allow":["GET"]}}],"collection":[{"href":"https:\/\/www.lavras24horas.com.br\/portal\/wp-json\/wp\/v2\/posts"}],"about":[{"href":"https:\/\/www.lavras24horas.com.br\/portal\/wp-json\/wp\/v2\/types\/post"}],"author":[{"embeddable":true,"href":"https:\/\/www.lavras24horas.com.br\/portal\/wp-json\/wp\/v2\/users\/7"}],"replies":[{"embeddable":true,"href":"https:\/\/www.lavras24horas.com.br\/portal\/wp-json\/wp\/v2\/comments?post=247967"}],"version-history":[{"count":1,"href":"https:\/\/www.lavras24horas.com.br\/portal\/wp-json\/wp\/v2\/posts\/247967\/revisions"}],"predecessor-version":[{"id":247969,"href":"https:\/\/www.lavras24horas.com.br\/portal\/wp-json\/wp\/v2\/posts\/247967\/revisions\/247969"}],"wp:featuredmedia":[{"embeddable":true,"href":"https:\/\/www.lavras24horas.com.br\/portal\/wp-json\/wp\/v2\/media\/247968"}],"wp:attachment":[{"href":"https:\/\/www.lavras24horas.com.br\/portal\/wp-json\/wp\/v2\/media?parent=247967"}],"wp:term":[{"taxonomy":"category","embeddable":true,"href":"https:\/\/www.lavras24horas.com.br\/portal\/wp-json\/wp\/v2\/categories?post=247967"},{"taxonomy":"post_tag","embeddable":true,"href":"https:\/\/www.lavras24horas.com.br\/portal\/wp-json\/wp\/v2\/tags?post=247967"}],"curies":[{"name":"wp","href":"https:\/\/api.w.org\/{rel}","templated":true}]}}