{"id":247964,"date":"2019-08-27T07:00:55","date_gmt":"2019-08-27T10:00:55","guid":{"rendered":"https:\/\/www.lavras24horas.com.br\/portal\/?p=247964"},"modified":"2019-08-26T13:44:17","modified_gmt":"2019-08-26T16:44:17","slug":"lavras-volei-estreia-no-campeonato-mineiro-no-proximo-dia-4-de-setembro","status":"publish","type":"post","link":"https:\/\/www.lavras24horas.com.br\/portal\/lavras-volei-estreia-no-campeonato-mineiro-no-proximo-dia-4-de-setembro\/","title":{"rendered":"Lavras Volei estreia no Campeonato Mineiro no pr\u00f3ximo dia 4 de setembro"},"content":{"rendered":"<p>&nbsp;<\/p>\n<p style=\"text-align: justify;\">A temporada 2019\/2020 do voleibol masculino come\u00e7a esta semana. Os principais times de Minas Gerais entram em quadra a partir desta quinta-feira (29), na disputa do Campeonato Mineiro.<\/p>\n<p style=\"text-align: justify;\">O Lavras V\u00f4lei far\u00e1 sua partida de estreia no pr\u00f3ximo dia 4 de setembro contra a equipe Uberl\u00e2ndia\/Gabarito\/Start Qu\u00edmica, no gin\u00e1sio UTC\/Uberl\u00e2ndia, \u00e0s 19h 30. A equipe lavrense jogar\u00e1 em casa somente no dia 26 contra o Sada Cruzeiro, atual campe\u00e3o da competi\u00e7\u00e3o, \u00e0s 20h, no Gin\u00e1sio Polisportivo da Universidade Federal de Lavras.<\/p>\n<p style=\"text-align: justify;\">Confira a tabela oficial da competi\u00e7\u00e3o abaixo. As fases finais, que incluem semifinais, disputa de terceiro lugar e final, ser\u00e3o disputadas em apenas uma partida cada. Algumas das 30 partidas classificat\u00f3rias ainda ser\u00e3o definidas.<\/p>\n<p style=\"text-align: justify;\"><strong>1\u00ba Circuito &#8211; Sede: Gin\u00e1sio Newton Faria\/An\u00e1polis<\/strong><\/p>\n<p>29.08 &#8211; 20h &#8211; An\u00e1polis x Uberl\u00e2ndia\/Gabarito\/Start Qu\u00edmica<\/p>\n<p>30.08 &#8211; 20h &#8211; Am\u00e9rica V\u00f4lei x Uberl\u00e2ndia\/Gabarito\/Start Qu\u00edmica<\/p>\n<p>31.08 &#8211; 20h &#8211; An\u00e1polis x Am\u00e9rica V\u00f4lei<\/p>\n<p><strong>2\u00ba Circuito &#8211; Sede: Gin\u00e1sio UTC\/Uberl\u00e2ndia<\/strong><\/p>\n<p>04.09 &#8211; 19h30 &#8211; Uberl\u00e2ndia\/Gabarito\/Start Qu\u00edmica x Lavras V\u00f4lei<\/p>\n<p>05.09 &#8211; 19h30 &#8211; Fiat\/Minas x Lavras V\u00f4lei<\/p>\n<p>06.09 &#8211; 19h30 &#8211; Uberl\u00e2ndia\/Gabarito\/Start Qu\u00edmica x Fiat\/Minas<\/p>\n<p><strong>3\u00ba Circuito &#8211; Sede: Gin\u00e1sio Riacho\/Contagem<\/strong><\/p>\n<p>12.09 &#8211; 20h &#8211; Sada Cruzeiro x Lavras V\u00f4lei<\/p>\n<p>13.09 &#8211; 20h &#8211; Lavras V\u00f4lei x Am\u00e9rica V\u00f4lei<\/p>\n<p>14.09 &#8211; 20h &#8211; Sada Cruzeiro x Am\u00e9rica V\u00f4lei<\/p>\n<p><strong>4\u00ba Circuito &#8211; Sede: Gin\u00e1sio Tancredo Neves\/Montes Claros<\/strong><\/p>\n<p>19.09 &#8211; 20h &#8211; Am\u00e9rica V\u00f4lei x An\u00e1polis V\u00f4lei<\/p>\n<p>20.09 &#8211; 20h &#8211; Fiat\/Minas x An\u00e1polis V\u00f4lei<\/p>\n<p>21.09 &#8211; 19h &#8211; Am\u00e9rica V\u00f4lei x Fiat\/Minas<\/p>\n<p><strong>5\u00ba Circuito &#8211; Sede: Gin\u00e1sio UFLA\/Lavras<\/strong><\/p>\n<p>26.09 &#8211; 20h &#8211; Lavras V\u00f4lei x Am\u00e9rica V\u00f4lei<\/p>\n<p>27.09 &#8211; 20h &#8211; Fiat\/Minas x Am\u00e9rica V\u00f4lei<\/p>\n<p>28.09 &#8211; 20h &#8211; Lavras V\u00f4lei x Fiat\/Minas<\/p>\n<p><strong>6\u00ba Circuito &#8211; Sede: Gin\u00e1sio Divino Braga\/Betim<\/strong><\/p>\n<p>02.10 &#8211; 19h &#8211; Fiat\/Minas x An\u00e1polis<\/p>\n<p>03.10 &#8211; 19h &#8211; Sada Cruzeiro x An\u00e1polis<\/p>\n<p>04.10 &#8211; 19h &#8211; Fiat\/Minas x Sada Cruzeiro<\/p>\n<p><strong>7\u00ba Circuito &#8211; Sede: Gin\u00e1sio Newton Faria\/An\u00e1polis e Riacho\/Contagem<\/strong><\/p>\n<p>24.09 &#8211; 20h &#8211; Lavras V\u00f4lei x Sada Cruzeiro (Contagem)<\/p>\n<p>07.10 &#8211; 20h &#8211; An\u00e1polis x Lavras V\u00f4lei (An\u00e1polis)<\/p>\n<p>09.10 &#8211; 20h &#8211; An\u00e1polis x Sada Cruzeiro (An\u00e1polis)<\/p>\n<p><strong>8\u00ba Circuito &#8211; Sede: Gin\u00e1sio UTC\/Uberl\u00e2ndia e Gin\u00e1sio Newton Faria\/Goi\u00e1s<\/strong><\/p>\n<p>08.10 &#8211; 20h &#8211; An\u00e1polis x Lavras V\u00f4lei (An\u00e1polis)<\/p>\n<p>19.10 &#8211; 16h &#8211; Uberl\u00e2ndia\/Gabarito\/Start Qu\u00edmica x An\u00e1polis (Uberl\u00e2ndia)<\/p>\n<p>20.10 &#8211; 11h &#8211; Uberl\u00e2ndia\/Gabarito\/Start Qu\u00edmica x Lavras V\u00f4lei (Uberl\u00e2ndia)<\/p>\n<p><strong>9\u00ba Circuito &#8211; Sede: Tancredo Neves\/Montes Claros <\/strong><\/p>\n<p>25.10 &#8211; 20h &#8211; Am\u00e9rica V\u00f4lei x Sada Cruzeiro<\/p>\n<p>* \u00c0 definir &#8211; Uberl\u00e2ndia\/Gabarito\/Start Qu\u00edmica x Sada Cruzeiro<\/p>\n<p>29.10 &#8211; 20h &#8211; Am\u00e9rica V\u00f4lei x Uberl\u00e2ndia\/Gabarito\/Start Qu\u00edmica<\/p>\n<p>10\u00ba Circuito &#8211; Sede: Gin\u00e1sio Riacho\/Contagem<\/p>\n<p>* \u00c0 definir &#8211; Sada Cruzeiro x Uberl\u00e2ndia\/Gabarito\/Start Qu\u00edmica<\/p>\n<p>29.10 &#8211; 20h &#8211; Sada Cruzeiro x Fiat\/Minas<\/p>\n<p>* \u00c0 definir &#8211; Fiat\/Minas x Uberl\u00e2ndia\/Gabarito\/Start Qu\u00edmica<\/p>\n<p>&nbsp;<\/p>\n","protected":false},"excerpt":{"rendered":"<p>&nbsp; A temporada 2019\/2020 do voleibol masculino come\u00e7a esta semana. Os principais times de Minas Gerais entram em quadra a partir desta quinta-feira (29), na disputa do Campeonato Mineiro. O Lavras V\u00f4lei far\u00e1 sua partida de estreia no pr\u00f3ximo dia 4 de setembro contra a equipe Uberl\u00e2ndia\/Gabarito\/Start Qu\u00edmica, no gin\u00e1sio UTC\/Uberl\u00e2ndia, \u00e0s 19h 30. A [&hellip;]<\/p>\n","protected":false},"author":7,"featured_media":247965,"comment_status":"closed","ping_status":"closed","sticky":false,"template":"","format":"standard","meta":{"advanced_seo_description":"","jetpack_seo_html_title":"","jetpack_seo_noindex":false,"_jetpack_memberships_contains_paid_content":false,"footnotes":""},"categories":[13077,4],"tags":[467,466],"class_list":["post-247964","post","type-post","status-publish","format-standard","has-post-thumbnail","hentry","category-laterais-2","category-lavras","tag-automatico","tag-rascunho"],"jetpack_featured_media_url":"https:\/\/i0.wp.com\/www.lavras24horas.com.br\/portal\/wp-content\/uploads\/2019\/08\/lavras-volei-vence-em-casa-e-assume-a-lideranca-.jpg?fit=500%2C375&ssl=1","jetpack_sharing_enabled":true,"jetpack_likes_enabled":true,"jetpack_shortlink":"https:\/\/wp.me\/p12djN-12vq","_links":{"self":[{"href":"https:\/\/www.lavras24horas.com.br\/portal\/wp-json\/wp\/v2\/posts\/247964","targetHints":{"allow":["GET"]}}],"collection":[{"href":"https:\/\/www.lavras24horas.com.br\/portal\/wp-json\/wp\/v2\/posts"}],"about":[{"href":"https:\/\/www.lavras24horas.com.br\/portal\/wp-json\/wp\/v2\/types\/post"}],"author":[{"embeddable":true,"href":"https:\/\/www.lavras24horas.com.br\/portal\/wp-json\/wp\/v2\/users\/7"}],"replies":[{"embeddable":true,"href":"https:\/\/www.lavras24horas.com.br\/portal\/wp-json\/wp\/v2\/comments?post=247964"}],"version-history":[{"count":1,"href":"https:\/\/www.lavras24horas.com.br\/portal\/wp-json\/wp\/v2\/posts\/247964\/revisions"}],"predecessor-version":[{"id":247966,"href":"https:\/\/www.lavras24horas.com.br\/portal\/wp-json\/wp\/v2\/posts\/247964\/revisions\/247966"}],"wp:featuredmedia":[{"embeddable":true,"href":"https:\/\/www.lavras24horas.com.br\/portal\/wp-json\/wp\/v2\/media\/247965"}],"wp:attachment":[{"href":"https:\/\/www.lavras24horas.com.br\/portal\/wp-json\/wp\/v2\/media?parent=247964"}],"wp:term":[{"taxonomy":"category","embeddable":true,"href":"https:\/\/www.lavras24horas.com.br\/portal\/wp-json\/wp\/v2\/categories?post=247964"},{"taxonomy":"post_tag","embeddable":true,"href":"https:\/\/www.lavras24horas.com.br\/portal\/wp-json\/wp\/v2\/tags?post=247964"}],"curies":[{"name":"wp","href":"https:\/\/api.w.org\/{rel}","templated":true}]}}