{"id":247953,"date":"2019-08-26T13:05:46","date_gmt":"2019-08-26T16:05:46","guid":{"rendered":"https:\/\/www.lavras24horas.com.br\/portal\/?p=247953"},"modified":"2019-08-26T14:15:52","modified_gmt":"2019-08-26T17:15:52","slug":"vandalos-voltam-a-pichar-monumentos-na-praca-dr-augusto-silva","status":"publish","type":"post","link":"https:\/\/www.lavras24horas.com.br\/portal\/vandalos-voltam-a-pichar-monumentos-na-praca-dr-augusto-silva\/","title":{"rendered":"V\u00e2ndalos voltam a pichar monumentos na Pra\u00e7a Dr. Augusto Silva"},"content":{"rendered":"<p><strong>\u00a0<\/strong><\/p>\n<p style=\"text-align: justify;\">Pichadores voltaram a atacar a Pra\u00e7a Dr. Augusto Silva neste final de semana.<\/p>\n<p style=\"text-align: justify;\">Depois de praticarem vandalismo contra o busto erguido em homenagem ao patrono do local, como <span style=\"color: #ff0000;\"><a style=\"color: #ff0000;\" href=\"https:\/\/www.lavras24horas.com.br\/portal\/monumento-da-praca-dr-augusto-silva-e-alvo-de-vandalismo\/\">mostrou reportagem<\/a> <\/span>do <strong>Lavras 24 Horas<\/strong> no \u00faltimo dia 15, os v\u00e2ndalos \u00a0picharam desta vez os bustos de Dr. Silvio Menicucci e Dr. Paulo Menicucci.<\/p>\n<p style=\"text-align: justify;\">Nos \u00faltimos anos a pra\u00e7a vem sendo alvo de vandalismo com picha\u00e7\u00f5es e destrui\u00e7\u00e3o de bancos. A Prefeitura Municipal de Lavras limpou a picha\u00e7\u00e3o do busto de Dr. Augusto Silva na semana passada.<\/p>\n<p><img data-recalc-dims=\"1\" fetchpriority=\"high\" decoding=\"async\" data-attachment-id=\"247955\" data-permalink=\"https:\/\/www.lavras24horas.com.br\/portal\/vandalos-voltam-a-pichar-monumentos-na-praca-dr-augusto-silva\/69205680_1183849978482955_8160320197475958784_n-1\/\" data-orig-file=\"https:\/\/i0.wp.com\/www.lavras24horas.com.br\/portal\/wp-content\/uploads\/2019\/08\/69205680_1183849978482955_8160320197475958784_n-1.jpg?fit=540%2C960&amp;ssl=1\" data-orig-size=\"540,960\" data-comments-opened=\"0\" data-image-meta=\"{&quot;aperture&quot;:&quot;0&quot;,&quot;credit&quot;:&quot;&quot;,&quot;camera&quot;:&quot;&quot;,&quot;caption&quot;:&quot;&quot;,&quot;created_timestamp&quot;:&quot;0&quot;,&quot;copyright&quot;:&quot;&quot;,&quot;focal_length&quot;:&quot;0&quot;,&quot;iso&quot;:&quot;0&quot;,&quot;shutter_speed&quot;:&quot;0&quot;,&quot;title&quot;:&quot;&quot;,&quot;orientation&quot;:&quot;0&quot;}\" data-image-title=\"69205680_1183849978482955_8160320197475958784_n (1)\" data-image-description=\"\" data-image-caption=\"\" data-large-file=\"https:\/\/i0.wp.com\/www.lavras24horas.com.br\/portal\/wp-content\/uploads\/2019\/08\/69205680_1183849978482955_8160320197475958784_n-1.jpg?fit=186%2C330&amp;ssl=1\" class=\"aligncenter wp-image-247955 size-full\" src=\"https:\/\/i0.wp.com\/www.lavras24horas.com.br\/portal\/wp-content\/uploads\/2019\/08\/69205680_1183849978482955_8160320197475958784_n-1.jpg?resize=540%2C960&#038;ssl=1\" alt=\"\" width=\"540\" height=\"960\" srcset=\"https:\/\/i0.wp.com\/www.lavras24horas.com.br\/portal\/wp-content\/uploads\/2019\/08\/69205680_1183849978482955_8160320197475958784_n-1.jpg?w=540&amp;ssl=1 540w, https:\/\/i0.wp.com\/www.lavras24horas.com.br\/portal\/wp-content\/uploads\/2019\/08\/69205680_1183849978482955_8160320197475958784_n-1.jpg?resize=186%2C330&amp;ssl=1 186w\" sizes=\"(max-width: 540px) 100vw, 540px\" \/><\/p>\n<p style=\"text-align: justify;\">A Prefeitura Municipal de Lavras e os \u00f3rg\u00e3os de seguran\u00e7a p\u00fablica n\u00e3o se manifestaram sobre o problema. A ex-prefeitura Jussara Menicucci de Oliveira, filha do m\u00e9dico Dr. Paulo Menicucci e neta do Dr. Silvio Menicucci, usou as redes sociais para protestar contra o ocorrido.<\/p>\n<p><img data-recalc-dims=\"1\" decoding=\"async\" data-attachment-id=\"247956\" data-permalink=\"https:\/\/www.lavras24horas.com.br\/portal\/vandalos-voltam-a-pichar-monumentos-na-praca-dr-augusto-silva\/69390864_1183849951816291_7747059256003657728_n-1\/\" data-orig-file=\"https:\/\/i0.wp.com\/www.lavras24horas.com.br\/portal\/wp-content\/uploads\/2019\/08\/69390864_1183849951816291_7747059256003657728_n-1.jpg?fit=540%2C960&amp;ssl=1\" data-orig-size=\"540,960\" data-comments-opened=\"0\" data-image-meta=\"{&quot;aperture&quot;:&quot;0&quot;,&quot;credit&quot;:&quot;&quot;,&quot;camera&quot;:&quot;&quot;,&quot;caption&quot;:&quot;&quot;,&quot;created_timestamp&quot;:&quot;0&quot;,&quot;copyright&quot;:&quot;&quot;,&quot;focal_length&quot;:&quot;0&quot;,&quot;iso&quot;:&quot;0&quot;,&quot;shutter_speed&quot;:&quot;0&quot;,&quot;title&quot;:&quot;&quot;,&quot;orientation&quot;:&quot;0&quot;}\" data-image-title=\"69390864_1183849951816291_7747059256003657728_n (1)\" data-image-description=\"\" data-image-caption=\"\" data-large-file=\"https:\/\/i0.wp.com\/www.lavras24horas.com.br\/portal\/wp-content\/uploads\/2019\/08\/69390864_1183849951816291_7747059256003657728_n-1.jpg?fit=186%2C330&amp;ssl=1\" class=\"aligncenter wp-image-247956 size-full lazyload\" data-src=\"https:\/\/i0.wp.com\/www.lavras24horas.com.br\/portal\/wp-content\/uploads\/2019\/08\/69390864_1183849951816291_7747059256003657728_n-1.jpg?resize=540%2C960&#038;ssl=1\" alt=\"\" width=\"540\" height=\"960\" data-srcset=\"https:\/\/i0.wp.com\/www.lavras24horas.com.br\/portal\/wp-content\/uploads\/2019\/08\/69390864_1183849951816291_7747059256003657728_n-1.jpg?w=540&amp;ssl=1 540w, https:\/\/i0.wp.com\/www.lavras24horas.com.br\/portal\/wp-content\/uploads\/2019\/08\/69390864_1183849951816291_7747059256003657728_n-1.jpg?resize=186%2C330&amp;ssl=1 186w\" data-sizes=\"(max-width: 540px) 100vw, 540px\" src=\"data:image\/svg+xml;base64,PHN2ZyB3aWR0aD0iMSIgaGVpZ2h0PSIxIiB4bWxucz0iaHR0cDovL3d3dy53My5vcmcvMjAwMC9zdmciPjwvc3ZnPg==\" style=\"--smush-placeholder-width: 540px; --smush-placeholder-aspect-ratio: 540\/960;\" \/><\/p>\n<p style=\"text-align: justify;\">\u201cIndignada com a falta de respeito com a mem\u00f3ria do meu pai e meu av\u00f4! Um bem p\u00fablico depredado! Que Pa\u00eds \u00e9 este meu Deus?\u201d, afirmou.<\/p>\n<p style=\"text-align: justify;\"><strong>Crime<\/strong><\/p>\n<p style=\"text-align: justify;\">A Pra\u00e7a Dr. Augusto Silva \u00e9 tombada pelo Patrim\u00f4nio Hist\u00f3rico e Art\u00edstico Nacional (IPHAN) desde 2006. No Brasil, a picha\u00e7\u00e3o \u00e9 considerada vandalismo e crime ambiental, nos termos do artigo 65 da Lei 9.605\/98 (Lei dos Crimes Ambientais), que estipula pena de deten\u00e7\u00e3o de tr\u00eas meses a um ano, e multa, para quem pichar, grafitar ou por qualquer meio conspurcar edifica\u00e7\u00e3o ou monumento urbano.<\/p>\n<p>&nbsp;<\/p>\n","protected":false},"excerpt":{"rendered":"<p>\u00a0 Pichadores voltaram a atacar a Pra\u00e7a Dr. Augusto Silva neste final de semana. Depois de praticarem vandalismo contra o busto erguido em homenagem ao patrono do local, como mostrou reportagem do Lavras 24 Horas no \u00faltimo dia 15, os v\u00e2ndalos \u00a0picharam desta vez os bustos de Dr. Silvio Menicucci e Dr. Paulo Menicucci. Nos [&hellip;]<\/p>\n","protected":false},"author":7,"featured_media":247954,"comment_status":"closed","ping_status":"closed","sticky":false,"template":"","format":"standard","meta":{"advanced_seo_description":"","jetpack_seo_html_title":"","jetpack_seo_noindex":false,"_jetpack_memberships_contains_paid_content":false,"footnotes":""},"categories":[13077,4],"tags":[467,466],"class_list":["post-247953","post","type-post","status-publish","format-standard","has-post-thumbnail","hentry","category-laterais-2","category-lavras","tag-automatico","tag-rascunho"],"jetpack_featured_media_url":"https:\/\/i0.wp.com\/www.lavras24horas.com.br\/portal\/wp-content\/uploads\/2019\/08\/Sem-titulo-Copia.jpg?fit=621%2C376&ssl=1","jetpack_sharing_enabled":true,"jetpack_likes_enabled":true,"jetpack_shortlink":"https:\/\/wp.me\/p12djN-12vf","_links":{"self":[{"href":"https:\/\/www.lavras24horas.com.br\/portal\/wp-json\/wp\/v2\/posts\/247953","targetHints":{"allow":["GET"]}}],"collection":[{"href":"https:\/\/www.lavras24horas.com.br\/portal\/wp-json\/wp\/v2\/posts"}],"about":[{"href":"https:\/\/www.lavras24horas.com.br\/portal\/wp-json\/wp\/v2\/types\/post"}],"author":[{"embeddable":true,"href":"https:\/\/www.lavras24horas.com.br\/portal\/wp-json\/wp\/v2\/users\/7"}],"replies":[{"embeddable":true,"href":"https:\/\/www.lavras24horas.com.br\/portal\/wp-json\/wp\/v2\/comments?post=247953"}],"version-history":[{"count":2,"href":"https:\/\/www.lavras24horas.com.br\/portal\/wp-json\/wp\/v2\/posts\/247953\/revisions"}],"predecessor-version":[{"id":247970,"href":"https:\/\/www.lavras24horas.com.br\/portal\/wp-json\/wp\/v2\/posts\/247953\/revisions\/247970"}],"wp:featuredmedia":[{"embeddable":true,"href":"https:\/\/www.lavras24horas.com.br\/portal\/wp-json\/wp\/v2\/media\/247954"}],"wp:attachment":[{"href":"https:\/\/www.lavras24horas.com.br\/portal\/wp-json\/wp\/v2\/media?parent=247953"}],"wp:term":[{"taxonomy":"category","embeddable":true,"href":"https:\/\/www.lavras24horas.com.br\/portal\/wp-json\/wp\/v2\/categories?post=247953"},{"taxonomy":"post_tag","embeddable":true,"href":"https:\/\/www.lavras24horas.com.br\/portal\/wp-json\/wp\/v2\/tags?post=247953"}],"curies":[{"name":"wp","href":"https:\/\/api.w.org\/{rel}","templated":true}]}}