{"id":247948,"date":"2019-08-26T12:32:37","date_gmt":"2019-08-26T15:32:37","guid":{"rendered":"https:\/\/www.lavras24horas.com.br\/portal\/?p=247948"},"modified":"2019-08-26T12:32:37","modified_gmt":"2019-08-26T15:32:37","slug":"informativo-da-reuniao-ordinaria-da-camara-municipal-26-08-19","status":"publish","type":"post","link":"https:\/\/www.lavras24horas.com.br\/portal\/informativo-da-reuniao-ordinaria-da-camara-municipal-26-08-19\/","title":{"rendered":"Informativo da Reuni\u00e3o Ordin\u00e1ria da C\u00e2mara Municipal \u2013 26\/08\/19"},"content":{"rendered":"<p>&nbsp;<\/p>\n<p>&nbsp;<\/p>\n<p style=\"text-align: center;\"><strong>25\u00aa Reuni\u00e3o Ordin\u00e1ria da Sess\u00e3o Legislativa do ano de 2019 \u2013 26\/08\/2019<\/strong><\/p>\n<p style=\"text-align: justify;\"><strong>ATA AGUARDANDO VOTA\u00c7\u00c3O<\/strong><\/p>\n<p style=\"text-align: justify;\">\n&#8211; Ata da vig\u00e9sima quarta reuni\u00e3o ordin\u00e1ria da C\u00e2mara Municipal de Lavras, da Sess\u00e3o Legislativa do ano de 2019 \u2013<br \/>\n19\/08\/2019.<\/p>\n<p style=\"text-align: justify;\">\nREQUERIMENTOS QUE DERAM ENTRADA<\/p>\n<p style=\"text-align: justify;\">\nVereador Peterson Rodrigo da Silva Borges<br \/>\n01 &#8211; Of\u00edcio ao Chefe do Executivo para que sejam instaladas placas na Rua O, bairro Novo Horizonte,<br \/>\npara coibir a degrada\u00e7\u00e3o e o ac\u00famulo de lixo ali depositados.<br \/>\n02 &#8211; Of\u00edcio ao Chefe do Executivo para que sejam instaladas placas na Rua Procurador Paulo Chagas<br \/>\nFelisberto, nas proximidades do n\u00ba 180, no bairro Mundo Novo, para coibir a degrada\u00e7\u00e3o e o ac\u00famulo<br \/>\nde lixo ali depositados.<br \/>\nVereadora Nastenka Georgina Ferreira<br \/>\n01 \u2013 Of\u00edcio ao Chefe do Executivo solicitando a instala\u00e7\u00e3o de um redutor de velocidade na Rua Jo\u00e3o<br \/>\nLacerda, em frente \u00e0 Igreja Maranata.<br \/>\n02 \u2013 Of\u00edcio ao Chefe do Executivo solicitando informa\u00e7\u00f5es a respeito da coleta de lixo eletr\u00f4nico em<br \/>\nnosso Munic\u00edpio.<\/p>\n<p style=\"text-align: justify;\">\n<strong>MO\u00c7\u00d5ES<\/strong><\/p>\n<p style=\"text-align: justify;\">Vereador Sebasti\u00e3o dos Santos Vieira<br \/>\n01 \u2013 Mo\u00e7\u00e3o de Cumprimentos ao casal Dr. Dirceu e Romara.<br \/>\n02 \u2013 Mo\u00e7\u00e3o de Pesar aos familiares do Sr. L\u00e1zaro Bolkol de Oliveira.<br \/>\nVereador Marcos Possato<br \/>\n01 \u2013 Mo\u00e7\u00e3o de Congratula\u00e7\u00f5es ao grupo \u201cTrilh\u00e3o MTB \u2013 Lavras MG\u201d.<br \/>\nC\u00e2mara Municipal de Lavras<br \/>\nAv. Pedro Sales, 542 &#8211; Centro &#8211; Lavras\/MG<br \/>\nTelefone: (35) 3821-6140<\/p>\n<p style=\"text-align: justify;\">\n<strong>PROJETOS AGUARDANDO PARECER DAS COMISS\u00d5ES<\/strong><\/p>\n<p style=\"text-align: justify;\">\n01- Projeto de Lei n\u00ba 020\/2019 (Chefe do Executivo) que \u201cDisp\u00f5e sobre as diretrizes do Munic\u00edpio de<br \/>\nLavras para elabora\u00e7\u00e3o da Lei Or\u00e7ament\u00e1ria de 2020 e d\u00e1 outras provid\u00eancias\u201d.<br \/>\n02- Projeto de Lei do Legislativo n\u00ba 056\/2019 (Vereador Ubirajara Cassiano Rocha) que \u201cDisp\u00f5e sobre<br \/>\na obrigatoriedade de publica\u00e7\u00e3o, via internet, de informa\u00e7\u00f5es sobre os plant\u00f5es m\u00e9dicos\u201d.<br \/>\n03- Projeto de Lei do Legislativo n\u00ba 057\/2019 (Vereadores Cristiane de Oliveira Costa Lasmar e Ant\u00f4nio<br \/>\nClaret dos Santos) que \u201cDisp\u00f5e sobre a institui\u00e7\u00e3o da Semana de Conscientiza\u00e7\u00e3o da S\u00edndrome de<br \/>\nTourette e cria o Dia Municipal do Portador da S\u00edndrome de Tourette no calend\u00e1rio de eventos<br \/>\ndo munic\u00edpio de Lavras\u201d.<br \/>\n04- Projeto de Lei n\u00ba 021\/2019 (Chefe do Executivo) que \u201cAltera a Lei n\u00ba 4.039\/2013, que disp\u00f5e sobre<br \/>\nas penalidades a serem aplicadas \u00e0 pr\u00e1tica de maus-tratos aos animais no Munic\u00edpio de Lavras, e<br \/>\nd\u00e1 outras provid\u00eancias\u201d.<\/p>\n<p style=\"text-align: justify;\">\n<strong>PROJETOS AGUARDANDO INFORMA\u00c7\u00d5ES DO EXECUTIVO<\/strong><\/p>\n<p style=\"text-align: justify;\">\n01- Projeto de Lei do Legislativo n\u00ba 048\/2019 (Vereadores Marcos Possato e Alessandro Furtado Silva)<br \/>\nque \u201cDenomina de Rua Dr. Nelson Alvarenga Figueiredo, logradouro p\u00fablico que menciona\u201d.<br \/>\n02- Projeto de Lei do Legislativo n\u00ba 049\/2019 (Vereadores Marcos Possato e Alessandro Furtado Silva)<br \/>\nque \u201cDenomina de Rua Gabriel de Siqueira Lopes, logradouro p\u00fablico que menciona\u201d.<br \/>\n03- Projeto de Lei do Legislativo n\u00ba 051\/2019 (Vereador Alessandro Furtado Silva) que \u201cDenomina de<br \/>\nRua Vit\u00f3rio Mascarenhas, logradouro p\u00fablico que menciona\u201d.<\/p>\n<p style=\"text-align: justify;\">\n<strong>PROJETO EM 2\u00aa VOTA\u00c7\u00c3O E REDA\u00c7\u00c3O FINAL<\/strong><\/p>\n<p style=\"text-align: justify;\">\n01 &#8211; Projeto de Lei n\u00ba 003\/2019 (Chefe do Executivo) que \u201cDisp\u00f5e sobre a proibi\u00e7\u00e3o da distribui\u00e7\u00e3o<br \/>\nde folhetos, panfletos ou qualquer outro tipo de material impresso veiculador de mensagens<br \/>\npublicit\u00e1rias na forma e nos locais que menciona e d\u00e1 outras provid\u00eancias.\u201d (Protocolado em<br \/>\n30\/01\/2019) (Emenda do Vereador Ubirajara Cassiano Rocha)<\/p>\n<p style=\"text-align: justify;\">\n<strong>PROJETO EM 1\u00aa DISCUSS\u00c3O E VOTA\u00c7\u00c3O<\/strong><\/p>\n<p style=\"text-align: justify;\">\n01- Projeto de Lei n\u00ba 017\/2019 (Chefe do Executivo) que \u201cAutoriza o Poder Executivo a contratar<br \/>\nopera\u00e7\u00e3o de cr\u00e9dito junto \u00e0 Caixa Econ\u00f4mica Federal \u2013 CEF, no \u00e2mbito do Programa FINISA \u2013<br \/>\ndestinado a aplica\u00e7\u00e3o em despesa de capital, a oferecer garantias e d\u00e1 outras provid\u00eancias\u201d.<br \/>\n(Emenda Vereador Carlos Lindomar de Sousa)<br \/>\n&#8211; Vista Vereador Carlos Lindomar de Sousa<br \/>\n&#8211; Vista Vereadora Nastenka Georgina Ferreira<br \/>\n&#8211; Vista Vereador Elias Freire Filho<\/p>\n<p style=\"text-align: justify;\">\nProjeto de Lei do Legislativo n\u00ba 040\/2019 (Vereadores Carlos Lindomar de Sousa e Coronel Claret)<br \/>\nque \u201cDisp\u00f5e sobre a institui\u00e7\u00e3o do Programa de Integridade nas empresas que contratarem com a<br \/>\nAdministra\u00e7\u00e3o P\u00fablica do Munic\u00edpio de Lavras e d\u00e1 outras provid\u00eancias\u201d.<\/p>\n<p style=\"text-align: justify;\">\n03- Projeto de Lei do Legislativo n\u00ba 054\/2019 (Vereadores Coronel Claret e Cristiane Costa) que<br \/>\n\u201cDisp\u00f5e sobre a proibi\u00e7\u00e3o da distribui\u00e7\u00e3o ou venda de sacolas pl\u00e1sticas e disciplina a distribui\u00e7\u00e3o<br \/>\ne venda de sacolas biodegrad\u00e1veis ou biocompost\u00e1veis a consumidores, em todos os<br \/>\nestabelecimentos comerciais em Lavras, e d\u00e1 outras provid\u00eancias\u201d.<\/p>\n<p style=\"text-align: justify;\">\nProjeto de Resolu\u00e7\u00e3o n\u00ba 002\/2019 (Mesa Diretora da C\u00e2mara Municipal de Lavras) que \u201cDisp\u00f5e<br \/>\nsobre o Centro de Apoio ao Cidad\u00e3o, da C\u00e2mara Municipal de Lavras \u2013 MG, regulamenta o seu<br \/>\nfuncionamento e d\u00e1 outras provid\u00eancias\u201d. (Prazo m\u00e1ximo para vota\u00e7\u00e3o de 90 dias esgotado sem<br \/>\nemiss\u00e3o de parecer)<\/p>\n<p style=\"text-align: justify;\">\n<strong>AGENDAMENTOS PARA USO DA TRIBUNA LIVRE<\/strong><br \/>\n\u2022 <strong>26\/08\/2019 \u2013 Professora Camila Franco, Universidade Federal de Lavras \u2013 UFLA, que far\u00e1 uma<\/strong><br \/>\n<strong>explana\u00e7\u00e3o sobre o meio ambiente e pl\u00e1stico na natureza.<\/strong><\/p>\n","protected":false},"excerpt":{"rendered":"<p>&nbsp; &nbsp; 25\u00aa Reuni\u00e3o Ordin\u00e1ria da Sess\u00e3o Legislativa do ano de 2019 \u2013 26\/08\/2019 ATA AGUARDANDO VOTA\u00c7\u00c3O &#8211; Ata da vig\u00e9sima quarta reuni\u00e3o ordin\u00e1ria da C\u00e2mara Municipal de Lavras, da Sess\u00e3o Legislativa do ano de 2019 \u2013 19\/08\/2019. REQUERIMENTOS QUE DERAM ENTRADA Vereador Peterson Rodrigo da Silva Borges 01 &#8211; Of\u00edcio ao Chefe do Executivo [&hellip;]<\/p>\n","protected":false},"author":7,"featured_media":247706,"comment_status":"closed","ping_status":"closed","sticky":false,"template":"","format":"standard","meta":{"advanced_seo_description":"","jetpack_seo_html_title":"","jetpack_seo_noindex":false,"_jetpack_memberships_contains_paid_content":false,"footnotes":""},"categories":[14],"tags":[467,466],"class_list":["post-247948","post","type-post","status-publish","format-standard","has-post-thumbnail","hentry","category-destaques-2","tag-automatico","tag-rascunho"],"jetpack_featured_media_url":"https:\/\/i0.wp.com\/www.lavras24horas.com.br\/portal\/wp-content\/uploads\/2019\/08\/fachada-camara-2.jpg?fit=500%2C281&ssl=1","jetpack_sharing_enabled":true,"jetpack_likes_enabled":true,"jetpack_shortlink":"https:\/\/wp.me\/p12djN-12va","_links":{"self":[{"href":"https:\/\/www.lavras24horas.com.br\/portal\/wp-json\/wp\/v2\/posts\/247948","targetHints":{"allow":["GET"]}}],"collection":[{"href":"https:\/\/www.lavras24horas.com.br\/portal\/wp-json\/wp\/v2\/posts"}],"about":[{"href":"https:\/\/www.lavras24horas.com.br\/portal\/wp-json\/wp\/v2\/types\/post"}],"author":[{"embeddable":true,"href":"https:\/\/www.lavras24horas.com.br\/portal\/wp-json\/wp\/v2\/users\/7"}],"replies":[{"embeddable":true,"href":"https:\/\/www.lavras24horas.com.br\/portal\/wp-json\/wp\/v2\/comments?post=247948"}],"version-history":[{"count":1,"href":"https:\/\/www.lavras24horas.com.br\/portal\/wp-json\/wp\/v2\/posts\/247948\/revisions"}],"predecessor-version":[{"id":247949,"href":"https:\/\/www.lavras24horas.com.br\/portal\/wp-json\/wp\/v2\/posts\/247948\/revisions\/247949"}],"wp:featuredmedia":[{"embeddable":true,"href":"https:\/\/www.lavras24horas.com.br\/portal\/wp-json\/wp\/v2\/media\/247706"}],"wp:attachment":[{"href":"https:\/\/www.lavras24horas.com.br\/portal\/wp-json\/wp\/v2\/media?parent=247948"}],"wp:term":[{"taxonomy":"category","embeddable":true,"href":"https:\/\/www.lavras24horas.com.br\/portal\/wp-json\/wp\/v2\/categories?post=247948"},{"taxonomy":"post_tag","embeddable":true,"href":"https:\/\/www.lavras24horas.com.br\/portal\/wp-json\/wp\/v2\/tags?post=247948"}],"curies":[{"name":"wp","href":"https:\/\/api.w.org\/{rel}","templated":true}]}}