{"id":247938,"date":"2019-08-26T07:00:28","date_gmt":"2019-08-26T10:00:28","guid":{"rendered":"https:\/\/www.lavras24horas.com.br\/portal\/?p=247938"},"modified":"2019-08-25T15:48:47","modified_gmt":"2019-08-25T18:48:47","slug":"lavras-recebera-o-projeto-acoes-integradas-do-cra-mg","status":"publish","type":"post","link":"https:\/\/www.lavras24horas.com.br\/portal\/lavras-recebera-o-projeto-acoes-integradas-do-cra-mg\/","title":{"rendered":"Lavras receber\u00e1 o projeto A\u00e7\u00f5es Integradas do CRA-MG"},"content":{"rendered":"<p>&nbsp;<\/p>\n<p>&nbsp;<\/p>\n<p style=\"text-align: justify;\">Lavras recebera o projeto A\u00e7\u00f5es Integradas na pr\u00f3xima quinta-feira, dia 29. O projeto percorre as cidades com diversas a\u00e7\u00f5es voltadas aos profissionais e empresas registrados, estudantes, coordenadores dos cursos de Administra\u00e7\u00e3o e sociedade em geral.<\/p>\n<p style=\"text-align: justify;\">O projeto A\u00e7\u00f5es Integradas consiste no desenvolvimento de a\u00e7\u00f5es sist\u00eamicas nas regi\u00f5es do estado, com o intuito de levar conhecimento, fiscalizar o exerc\u00edcio da profiss\u00e3o, gerar oportunidade de neg\u00f3cios \u00e0s empresas e profissionais registrados, desenvolver trabalhos em parceria com as institui\u00e7\u00f5es de ensino, al\u00e9m de identificar as demandas dos registrados do interior para que o CRA-MG atenda \u00e0s necessidades espec\u00edficas de cada regi\u00e3o.<\/p>\n<p>Veja a programa\u00e7\u00e3o:<\/p>\n<p><strong>\u2013 Opera\u00e7\u00e3o Blitz (Durante todo o dia)<\/strong><\/p>\n<p><strong>Empresas de Lavras<\/strong><\/p>\n<p><strong>\u2013 CRA-MG Itinerante \u2013 13h \u00e0s 16h<\/strong><\/p>\n<p><strong>\u2013 Circuito Mineiro de Administra\u00e7\u00e3o \u2013 CMA \u2013 19h<\/strong><\/p>\n<p><strong>Local: FAGAMMON \u2013 Faculdade Presbiteriana Gammon<\/strong><\/p>\n<p><strong>Pra\u00e7a Doutor Augusto Silva, 616, Centro, Lavras<\/strong><\/p>\n<p><strong>Palestra: O futuro da Administra\u00e7\u00e3o ou Administra\u00e7\u00e3o do futuro<\/strong><\/p>\n<p><strong>Palestrante: Adm. Jehu Pinto de Aguilar Filho \u2013 Presidente do CRA-MG<\/strong><\/p>\n<p>&nbsp;<\/p>\n","protected":false},"excerpt":{"rendered":"<p>&nbsp; &nbsp; Lavras recebera o projeto A\u00e7\u00f5es Integradas na pr\u00f3xima quinta-feira, dia 29. O projeto percorre as cidades com diversas a\u00e7\u00f5es voltadas aos profissionais e empresas registrados, estudantes, coordenadores dos cursos de Administra\u00e7\u00e3o e sociedade em geral. O projeto A\u00e7\u00f5es Integradas consiste no desenvolvimento de a\u00e7\u00f5es sist\u00eamicas nas regi\u00f5es do estado, com o intuito de [&hellip;]<\/p>\n","protected":false},"author":7,"featured_media":247939,"comment_status":"closed","ping_status":"closed","sticky":false,"template":"","format":"standard","meta":{"advanced_seo_description":"","jetpack_seo_html_title":"","jetpack_seo_noindex":false,"_jetpack_memberships_contains_paid_content":false,"footnotes":""},"categories":[14,4],"tags":[467,466],"class_list":["post-247938","post","type-post","status-publish","format-standard","has-post-thumbnail","hentry","category-destaques-2","category-lavras","tag-automatico","tag-rascunho"],"jetpack_featured_media_url":"https:\/\/i0.wp.com\/www.lavras24horas.com.br\/portal\/wp-content\/uploads\/2019\/08\/entrevista-de-emprego.jpg?fit=590%2C393&ssl=1","jetpack_sharing_enabled":true,"jetpack_likes_enabled":true,"jetpack_shortlink":"https:\/\/wp.me\/p12djN-12v0","_links":{"self":[{"href":"https:\/\/www.lavras24horas.com.br\/portal\/wp-json\/wp\/v2\/posts\/247938","targetHints":{"allow":["GET"]}}],"collection":[{"href":"https:\/\/www.lavras24horas.com.br\/portal\/wp-json\/wp\/v2\/posts"}],"about":[{"href":"https:\/\/www.lavras24horas.com.br\/portal\/wp-json\/wp\/v2\/types\/post"}],"author":[{"embeddable":true,"href":"https:\/\/www.lavras24horas.com.br\/portal\/wp-json\/wp\/v2\/users\/7"}],"replies":[{"embeddable":true,"href":"https:\/\/www.lavras24horas.com.br\/portal\/wp-json\/wp\/v2\/comments?post=247938"}],"version-history":[{"count":1,"href":"https:\/\/www.lavras24horas.com.br\/portal\/wp-json\/wp\/v2\/posts\/247938\/revisions"}],"predecessor-version":[{"id":247940,"href":"https:\/\/www.lavras24horas.com.br\/portal\/wp-json\/wp\/v2\/posts\/247938\/revisions\/247940"}],"wp:featuredmedia":[{"embeddable":true,"href":"https:\/\/www.lavras24horas.com.br\/portal\/wp-json\/wp\/v2\/media\/247939"}],"wp:attachment":[{"href":"https:\/\/www.lavras24horas.com.br\/portal\/wp-json\/wp\/v2\/media?parent=247938"}],"wp:term":[{"taxonomy":"category","embeddable":true,"href":"https:\/\/www.lavras24horas.com.br\/portal\/wp-json\/wp\/v2\/categories?post=247938"},{"taxonomy":"post_tag","embeddable":true,"href":"https:\/\/www.lavras24horas.com.br\/portal\/wp-json\/wp\/v2\/tags?post=247938"}],"curies":[{"name":"wp","href":"https:\/\/api.w.org\/{rel}","templated":true}]}}