{"id":247934,"date":"2019-08-26T07:00:57","date_gmt":"2019-08-26T10:00:57","guid":{"rendered":"https:\/\/www.lavras24horas.com.br\/portal\/?p=247934"},"modified":"2019-08-26T08:06:36","modified_gmt":"2019-08-26T11:06:36","slug":"silvo-brito-fara-show-em-varginha-no-proximo-sabado-31","status":"publish","type":"post","link":"https:\/\/www.lavras24horas.com.br\/portal\/silvo-brito-fara-show-em-varginha-no-proximo-sabado-31\/","title":{"rendered":"Silvo Brito far\u00e1 show em Varginha no pr\u00f3ximo s\u00e1bado (31)"},"content":{"rendered":"<p style=\"text-align: justify;\">\n<p style=\"text-align: justify;\">\n<p style=\"text-align: justify;\">O t\u00e3o esperado show \u201cAmigos &amp; Can\u00e7\u00f5es \/ 2019\u201d, acontece no dia 31 de agosto, s\u00e1bado \u00e0s 20h, no Gin\u00e1sio do VTC em Varginha. Ele \u00e9 uma realiza\u00e7\u00e3o dos artistas do Festival da Can\u00e7\u00e3o Crist\u00e3 de Varginha, que todo ano se re\u00fanem para oferecer ao p\u00fablico, um show diferente, um show de evangeliza\u00e7\u00e3o e congra\u00e7amento.<\/p>\n<p style=\"text-align: justify;\">Neste ano, a proposta \u00e9 mais ousada: eles querem ajudar o Lar S\u00e3o Vicente de Paulo e a Associa\u00e7\u00e3o Refazer. Por isto, eles cantar\u00e3o v\u00e1rias can\u00e7\u00f5es que foram premiadas nos 31 anos de festival e deixar\u00e3o o palco ao comando do renomado cantor e compositor varginhense, trespontano, sulmineiro, que tanto sucesso faz em todo o Brasil, Silvio Brito.<\/p>\n<p style=\"text-align: justify;\">Al\u00e9m de se divertir, rezar, cantar e relembrar tempos incr\u00edveis de nossa m\u00fasica crist\u00e3 e popular, voc\u00ea estar\u00e1 colaborando para que o Lar S\u00e3o Vicente e a Associa\u00e7\u00e3o Refazer possam cumprir sua miss\u00e3o de ajudar os pobres e carentes de nossa sociedade.<\/p>\n<p style=\"text-align: justify;\">Silvio Brito se disp\u00f4s a vir contribuir com seu talento, suas lindas can\u00e7\u00f5es e sua voz. E voc\u00ea, contribuir\u00e1 com sua presen\u00e7a, seu testemunho, seu aplauso e sua alegria no Gin\u00e1sio do VTC.<\/p>\n<p style=\"text-align: justify;\">Os ingressos, de apenas R$ 30,00 est\u00e3o sendo vendidos na Loja Mais Brasil no centro da cidade, Cal\u00e7ados Bonfim no shopping, no Lar S\u00e3o Vicente e no VTC.<\/p>\n<p style=\"text-align: justify;\">Adquira j\u00e1 o seu ingresso e venha participe desse grande encontro musical.<\/p>\n<p style=\"text-align: justify;\">N\u00e3o se esque\u00e7a: dia 31 de agosto, \u00e0s 20h, s\u00e1bado, no Gin\u00e1sio do VTC, Silvio Brito e os demais artistas do Festival da Can\u00e7\u00e3o Crist\u00e3 de Varginha, estar\u00e3o esperando por voc\u00ea.<\/p>\n<p style=\"text-align: justify;\"><strong>Fonte: Varginha Online\u00a0<\/strong><\/p>\n<p style=\"text-align: justify;\">\n","protected":false},"excerpt":{"rendered":"<p>O t\u00e3o esperado show \u201cAmigos &amp; Can\u00e7\u00f5es \/ 2019\u201d, acontece no dia 31 de agosto, s\u00e1bado \u00e0s 20h, no Gin\u00e1sio do VTC em Varginha. Ele \u00e9 uma realiza\u00e7\u00e3o dos artistas do Festival da Can\u00e7\u00e3o Crist\u00e3 de Varginha, que todo ano se re\u00fanem para oferecer ao p\u00fablico, um show diferente, um show de evangeliza\u00e7\u00e3o e congra\u00e7amento. [&hellip;]<\/p>\n","protected":false},"author":7,"featured_media":247935,"comment_status":"closed","ping_status":"closed","sticky":false,"template":"","format":"standard","meta":{"advanced_seo_description":"","jetpack_seo_html_title":"","jetpack_seo_noindex":false,"_jetpack_memberships_contains_paid_content":false,"footnotes":""},"categories":[13,4],"tags":[467,466],"class_list":["post-247934","post","type-post","status-publish","format-standard","has-post-thumbnail","hentry","category-laterais-1","category-lavras","tag-automatico","tag-rascunho"],"jetpack_featured_media_url":"https:\/\/i0.wp.com\/www.lavras24horas.com.br\/portal\/wp-content\/uploads\/2019\/08\/15.jpg?fit=500%2C375&ssl=1","jetpack_sharing_enabled":true,"jetpack_likes_enabled":true,"jetpack_shortlink":"https:\/\/wp.me\/p12djN-12uW","_links":{"self":[{"href":"https:\/\/www.lavras24horas.com.br\/portal\/wp-json\/wp\/v2\/posts\/247934","targetHints":{"allow":["GET"]}}],"collection":[{"href":"https:\/\/www.lavras24horas.com.br\/portal\/wp-json\/wp\/v2\/posts"}],"about":[{"href":"https:\/\/www.lavras24horas.com.br\/portal\/wp-json\/wp\/v2\/types\/post"}],"author":[{"embeddable":true,"href":"https:\/\/www.lavras24horas.com.br\/portal\/wp-json\/wp\/v2\/users\/7"}],"replies":[{"embeddable":true,"href":"https:\/\/www.lavras24horas.com.br\/portal\/wp-json\/wp\/v2\/comments?post=247934"}],"version-history":[{"count":3,"href":"https:\/\/www.lavras24horas.com.br\/portal\/wp-json\/wp\/v2\/posts\/247934\/revisions"}],"predecessor-version":[{"id":247944,"href":"https:\/\/www.lavras24horas.com.br\/portal\/wp-json\/wp\/v2\/posts\/247934\/revisions\/247944"}],"wp:featuredmedia":[{"embeddable":true,"href":"https:\/\/www.lavras24horas.com.br\/portal\/wp-json\/wp\/v2\/media\/247935"}],"wp:attachment":[{"href":"https:\/\/www.lavras24horas.com.br\/portal\/wp-json\/wp\/v2\/media?parent=247934"}],"wp:term":[{"taxonomy":"category","embeddable":true,"href":"https:\/\/www.lavras24horas.com.br\/portal\/wp-json\/wp\/v2\/categories?post=247934"},{"taxonomy":"post_tag","embeddable":true,"href":"https:\/\/www.lavras24horas.com.br\/portal\/wp-json\/wp\/v2\/tags?post=247934"}],"curies":[{"name":"wp","href":"https:\/\/api.w.org\/{rel}","templated":true}]}}