{"id":247931,"date":"2019-08-25T15:19:24","date_gmt":"2019-08-25T18:19:24","guid":{"rendered":"https:\/\/www.lavras24horas.com.br\/portal\/?p=247931"},"modified":"2019-08-25T15:19:24","modified_gmt":"2019-08-25T18:19:24","slug":"minas-gerais-se-mantem-como-segundo-estado-a-gerar-mais-empregos-no-pais","status":"publish","type":"post","link":"https:\/\/www.lavras24horas.com.br\/portal\/minas-gerais-se-mantem-como-segundo-estado-a-gerar-mais-empregos-no-pais\/","title":{"rendered":"Minas Gerais se mant\u00e9m como segundo estado a gerar mais empregos no pa\u00eds"},"content":{"rendered":"<p>&nbsp;<\/p>\n<p>&nbsp;<\/p>\n<p style=\"text-align: justify;\">Minas Gerais est\u00e1, novamente, entre os primeiros estados da federa\u00e7\u00e3o que mais geram empregos em todo o pa\u00eds, em 2019. Das 43.820 vagas abertas no Brasil, no m\u00eas de julho, Minas \u00e9 respons\u00e1vel por 24% dos novos postos, com a cria\u00e7\u00e3o l\u00edquida (diferen\u00e7a entre contratados e demitidos) de 10.609 oportunidades para os trabalhadores. Os dados s\u00e3o do Cadastro Geral de Empregados e Desempregados (Caged), divulgados nesta sexta-feira (23\/8).<\/p>\n<p style=\"text-align: justify;\">Os n\u00fameros mostram ainda que Minas tamb\u00e9m ocupa a segunda posi\u00e7\u00e3o no acumulado do ano, com a gera\u00e7\u00e3o l\u00edquida de 99.946 vagas (21,66%). S\u00e3o Paulo vem em primeiro lugar com 174.270 ocupa\u00e7\u00f5es (37,76%).<\/p>\n<p style=\"text-align: justify;\">\u201cA cont\u00ednua contrata\u00e7\u00e3o l\u00edquida no setor formal da economia mineira, acrescida aos resultados da Pesquisa Nacional por Amostra de Domic\u00edlios Cont\u00ednua, referente ao primeiro semestre do ano, refor\u00e7a a tend\u00eancia de que o estado de Minas Gerais vem mantendo sua recupera\u00e7\u00e3o do emprego\u201d, destaca a\u00a0 diretora de estat\u00edstica da Funda\u00e7\u00e3o Jo\u00e3o Pinheiro, Eleonora Cruz Santos.<\/p>\n<p style=\"text-align: justify;\">No que diz respeito aos setores que abriram mais oportunidades no estado, a constru\u00e7\u00e3o civil saiu do terceiro lugar, ocupado em junho ( 2.439), e se firmou como o que mais atraiu trabalhadores no m\u00eas de julho, sendo respons\u00e1vel por 56%\u00a0 do total de vagas.(5.958). Em seguida aparecem as \u00e1reas de servi\u00e7os, com quase 36% (3.794 vagas) e Ind\u00fastria de transforma\u00e7\u00e3o, com 29,32% (3.111 vagas). A agropecu\u00e1ria foi o setor que mais perdeu vagas em todo o estado (3.682 vagas), embora mantenha o segundo lugar em contrata\u00e7\u00f5es em 2019.<\/p>\n<p style=\"text-align: justify;\">No acumulado do ano, as maiores contrata\u00e7\u00f5es se deram, at\u00e9 o momento, nos seguintes setores: outros servi\u00e7os (38,7%), agropecu\u00e1ria (31,4%), constru\u00e7\u00e3o civil (20,5%) e ind\u00fastria de transforma\u00e7\u00e3o (15,7%).<\/p>\n<p style=\"text-align: justify;\"><strong>Sine<\/strong><\/p>\n<p style=\"text-align: justify;\">Coordenado pela\u00a0<a href=\"http:\/\/www.social.mg.gov.br\/\" target=\"_blank\" rel=\"noopener noreferrer\">Secretaria de Estado de Desenvolvimento Social (Sedese)<\/a>, o Sine ofereceu mais de 9.500 vagas no m\u00eas de julho, em todo o estado. Os setores que disponibilizaram mais vagas foram os de servi\u00e7os,\u00a0 agropecu\u00e1ria, constru\u00e7\u00e3o e ind\u00fastria.<\/p>\n<p style=\"text-align: justify;\">Os interessados em conquistar uma oportunidade no mercado de trabalho devem se dirigir a uma das unidades do Sine e levar o documento de identidade, o CPF e a carteira de trabalho, para se candidatar \u00e0s vagas dispon\u00edveis diariamente. Os endere\u00e7os dos postos podem ser encontrados no site da Sedese (<a href=\"http:\/\/www.social.mg.gov.br\/component\/gmg\/page\/2661-unidade-de-atendimento-ao-trabalhador\" target=\"_blank\" rel=\"noopener noreferrer\">clique aqui<\/a>).<\/p>\n<p><strong>Fonte: Ag\u00eancia Minas\u00a0<\/strong><\/p>\n","protected":false},"excerpt":{"rendered":"<p>&nbsp; &nbsp; Minas Gerais est\u00e1, novamente, entre os primeiros estados da federa\u00e7\u00e3o que mais geram empregos em todo o pa\u00eds, em 2019. Das 43.820 vagas abertas no Brasil, no m\u00eas de julho, Minas \u00e9 respons\u00e1vel por 24% dos novos postos, com a cria\u00e7\u00e3o l\u00edquida (diferen\u00e7a entre contratados e demitidos) de 10.609 oportunidades para os trabalhadores. [&hellip;]<\/p>\n","protected":false},"author":7,"featured_media":247932,"comment_status":"closed","ping_status":"closed","sticky":false,"template":"","format":"standard","meta":{"advanced_seo_description":"","jetpack_seo_html_title":"","jetpack_seo_noindex":false,"_jetpack_memberships_contains_paid_content":false,"footnotes":""},"categories":[14,4],"tags":[467,466],"class_list":["post-247931","post","type-post","status-publish","format-standard","has-post-thumbnail","hentry","category-destaques-2","category-lavras","tag-automatico","tag-rascunho"],"jetpack_featured_media_url":"https:\/\/i0.wp.com\/www.lavras24horas.com.br\/portal\/wp-content\/uploads\/2019\/08\/2.jpg?fit=582%2C350&ssl=1","jetpack_sharing_enabled":true,"jetpack_likes_enabled":true,"jetpack_shortlink":"https:\/\/wp.me\/p12djN-12uT","_links":{"self":[{"href":"https:\/\/www.lavras24horas.com.br\/portal\/wp-json\/wp\/v2\/posts\/247931","targetHints":{"allow":["GET"]}}],"collection":[{"href":"https:\/\/www.lavras24horas.com.br\/portal\/wp-json\/wp\/v2\/posts"}],"about":[{"href":"https:\/\/www.lavras24horas.com.br\/portal\/wp-json\/wp\/v2\/types\/post"}],"author":[{"embeddable":true,"href":"https:\/\/www.lavras24horas.com.br\/portal\/wp-json\/wp\/v2\/users\/7"}],"replies":[{"embeddable":true,"href":"https:\/\/www.lavras24horas.com.br\/portal\/wp-json\/wp\/v2\/comments?post=247931"}],"version-history":[{"count":1,"href":"https:\/\/www.lavras24horas.com.br\/portal\/wp-json\/wp\/v2\/posts\/247931\/revisions"}],"predecessor-version":[{"id":247933,"href":"https:\/\/www.lavras24horas.com.br\/portal\/wp-json\/wp\/v2\/posts\/247931\/revisions\/247933"}],"wp:featuredmedia":[{"embeddable":true,"href":"https:\/\/www.lavras24horas.com.br\/portal\/wp-json\/wp\/v2\/media\/247932"}],"wp:attachment":[{"href":"https:\/\/www.lavras24horas.com.br\/portal\/wp-json\/wp\/v2\/media?parent=247931"}],"wp:term":[{"taxonomy":"category","embeddable":true,"href":"https:\/\/www.lavras24horas.com.br\/portal\/wp-json\/wp\/v2\/categories?post=247931"},{"taxonomy":"post_tag","embeddable":true,"href":"https:\/\/www.lavras24horas.com.br\/portal\/wp-json\/wp\/v2\/tags?post=247931"}],"curies":[{"name":"wp","href":"https:\/\/api.w.org\/{rel}","templated":true}]}}