{"id":247928,"date":"2019-08-26T07:00:45","date_gmt":"2019-08-26T10:00:45","guid":{"rendered":"https:\/\/www.lavras24horas.com.br\/portal\/?p=247928"},"modified":"2019-08-26T12:24:46","modified_gmt":"2019-08-26T15:24:46","slug":"lavras-sediara-39o-encontro-mineiro-de-ginecologistas-e-obstetras","status":"publish","type":"post","link":"https:\/\/www.lavras24horas.com.br\/portal\/lavras-sediara-39o-encontro-mineiro-de-ginecologistas-e-obstetras\/","title":{"rendered":"Lavras sediar\u00e1 39\u00ba Encontro Mineiro de Ginecologistas e Obstetras"},"content":{"rendered":"<p>&nbsp;<\/p>\n<p>&nbsp;<\/p>\n<p style=\"text-align: justify;\">A Associa\u00e7\u00e3o dos Ginecologistas e Obstetras de Minas Gerais (Sogimig), promove nos dias 13 e 14 de setembro, o XXXIX Encontro Mineiro de Ginecologistas e Obstetras na cidade de Lavras (MG). O evento vai reunir cerca de 150 pessoas, entre acad\u00eamicos e especialistas da \u00e1rea. De acordo com o presidente da Sogimig, Dr. Delzio Bicalho, o encontro \u00e9 uma oportunidade muito rica de atualiza\u00e7\u00e3o para ginecologistas, obstetras, residentes e acad\u00eamicos de medicina. \u201cVamos discutir os temas mais atuais da especialidade, com destaque para os cursos de Trauma Perineal e Emerg\u00eancias Obst\u00e9tricas. A programa\u00e7\u00e3o est\u00e1 imperd\u00edvel\u201d, afirma.<\/p>\n<p style=\"text-align: justify;\">Um dos destaques do evento \u00e9 a presen\u00e7a da professora doutora Carolina Sales Vieira, Ginecologista-Obstetra com especializa\u00e7\u00e3o em Reprodu\u00e7\u00e3o Humana que \u00e9 Professora Associada do Departamento de Ginecologia e Obstetr\u00edcia da FMRP-USP. A m\u00e9dica Carolina tem p\u00f3s-doutorado em Contracep\u00e7\u00e3o no Population Council, New York (2017), \u00e9 bolsista de produtividade em pesquisa 1D do CNPq e sua principal linha de pesquisa \u00e9 contracep\u00e7\u00e3o. No encontro, a especialista vai falar sobre tromboembolismo e contracep\u00e7\u00e3o: mitos e verdades- 17:30, na sexta feira (13\/09) e atualiza\u00e7\u00e3o em contracep\u00e7\u00e3o na adolesc\u00eancia- 10:50, no s\u00e1bado (14\/09).<\/p>\n<p style=\"text-align: justify;\">Residentes, Ginecologistas e Obstetras N\u00c3O S\u00d3CIOS da SOGIMIG que se inscreverem no evento j\u00e1 garantem a anuidade SOGIMIG\/FEBRASGO com 30% de desconto. \u00c9 importante destacar que N\u00c3O S\u00d3CIOS da SOGIMIG (qualquer um) que queiram participar dos cursos de Trauma Perineal ou Emerg\u00eancias Obst\u00e9tricas devem se inscrever separadamente no EMGO 2019 e no curso desejado. Os ASSOCIADOS que optarem pelo curso, j\u00e1 tem a inscri\u00e7\u00e3o no evento inclusa no valor. Os que optarem somente pela programa\u00e7\u00e3o de palestras dever\u00e3o pagar somente a taxa de inscri\u00e7\u00e3o no EMGO.\u00a0 Para se inscrever acesse: https:\/\/bit.ly\/2zglhNU<\/p>\n<p style=\"text-align: justify;\"><strong>CONFIRA A PROGRAMA\u00c7\u00c3O COMPLETA<\/strong><\/p>\n<p>\u00a0Sexta feira 13\/09<\/p>\n<p>13h \u2013 17h<\/p>\n<p>SALA 01 &#8211; Curso Trauma Perineal<\/p>\n<p>SALA 02 &#8211; Curso Emerg\u00eancias Obst\u00e9tricas<\/p>\n<p>SALA 03 &#8211; Sess\u00e3o de Casos Cl\u00ednicos<\/p>\n<p>17:30 &#8211; Confer\u00eancia de Abertura: Tromboembolismo e contracep\u00e7\u00e3o: mitos e verdades: Dra Carolina Sales<\/p>\n<p>&nbsp;<\/p>\n<p>S\u00e1bado 14\/09<\/p>\n<p>Mesa &#8211; Obstetr\u00edcia<\/p>\n<p>Moderadores: Dr Ubaldino Vieira de Alvarenga e Dr Clovis Bacha<\/p>\n<p>08:30 &#8211; CIUR precoce e tardio: duas entidades? &#8211; Dr Mario Dias Correa J\u00fanior<\/p>\n<p>08:50 &#8211; Novos protocolos de diabetes na gesta\u00e7\u00e3o &#8211; Dra Inessa Beraldo Bonomi<\/p>\n<p>09:10 &#8211; Pr\u00e9 eclampsia da preven\u00e7\u00e3o \u00e0 interrup\u00e7\u00e3o da gravidez &#8211; Dr Mario Dias Correa J\u00fanior<\/p>\n<p>09:30 &#8211; Discuss\u00e3o<\/p>\n<p>10:00 &#8211; Coffe Break<\/p>\n<p>Mesa &#8211;\u00a0 Endocrinologia e Reprodu\u00e7\u00e3o Humana<\/p>\n<p>Moderadores: Dra Carla Zanola e Dr Helio Haddad<\/p>\n<p>10:30 &#8211; S\u00edndrome dos ov\u00e1rios polic\u00edsticos: o que h\u00e1 de novo? &#8211; Dr Fernando Marcos dos Reis<\/p>\n<p>10:50 &#8211; Atualiza\u00e7\u00e3o em contracep\u00e7\u00e3o na adolesc\u00eancia &#8211; Dra Carolina Sales<\/p>\n<p>11:10 &#8211; Infertilidade: do Consult\u00f3rio ao especialistas -Dr Jo\u00e3o Pedro Junqueira Caetano<\/p>\n<p>11:30 &#8211; Discuss\u00e3o<\/p>\n<p>12:00 &#8211; Almo\u00e7o<\/p>\n<p>Mesa Mastologia para Ginecologistas<\/p>\n<p>Moderadores: Dr C\u00e1ssio Furtini Haddad e Bruno Aquino de Souza<\/p>\n<p>14:00 &#8211; Rastreamento do C\u00e2ncer de Mama &#8211; Dr Waldeir Jos\u00e9 de Almeida J\u00fanior<\/p>\n<p>14:20 &#8211; Atraso no diagn\u00f3stico do C\u00e2ncer de Mama &#8211; Dr Henrique Lima Couto<\/p>\n<p>14:40 &#8211; Contracep\u00e7\u00e3o, terapia hormonal e C\u00e2ncer de Mama &#8211; Dra Maria Luiza Braga Gil<\/p>\n<p>15:00- Discuss\u00e3o<\/p>\n<p>15:30- Coffee Break<\/p>\n<p>Mesa &#8211; Ginecologia<\/p>\n<p>Moderadores: Dr Lucas Giarolla e Dr Mucio Barata<\/p>\n<p>16:00 &#8211; Abordagem das massas anexiais &#8211; Dr Delzio Bicalho<\/p>\n<p>16:20 &#8211; Atualidades no tratamento da incontin\u00eancia urin\u00e1ria &#8211; Dra Claudia Laranjeira<\/p>\n<p>16:40 &#8211; Endometriose: tratamento cl\u00ednico x cir\u00fargico &#8211; Dr Agnaldo Lopes da Silva Filho<\/p>\n<p>17:00 &#8211; Discuss\u00e3o<\/p>\n<p>17:30 &#8211; Encerramento<\/p>\n<p>&nbsp;<\/p>\n","protected":false},"excerpt":{"rendered":"<p>&nbsp; &nbsp; A Associa\u00e7\u00e3o dos Ginecologistas e Obstetras de Minas Gerais (Sogimig), promove nos dias 13 e 14 de setembro, o XXXIX Encontro Mineiro de Ginecologistas e Obstetras na cidade de Lavras (MG). O evento vai reunir cerca de 150 pessoas, entre acad\u00eamicos e especialistas da \u00e1rea. De acordo com o presidente da Sogimig, Dr. [&hellip;]<\/p>\n","protected":false},"author":7,"featured_media":247929,"comment_status":"closed","ping_status":"closed","sticky":false,"template":"","format":"standard","meta":{"advanced_seo_description":"","jetpack_seo_html_title":"","jetpack_seo_noindex":false,"_jetpack_memberships_contains_paid_content":false,"footnotes":""},"categories":[13077,4,1],"tags":[467,466],"class_list":["post-247928","post","type-post","status-publish","format-standard","has-post-thumbnail","hentry","category-laterais-2","category-lavras","category-sem-categoria","tag-automatico","tag-rascunho"],"jetpack_featured_media_url":"https:\/\/i0.wp.com\/www.lavras24horas.com.br\/portal\/wp-content\/uploads\/2019\/08\/GINECOLOGIA-E-OBSTETRICIA-1280-1024x576.jpg?fit=500%2C281&ssl=1","jetpack_sharing_enabled":true,"jetpack_likes_enabled":true,"jetpack_shortlink":"https:\/\/wp.me\/p12djN-12uQ","_links":{"self":[{"href":"https:\/\/www.lavras24horas.com.br\/portal\/wp-json\/wp\/v2\/posts\/247928","targetHints":{"allow":["GET"]}}],"collection":[{"href":"https:\/\/www.lavras24horas.com.br\/portal\/wp-json\/wp\/v2\/posts"}],"about":[{"href":"https:\/\/www.lavras24horas.com.br\/portal\/wp-json\/wp\/v2\/types\/post"}],"author":[{"embeddable":true,"href":"https:\/\/www.lavras24horas.com.br\/portal\/wp-json\/wp\/v2\/users\/7"}],"replies":[{"embeddable":true,"href":"https:\/\/www.lavras24horas.com.br\/portal\/wp-json\/wp\/v2\/comments?post=247928"}],"version-history":[{"count":2,"href":"https:\/\/www.lavras24horas.com.br\/portal\/wp-json\/wp\/v2\/posts\/247928\/revisions"}],"predecessor-version":[{"id":247945,"href":"https:\/\/www.lavras24horas.com.br\/portal\/wp-json\/wp\/v2\/posts\/247928\/revisions\/247945"}],"wp:featuredmedia":[{"embeddable":true,"href":"https:\/\/www.lavras24horas.com.br\/portal\/wp-json\/wp\/v2\/media\/247929"}],"wp:attachment":[{"href":"https:\/\/www.lavras24horas.com.br\/portal\/wp-json\/wp\/v2\/media?parent=247928"}],"wp:term":[{"taxonomy":"category","embeddable":true,"href":"https:\/\/www.lavras24horas.com.br\/portal\/wp-json\/wp\/v2\/categories?post=247928"},{"taxonomy":"post_tag","embeddable":true,"href":"https:\/\/www.lavras24horas.com.br\/portal\/wp-json\/wp\/v2\/tags?post=247928"}],"curies":[{"name":"wp","href":"https:\/\/api.w.org\/{rel}","templated":true}]}}