{"id":247925,"date":"2019-08-26T07:00:29","date_gmt":"2019-08-26T10:00:29","guid":{"rendered":"https:\/\/www.lavras24horas.com.br\/portal\/?p=247925"},"modified":"2019-08-25T15:08:03","modified_gmt":"2019-08-25T18:08:03","slug":"confira-os-documentos-necessarios-para-o-casamento-comunitario-em-lavras","status":"publish","type":"post","link":"https:\/\/www.lavras24horas.com.br\/portal\/confira-os-documentos-necessarios-para-o-casamento-comunitario-em-lavras\/","title":{"rendered":"Confira os documentos necess\u00e1rios para o casamento comunit\u00e1rio em Lavras"},"content":{"rendered":"<p>&nbsp;<\/p>\n<p>&nbsp;<\/p>\n<p style=\"text-align: justify;\">A Par\u00f3quia S\u00e3o Judas Tadeu abriu inscri\u00e7\u00f5es do 2\u00b0 Casamento Comunit\u00e1rio, que acontecer\u00e1 no pr\u00f3ximo dia 16 de novembro, \u00e0s 20h30.<\/p>\n<p style=\"text-align: justify;\">As inscri\u00e7\u00f5es devem ser feitas com os agentes da Pastoral Familiar nos hor\u00e1rios de segunda a sexta-feira, das 13h30 \u00e0s 17h, no escrit\u00f3rio paroquial da igreja.<\/p>\n<p style=\"text-align: justify;\">A prepara\u00e7\u00e3o para a santifica\u00e7\u00e3o matrimonial ser\u00e1 dia 19 de outubro (s\u00e1bado) de 14h \u00e0s 18h na Par\u00f3quia S\u00e3o Judas Tadeu.<\/p>\n<p style=\"text-align: justify;\">Maiores informa\u00e7\u00f5es pelo telefone 3821-8862.<\/p>\n<p style=\"text-align: justify;\">Veja dos documentos necess\u00e1rios:<\/p>\n<p><img data-recalc-dims=\"1\" fetchpriority=\"high\" decoding=\"async\" data-attachment-id=\"247926\" data-permalink=\"https:\/\/www.lavras24horas.com.br\/portal\/confira-os-documentos-necessarios-para-o-casamento-comunitario-em-lavras\/69077982_2446755775567176_708814610525847552_n\/\" data-orig-file=\"https:\/\/i0.wp.com\/www.lavras24horas.com.br\/portal\/wp-content\/uploads\/2019\/08\/69077982_2446755775567176_708814610525847552_n.jpg?fit=500%2C281&amp;ssl=1\" data-orig-size=\"500,281\" data-comments-opened=\"0\" data-image-meta=\"{&quot;aperture&quot;:&quot;0&quot;,&quot;credit&quot;:&quot;&quot;,&quot;camera&quot;:&quot;&quot;,&quot;caption&quot;:&quot;&quot;,&quot;created_timestamp&quot;:&quot;0&quot;,&quot;copyright&quot;:&quot;&quot;,&quot;focal_length&quot;:&quot;0&quot;,&quot;iso&quot;:&quot;0&quot;,&quot;shutter_speed&quot;:&quot;0&quot;,&quot;title&quot;:&quot;&quot;,&quot;orientation&quot;:&quot;0&quot;}\" data-image-title=\"69077982_2446755775567176_708814610525847552_n\" data-image-description=\"\" data-image-caption=\"\" data-large-file=\"https:\/\/i0.wp.com\/www.lavras24horas.com.br\/portal\/wp-content\/uploads\/2019\/08\/69077982_2446755775567176_708814610525847552_n.jpg?fit=500%2C281&amp;ssl=1\" class=\"aligncenter wp-image-247926 size-full\" src=\"https:\/\/i0.wp.com\/www.lavras24horas.com.br\/portal\/wp-content\/uploads\/2019\/08\/69077982_2446755775567176_708814610525847552_n.jpg?resize=500%2C281&#038;ssl=1\" alt=\"\" width=\"500\" height=\"281\" \/><\/p>\n<p>&nbsp;<\/p>\n<p>&nbsp;<\/p>\n","protected":false},"excerpt":{"rendered":"<p>&nbsp; &nbsp; A Par\u00f3quia S\u00e3o Judas Tadeu abriu inscri\u00e7\u00f5es do 2\u00b0 Casamento Comunit\u00e1rio, que acontecer\u00e1 no pr\u00f3ximo dia 16 de novembro, \u00e0s 20h30. As inscri\u00e7\u00f5es devem ser feitas com os agentes da Pastoral Familiar nos hor\u00e1rios de segunda a sexta-feira, das 13h30 \u00e0s 17h, no escrit\u00f3rio paroquial da igreja. A prepara\u00e7\u00e3o para a santifica\u00e7\u00e3o matrimonial [&hellip;]<\/p>\n","protected":false},"author":7,"featured_media":247798,"comment_status":"closed","ping_status":"closed","sticky":false,"template":"","format":"standard","meta":{"advanced_seo_description":"","jetpack_seo_html_title":"","jetpack_seo_noindex":false,"_jetpack_memberships_contains_paid_content":false,"footnotes":""},"categories":[12,4],"tags":[467,466],"class_list":["post-247925","post","type-post","status-publish","format-standard","has-post-thumbnail","hentry","category-destaques-1","category-lavras","tag-automatico","tag-rascunho"],"jetpack_featured_media_url":"https:\/\/i0.wp.com\/www.lavras24horas.com.br\/portal\/wp-content\/uploads\/2019\/08\/casamento.jpg?fit=500%2C333&ssl=1","jetpack_sharing_enabled":true,"jetpack_likes_enabled":true,"jetpack_shortlink":"https:\/\/wp.me\/p12djN-12uN","_links":{"self":[{"href":"https:\/\/www.lavras24horas.com.br\/portal\/wp-json\/wp\/v2\/posts\/247925","targetHints":{"allow":["GET"]}}],"collection":[{"href":"https:\/\/www.lavras24horas.com.br\/portal\/wp-json\/wp\/v2\/posts"}],"about":[{"href":"https:\/\/www.lavras24horas.com.br\/portal\/wp-json\/wp\/v2\/types\/post"}],"author":[{"embeddable":true,"href":"https:\/\/www.lavras24horas.com.br\/portal\/wp-json\/wp\/v2\/users\/7"}],"replies":[{"embeddable":true,"href":"https:\/\/www.lavras24horas.com.br\/portal\/wp-json\/wp\/v2\/comments?post=247925"}],"version-history":[{"count":1,"href":"https:\/\/www.lavras24horas.com.br\/portal\/wp-json\/wp\/v2\/posts\/247925\/revisions"}],"predecessor-version":[{"id":247927,"href":"https:\/\/www.lavras24horas.com.br\/portal\/wp-json\/wp\/v2\/posts\/247925\/revisions\/247927"}],"wp:featuredmedia":[{"embeddable":true,"href":"https:\/\/www.lavras24horas.com.br\/portal\/wp-json\/wp\/v2\/media\/247798"}],"wp:attachment":[{"href":"https:\/\/www.lavras24horas.com.br\/portal\/wp-json\/wp\/v2\/media?parent=247925"}],"wp:term":[{"taxonomy":"category","embeddable":true,"href":"https:\/\/www.lavras24horas.com.br\/portal\/wp-json\/wp\/v2\/categories?post=247925"},{"taxonomy":"post_tag","embeddable":true,"href":"https:\/\/www.lavras24horas.com.br\/portal\/wp-json\/wp\/v2\/tags?post=247925"}],"curies":[{"name":"wp","href":"https:\/\/api.w.org\/{rel}","templated":true}]}}