{"id":247918,"date":"2019-08-25T14:47:09","date_gmt":"2019-08-25T17:47:09","guid":{"rendered":"https:\/\/www.lavras24horas.com.br\/portal\/?p=247918"},"modified":"2019-08-25T14:47:09","modified_gmt":"2019-08-25T17:47:09","slug":"pesquisa-da-ufla-conclui-que-a-biodiversidade-sofre-o-maior-impacto-das-queimadas","status":"publish","type":"post","link":"https:\/\/www.lavras24horas.com.br\/portal\/pesquisa-da-ufla-conclui-que-a-biodiversidade-sofre-o-maior-impacto-das-queimadas\/","title":{"rendered":"Pesquisa da UFLA conclui que a biodiversidade sofre o maior impacto das queimadas"},"content":{"rendered":"<p>&nbsp;<\/p>\n<p>&nbsp;<\/p>\n<p style=\"text-align: justify;\">Destaque na m\u00eddia mundial nos \u00faltimos dias, os inc\u00eandios que destroem parte da floresta Amaz\u00f4nia causam grande preocupa\u00e7\u00e3o ambiental, isso porque a perda de esp\u00e9cies\u00a0 pode demorar centenas de anos para ser reposta, ou simplesmente nunca acontecer. \u201cSe uma \u00e1rea de floresta for queimada duas vezes, na terceira, ela n\u00e3o retorna ao que era uma floresta prim\u00e1ria, ela j\u00e1 vira um outro sistema\u201d, comenta o professor de Ecologia e Conserva\u00e7\u00e3o do Departamento de Biologia (DBI) da UFLA, J\u00falio Louzada.<\/p>\n<p style=\"text-align: justify;\">Desde 2008, o professor realiza diversas pesquisas na Amaz\u00f4nia. Ele faz parte da Rede Amaz\u00f4nia Sustent\u00e1vel (RAS), um esfor\u00e7o de colabora\u00e7\u00e3o cient\u00edfica\u00a0 que re\u00fane mais de cem pesquisadores de dezenas de institui\u00e7\u00f5es\u00a0 nacionais e internacionais\u00a0 preocupados com a sustentabilidade dos usos da terra\u00a0na regi\u00e3o amaz\u00f4nica. Entre as pesquisas recentes, est\u00e1 a do doutor em Ecologia Aplicada C\u00e1ssio Alencar Nunes, que utilizou dados da RAS para avaliar os efeitos de dist\u00farbios como as queimadas na biodiversidade da floresta, na estrutura (biomassa, tamanho das \u00e1rvores) e no solo, identificando os componentes ecossist\u00eamicos mais afetados pelo fogo.<\/p>\n<p style=\"text-align: justify;\">Os resultados do estudo mostraram que a biodiversidade \u00e9 o elemento do ecossistema mais vulner\u00e1vel aos dist\u00farbios como o fogo, seguido da estrutura da floresta e do solo. \u201cDepois que tem fogo, por exemplo, a estrutura da floresta pode voltar. J\u00e1 a diversidade de esp\u00e9cies de \u00e1rvores demora mais para se recuperar, ou pode nem voltar. A procura pelo pr\u00f3prio solo na verdade \u00e9 o que tem sido o motivador principal dessa degrada\u00e7\u00e3o\u201d, explica C\u00e1ssio. O professor complementa \u201ca biodiversidade amaz\u00f4nica \u00e9 muito complexa, ela n\u00e3o \u00e9 poss\u00edvel de ser recuperada facilmente, pois \u00e9 o ecossistema mais biodiverso do planeta e estamos perdendo esp\u00e9cies antes mesmo de descrev\u00ea-las, por uma quest\u00e3o de uso irracional do solo.\u201d<\/p>\n<p style=\"text-align: justify;\">O professor Louzada explica que as queimadas na Amaz\u00f4nia acontecem naturalmente acompanhando os ciclos do El Ni\u00f1o. \u201cQuando temos os picos desse fen\u00f4meno, temos anos mais secos na Amaz\u00f4nia, o que propicia a ocorr\u00eancia de inc\u00eandios em algumas regi\u00f5es da floresta onde eles j\u00e1 s\u00e3o comuns. O problema \u00e9 que, com o desmatamento e a degrada\u00e7\u00e3o, aumenta muito a ocorr\u00eancia de focos em \u00e1reas onde a queimada n\u00e3o \u00e9 algo hist\u00f3rico.\u201d<\/p>\n<p style=\"text-align: justify;\">Conforme dados do\u00a0Instituto Nacional de Pesquisas Espaciais (Inpe), dois em cada tr\u00eas focos de queimada registrados em agosto deste ano ocorreram na Amaz\u00f4nia. Louzada alerta para o fato de que os inc\u00eandios na Amaz\u00f4nia t\u00eam sido recorrentes. \u201cAs queimadas na Amaz\u00f4nia t\u00eam ocorrido cada vez de forma mais intensa e indiscriminada, porque est\u00e3o ligadas ao desmatamento e grilagem. O principal evento que ocorre em sequ\u00eancia ao processo de desmatamento \u00e9 o fogo, que \u00e9 a forma mais f\u00e1cil de limpar\u00a0 uma \u00e1rea&#8221;,conclui.<\/p>\n<p style=\"text-align: justify;\">\n<p style=\"text-align: justify;\">\n","protected":false},"excerpt":{"rendered":"<p>&nbsp; &nbsp; Destaque na m\u00eddia mundial nos \u00faltimos dias, os inc\u00eandios que destroem parte da floresta Amaz\u00f4nia causam grande preocupa\u00e7\u00e3o ambiental, isso porque a perda de esp\u00e9cies\u00a0 pode demorar centenas de anos para ser reposta, ou simplesmente nunca acontecer. \u201cSe uma \u00e1rea de floresta for queimada duas vezes, na terceira, ela n\u00e3o retorna ao que [&hellip;]<\/p>\n","protected":false},"author":7,"featured_media":247919,"comment_status":"closed","ping_status":"closed","sticky":false,"template":"","format":"standard","meta":{"advanced_seo_description":"","jetpack_seo_html_title":"","jetpack_seo_noindex":false,"_jetpack_memberships_contains_paid_content":false,"footnotes":""},"categories":[12,4],"tags":[467,466],"class_list":["post-247918","post","type-post","status-publish","format-standard","has-post-thumbnail","hentry","category-destaques-1","category-lavras","tag-automatico","tag-rascunho"],"jetpack_featured_media_url":"https:\/\/i0.wp.com\/www.lavras24horas.com.br\/portal\/wp-content\/uploads\/2019\/08\/4-1.jpg?fit=500%2C326&ssl=1","jetpack_sharing_enabled":true,"jetpack_likes_enabled":true,"jetpack_shortlink":"https:\/\/wp.me\/p12djN-12uG","_links":{"self":[{"href":"https:\/\/www.lavras24horas.com.br\/portal\/wp-json\/wp\/v2\/posts\/247918","targetHints":{"allow":["GET"]}}],"collection":[{"href":"https:\/\/www.lavras24horas.com.br\/portal\/wp-json\/wp\/v2\/posts"}],"about":[{"href":"https:\/\/www.lavras24horas.com.br\/portal\/wp-json\/wp\/v2\/types\/post"}],"author":[{"embeddable":true,"href":"https:\/\/www.lavras24horas.com.br\/portal\/wp-json\/wp\/v2\/users\/7"}],"replies":[{"embeddable":true,"href":"https:\/\/www.lavras24horas.com.br\/portal\/wp-json\/wp\/v2\/comments?post=247918"}],"version-history":[{"count":1,"href":"https:\/\/www.lavras24horas.com.br\/portal\/wp-json\/wp\/v2\/posts\/247918\/revisions"}],"predecessor-version":[{"id":247920,"href":"https:\/\/www.lavras24horas.com.br\/portal\/wp-json\/wp\/v2\/posts\/247918\/revisions\/247920"}],"wp:featuredmedia":[{"embeddable":true,"href":"https:\/\/www.lavras24horas.com.br\/portal\/wp-json\/wp\/v2\/media\/247919"}],"wp:attachment":[{"href":"https:\/\/www.lavras24horas.com.br\/portal\/wp-json\/wp\/v2\/media?parent=247918"}],"wp:term":[{"taxonomy":"category","embeddable":true,"href":"https:\/\/www.lavras24horas.com.br\/portal\/wp-json\/wp\/v2\/categories?post=247918"},{"taxonomy":"post_tag","embeddable":true,"href":"https:\/\/www.lavras24horas.com.br\/portal\/wp-json\/wp\/v2\/tags?post=247918"}],"curies":[{"name":"wp","href":"https:\/\/api.w.org\/{rel}","templated":true}]}}