{"id":247907,"date":"2019-08-25T14:11:30","date_gmt":"2019-08-25T17:11:30","guid":{"rendered":"https:\/\/www.lavras24horas.com.br\/portal\/?p=247907"},"modified":"2019-09-05T13:38:44","modified_gmt":"2019-09-05T16:38:44","slug":"instituto-gammon-inaugurou-casa-do-ex-aluno-espaco-que-abrigara-o-projeto-pro-memoria","status":"publish","type":"post","link":"https:\/\/www.lavras24horas.com.br\/portal\/instituto-gammon-inaugurou-casa-do-ex-aluno-espaco-que-abrigara-o-projeto-pro-memoria\/","title":{"rendered":"Instituto Gammon inaugurou Casa do Ex-Aluno, espa\u00e7o que abrigar\u00e1 o projeto Pr\u00f3-Mem\u00f3ria"},"content":{"rendered":"<p>&nbsp;<\/p>\n<p><strong>\u00a0<\/strong><\/p>\n<p style=\"text-align: justify;\">Dentre as comemora\u00e7\u00f5es dos 150 anos de funda\u00e7\u00e3o, o Instituto Presbiteriano inaugurou neste s\u00e1bado, dia 25, a Casa do Ex-Aluno Vanda Am\u00e2ncio Bezerra Mendes (Dona Vandinha).<\/p>\n<figure id=\"attachment_247909\" aria-describedby=\"caption-attachment-247909\" style=\"width: 500px\" class=\"wp-caption aligncenter\"><img data-recalc-dims=\"1\" fetchpriority=\"high\" decoding=\"async\" data-attachment-id=\"247909\" data-permalink=\"https:\/\/www.lavras24horas.com.br\/portal\/instituto-gammon-inaugurou-casa-do-ex-aluno-espaco-que-abrigara-o-projeto-pro-memoria\/1-copia-8\/\" data-orig-file=\"https:\/\/i0.wp.com\/www.lavras24horas.com.br\/portal\/wp-content\/uploads\/2019\/08\/1-Copia-1.jpg?fit=500%2C375&amp;ssl=1\" data-orig-size=\"500,375\" data-comments-opened=\"0\" data-image-meta=\"{&quot;aperture&quot;:&quot;0&quot;,&quot;credit&quot;:&quot;&quot;,&quot;camera&quot;:&quot;&quot;,&quot;caption&quot;:&quot;&quot;,&quot;created_timestamp&quot;:&quot;0&quot;,&quot;copyright&quot;:&quot;&quot;,&quot;focal_length&quot;:&quot;0&quot;,&quot;iso&quot;:&quot;0&quot;,&quot;shutter_speed&quot;:&quot;0&quot;,&quot;title&quot;:&quot;&quot;,&quot;orientation&quot;:&quot;0&quot;}\" data-image-title=\"1 &amp;#8211; C\u00f3pia\" data-image-description=\"\" data-image-caption=\"\" data-large-file=\"https:\/\/i0.wp.com\/www.lavras24horas.com.br\/portal\/wp-content\/uploads\/2019\/08\/1-Copia-1.jpg?fit=440%2C330&amp;ssl=1\" class=\"wp-image-247909 size-full\" src=\"https:\/\/i0.wp.com\/www.lavras24horas.com.br\/portal\/wp-content\/uploads\/2019\/08\/1-Copia-1.jpg?resize=500%2C375&#038;ssl=1\" alt=\"\" width=\"500\" height=\"375\" srcset=\"https:\/\/i0.wp.com\/www.lavras24horas.com.br\/portal\/wp-content\/uploads\/2019\/08\/1-Copia-1.jpg?w=500&amp;ssl=1 500w, https:\/\/i0.wp.com\/www.lavras24horas.com.br\/portal\/wp-content\/uploads\/2019\/08\/1-Copia-1.jpg?resize=440%2C330&amp;ssl=1 440w\" sizes=\"(max-width: 500px) 100vw, 500px\" \/><figcaption id=\"caption-attachment-247909\" class=\"wp-caption-text\">A professora aposentada e coordenadora do projeto Pr\u00f3\u2013Mem\u00f3ria Gammon, Vanda Am\u00e2ncio Bezerra Mendes, e o diretor geral da institui\u00e7\u00e3o, professor Alisson Massote.<\/figcaption><\/figure>\n<p style=\"text-align: justify;\">A resid\u00eancia, conhecida como a \u201cCasa da Curva\u201d, foi constru\u00edda em 1915 pelo reitor Frank Fisher Baker, com a finalidade de ser a resid\u00eancia dos vice-reitores da institui\u00e7\u00e3o. Ela se localiza no encontro da avenida das Palmeiras com a avenida Bela Vista.<\/p>\n<figure id=\"attachment_247914\" aria-describedby=\"caption-attachment-247914\" style=\"width: 500px\" class=\"wp-caption aligncenter\"><img data-recalc-dims=\"1\" decoding=\"async\" data-attachment-id=\"247914\" data-permalink=\"https:\/\/www.lavras24horas.com.br\/portal\/instituto-gammon-inaugurou-casa-do-ex-aluno-espaco-que-abrigara-o-projeto-pro-memoria\/7-copia-4\/\" data-orig-file=\"https:\/\/i0.wp.com\/www.lavras24horas.com.br\/portal\/wp-content\/uploads\/2019\/08\/7-Copia.jpg?fit=500%2C375&amp;ssl=1\" data-orig-size=\"500,375\" data-comments-opened=\"0\" data-image-meta=\"{&quot;aperture&quot;:&quot;0&quot;,&quot;credit&quot;:&quot;&quot;,&quot;camera&quot;:&quot;&quot;,&quot;caption&quot;:&quot;&quot;,&quot;created_timestamp&quot;:&quot;0&quot;,&quot;copyright&quot;:&quot;&quot;,&quot;focal_length&quot;:&quot;0&quot;,&quot;iso&quot;:&quot;0&quot;,&quot;shutter_speed&quot;:&quot;0&quot;,&quot;title&quot;:&quot;&quot;,&quot;orientation&quot;:&quot;0&quot;}\" data-image-title=\"7 &amp;#8211; C\u00f3pia\" data-image-description=\"\" data-image-caption=\"&lt;p&gt;Inaugura\u00e7\u00e3o da placa do novo pr\u00e9dio. &lt;\/p&gt;\n\" data-large-file=\"https:\/\/i0.wp.com\/www.lavras24horas.com.br\/portal\/wp-content\/uploads\/2019\/08\/7-Copia.jpg?fit=440%2C330&amp;ssl=1\" class=\"wp-image-247914 size-full lazyload\" data-src=\"https:\/\/i0.wp.com\/www.lavras24horas.com.br\/portal\/wp-content\/uploads\/2019\/08\/7-Copia.jpg?resize=500%2C375&#038;ssl=1\" alt=\"\" width=\"500\" height=\"375\" data-srcset=\"https:\/\/i0.wp.com\/www.lavras24horas.com.br\/portal\/wp-content\/uploads\/2019\/08\/7-Copia.jpg?w=500&amp;ssl=1 500w, https:\/\/i0.wp.com\/www.lavras24horas.com.br\/portal\/wp-content\/uploads\/2019\/08\/7-Copia.jpg?resize=440%2C330&amp;ssl=1 440w\" data-sizes=\"(max-width: 500px) 100vw, 500px\" src=\"data:image\/svg+xml;base64,PHN2ZyB3aWR0aD0iMSIgaGVpZ2h0PSIxIiB4bWxucz0iaHR0cDovL3d3dy53My5vcmcvMjAwMC9zdmciPjwvc3ZnPg==\" style=\"--smush-placeholder-width: 500px; --smush-placeholder-aspect-ratio: 500\/375;\" \/><figcaption id=\"caption-attachment-247914\" class=\"wp-caption-text\">Inaugura\u00e7\u00e3o da placa do novo pr\u00e9dio.<\/figcaption><\/figure>\n<p style=\"text-align: justify;\">O evento contou com a presen\u00e7a de diversos autoridades, alunos e ex-alunos e da fanfarra do Gammon. Houve descerramento da placa e o corte da fita na entrada do casar\u00e3o que ser\u00e1 usado como espa\u00e7o multiuso. A residencia de dois andares possui uma vista privilegiada da zona norte da cidade. O projeto arquitet\u00f4nico \u00e9 assinado pela arquiteta Sylvia Thais Martins Carvalho.<\/p>\n<figure id=\"attachment_247912\" aria-describedby=\"caption-attachment-247912\" style=\"width: 500px\" class=\"wp-caption aligncenter\"><img data-recalc-dims=\"1\" decoding=\"async\" data-attachment-id=\"247912\" data-permalink=\"https:\/\/www.lavras24horas.com.br\/portal\/instituto-gammon-inaugurou-casa-do-ex-aluno-espaco-que-abrigara-o-projeto-pro-memoria\/5-copia\/\" data-orig-file=\"https:\/\/i0.wp.com\/www.lavras24horas.com.br\/portal\/wp-content\/uploads\/2019\/08\/5-Copia.jpg?fit=500%2C375&amp;ssl=1\" data-orig-size=\"500,375\" data-comments-opened=\"0\" data-image-meta=\"{&quot;aperture&quot;:&quot;0&quot;,&quot;credit&quot;:&quot;&quot;,&quot;camera&quot;:&quot;&quot;,&quot;caption&quot;:&quot;&quot;,&quot;created_timestamp&quot;:&quot;0&quot;,&quot;copyright&quot;:&quot;&quot;,&quot;focal_length&quot;:&quot;0&quot;,&quot;iso&quot;:&quot;0&quot;,&quot;shutter_speed&quot;:&quot;0&quot;,&quot;title&quot;:&quot;&quot;,&quot;orientation&quot;:&quot;0&quot;}\" data-image-title=\"5 &amp;#8211; C\u00f3pia\" data-image-description=\"\" data-image-caption=\"&lt;p&gt;Confraterniza\u00e7\u00e3o para marcar momento importante para a escola. &lt;\/p&gt;\n\" data-large-file=\"https:\/\/i0.wp.com\/www.lavras24horas.com.br\/portal\/wp-content\/uploads\/2019\/08\/5-Copia.jpg?fit=440%2C330&amp;ssl=1\" class=\"wp-image-247912 size-full lazyload\" data-src=\"https:\/\/i0.wp.com\/www.lavras24horas.com.br\/portal\/wp-content\/uploads\/2019\/08\/5-Copia.jpg?resize=500%2C375&#038;ssl=1\" alt=\"\" width=\"500\" height=\"375\" data-srcset=\"https:\/\/i0.wp.com\/www.lavras24horas.com.br\/portal\/wp-content\/uploads\/2019\/08\/5-Copia.jpg?w=500&amp;ssl=1 500w, https:\/\/i0.wp.com\/www.lavras24horas.com.br\/portal\/wp-content\/uploads\/2019\/08\/5-Copia.jpg?resize=440%2C330&amp;ssl=1 440w\" data-sizes=\"(max-width: 500px) 100vw, 500px\" src=\"data:image\/svg+xml;base64,PHN2ZyB3aWR0aD0iMSIgaGVpZ2h0PSIxIiB4bWxucz0iaHR0cDovL3d3dy53My5vcmcvMjAwMC9zdmciPjwvc3ZnPg==\" style=\"--smush-placeholder-width: 500px; --smush-placeholder-aspect-ratio: 500\/375;\" \/><figcaption id=\"caption-attachment-247912\" class=\"wp-caption-text\">Confraterniza\u00e7\u00e3o para marcar momento importante para a escola.<\/figcaption><\/figure>\n<p style=\"text-align: justify;\">Para a professora aposentada e coordenadora do projeto Pr\u00f3\u2013Mem\u00f3ria Gammon, Vanda Am\u00e2ncio Bezerra Mendes, a revitaliza\u00e7\u00e3o da casa \u00e9 uma conquista imensur\u00e1vel para institui\u00e7\u00e3o. A resid\u00eancia abrigar\u00e1 o projeto Pr\u00f3-Mem\u00f3ria que se destina a preservar, atrav\u00e9s de documentos e objetos, toda a hist\u00f3ria da institui\u00e7\u00e3o.<\/p>\n<figure id=\"attachment_247910\" aria-describedby=\"caption-attachment-247910\" style=\"width: 500px\" class=\"wp-caption aligncenter\"><img data-recalc-dims=\"1\" decoding=\"async\" data-attachment-id=\"247910\" data-permalink=\"https:\/\/www.lavras24horas.com.br\/portal\/instituto-gammon-inaugurou-casa-do-ex-aluno-espaco-que-abrigara-o-projeto-pro-memoria\/2-copia-4\/\" data-orig-file=\"https:\/\/i0.wp.com\/www.lavras24horas.com.br\/portal\/wp-content\/uploads\/2019\/08\/2-Copia.jpg?fit=500%2C375&amp;ssl=1\" data-orig-size=\"500,375\" data-comments-opened=\"0\" data-image-meta=\"{&quot;aperture&quot;:&quot;0&quot;,&quot;credit&quot;:&quot;&quot;,&quot;camera&quot;:&quot;&quot;,&quot;caption&quot;:&quot;&quot;,&quot;created_timestamp&quot;:&quot;0&quot;,&quot;copyright&quot;:&quot;&quot;,&quot;focal_length&quot;:&quot;0&quot;,&quot;iso&quot;:&quot;0&quot;,&quot;shutter_speed&quot;:&quot;0&quot;,&quot;title&quot;:&quot;&quot;,&quot;orientation&quot;:&quot;0&quot;}\" data-image-title=\"2 &amp;#8211; C\u00f3pia\" data-image-description=\"\" data-image-caption=\"&lt;p&gt;P\u00fablico presente ao evento. &lt;\/p&gt;\n\" data-large-file=\"https:\/\/i0.wp.com\/www.lavras24horas.com.br\/portal\/wp-content\/uploads\/2019\/08\/2-Copia.jpg?fit=440%2C330&amp;ssl=1\" class=\"wp-image-247910 size-full lazyload\" data-src=\"https:\/\/i0.wp.com\/www.lavras24horas.com.br\/portal\/wp-content\/uploads\/2019\/08\/2-Copia.jpg?resize=500%2C375&#038;ssl=1\" alt=\"\" width=\"500\" height=\"375\" data-srcset=\"https:\/\/i0.wp.com\/www.lavras24horas.com.br\/portal\/wp-content\/uploads\/2019\/08\/2-Copia.jpg?w=500&amp;ssl=1 500w, https:\/\/i0.wp.com\/www.lavras24horas.com.br\/portal\/wp-content\/uploads\/2019\/08\/2-Copia.jpg?resize=440%2C330&amp;ssl=1 440w\" data-sizes=\"(max-width: 500px) 100vw, 500px\" src=\"data:image\/svg+xml;base64,PHN2ZyB3aWR0aD0iMSIgaGVpZ2h0PSIxIiB4bWxucz0iaHR0cDovL3d3dy53My5vcmcvMjAwMC9zdmciPjwvc3ZnPg==\" style=\"--smush-placeholder-width: 500px; --smush-placeholder-aspect-ratio: 500\/375;\" \/><figcaption id=\"caption-attachment-247910\" class=\"wp-caption-text\">P\u00fablico presente ao evento.<\/figcaption><\/figure>\n<p style=\"text-align: justify;\">\u201cDessa forma teremos o nosso acervo ampliado, n\u00e3o s\u00f3 com itens do Gammon, mas de Lavras e outras regi\u00f5es. A resid\u00eancia servir\u00e1 para realiza\u00e7\u00e3o de exposi\u00e7\u00f5es, encontros de ex-alunos e um espa\u00e7o de conviv\u00eancia. Tenho certeza que ser\u00e1 um museu \u00fatil \u00e0 comunidade\u201d, afirmou Dona Vandinha.<\/p>\n<figure id=\"attachment_247911\" aria-describedby=\"caption-attachment-247911\" style=\"width: 500px\" class=\"wp-caption aligncenter\"><img data-recalc-dims=\"1\" decoding=\"async\" data-attachment-id=\"247911\" data-permalink=\"https:\/\/www.lavras24horas.com.br\/portal\/instituto-gammon-inaugurou-casa-do-ex-aluno-espaco-que-abrigara-o-projeto-pro-memoria\/3-copia-2\/\" data-orig-file=\"https:\/\/i0.wp.com\/www.lavras24horas.com.br\/portal\/wp-content\/uploads\/2019\/08\/3-Copia.jpg?fit=500%2C375&amp;ssl=1\" data-orig-size=\"500,375\" data-comments-opened=\"0\" data-image-meta=\"{&quot;aperture&quot;:&quot;0&quot;,&quot;credit&quot;:&quot;&quot;,&quot;camera&quot;:&quot;&quot;,&quot;caption&quot;:&quot;&quot;,&quot;created_timestamp&quot;:&quot;0&quot;,&quot;copyright&quot;:&quot;&quot;,&quot;focal_length&quot;:&quot;0&quot;,&quot;iso&quot;:&quot;0&quot;,&quot;shutter_speed&quot;:&quot;0&quot;,&quot;title&quot;:&quot;&quot;,&quot;orientation&quot;:&quot;0&quot;}\" data-image-title=\"3 &amp;#8211; C\u00f3pia\" data-image-description=\"\" data-image-caption=\"&lt;p&gt;Casar\u00e3o tem vista privilegiada da zona norte da cidade.  &lt;\/p&gt;\n\" data-large-file=\"https:\/\/i0.wp.com\/www.lavras24horas.com.br\/portal\/wp-content\/uploads\/2019\/08\/3-Copia.jpg?fit=440%2C330&amp;ssl=1\" class=\"wp-image-247911 size-full lazyload\" data-src=\"https:\/\/i0.wp.com\/www.lavras24horas.com.br\/portal\/wp-content\/uploads\/2019\/08\/3-Copia.jpg?resize=500%2C375&#038;ssl=1\" alt=\"\" width=\"500\" height=\"375\" data-srcset=\"https:\/\/i0.wp.com\/www.lavras24horas.com.br\/portal\/wp-content\/uploads\/2019\/08\/3-Copia.jpg?w=500&amp;ssl=1 500w, https:\/\/i0.wp.com\/www.lavras24horas.com.br\/portal\/wp-content\/uploads\/2019\/08\/3-Copia.jpg?resize=440%2C330&amp;ssl=1 440w\" data-sizes=\"(max-width: 500px) 100vw, 500px\" src=\"data:image\/svg+xml;base64,PHN2ZyB3aWR0aD0iMSIgaGVpZ2h0PSIxIiB4bWxucz0iaHR0cDovL3d3dy53My5vcmcvMjAwMC9zdmciPjwvc3ZnPg==\" style=\"--smush-placeholder-width: 500px; --smush-placeholder-aspect-ratio: 500\/375;\" \/><figcaption id=\"caption-attachment-247911\" class=\"wp-caption-text\">Casar\u00e3o tem vista privilegiada da zona norte da cidade.<\/figcaption><\/figure>\n<p>&nbsp;<\/p>\n<p><img data-recalc-dims=\"1\" decoding=\"async\" data-attachment-id=\"247915\" data-permalink=\"https:\/\/www.lavras24horas.com.br\/portal\/instituto-gammon-inaugurou-casa-do-ex-aluno-espaco-que-abrigara-o-projeto-pro-memoria\/8-copia-3\/\" data-orig-file=\"https:\/\/i0.wp.com\/www.lavras24horas.com.br\/portal\/wp-content\/uploads\/2019\/08\/8-Copia.jpg?fit=500%2C375&amp;ssl=1\" data-orig-size=\"500,375\" data-comments-opened=\"0\" data-image-meta=\"{&quot;aperture&quot;:&quot;0&quot;,&quot;credit&quot;:&quot;&quot;,&quot;camera&quot;:&quot;&quot;,&quot;caption&quot;:&quot;&quot;,&quot;created_timestamp&quot;:&quot;0&quot;,&quot;copyright&quot;:&quot;&quot;,&quot;focal_length&quot;:&quot;0&quot;,&quot;iso&quot;:&quot;0&quot;,&quot;shutter_speed&quot;:&quot;0&quot;,&quot;title&quot;:&quot;&quot;,&quot;orientation&quot;:&quot;0&quot;}\" data-image-title=\"8 &amp;#8211; C\u00f3pia\" data-image-description=\"\" data-image-caption=\"\" data-large-file=\"https:\/\/i0.wp.com\/www.lavras24horas.com.br\/portal\/wp-content\/uploads\/2019\/08\/8-Copia.jpg?fit=440%2C330&amp;ssl=1\" class=\"aligncenter wp-image-247915 size-full lazyload\" data-src=\"https:\/\/i0.wp.com\/www.lavras24horas.com.br\/portal\/wp-content\/uploads\/2019\/08\/8-Copia.jpg?resize=500%2C375&#038;ssl=1\" alt=\"\" width=\"500\" height=\"375\" data-srcset=\"https:\/\/i0.wp.com\/www.lavras24horas.com.br\/portal\/wp-content\/uploads\/2019\/08\/8-Copia.jpg?w=500&amp;ssl=1 500w, https:\/\/i0.wp.com\/www.lavras24horas.com.br\/portal\/wp-content\/uploads\/2019\/08\/8-Copia.jpg?resize=440%2C330&amp;ssl=1 440w\" data-sizes=\"(max-width: 500px) 100vw, 500px\" src=\"data:image\/svg+xml;base64,PHN2ZyB3aWR0aD0iMSIgaGVpZ2h0PSIxIiB4bWxucz0iaHR0cDovL3d3dy53My5vcmcvMjAwMC9zdmciPjwvc3ZnPg==\" style=\"--smush-placeholder-width: 500px; --smush-placeholder-aspect-ratio: 500\/375;\" \/><\/p>\n<p>&nbsp;<\/p>\n<figure id=\"attachment_247916\" aria-describedby=\"caption-attachment-247916\" style=\"width: 500px\" class=\"wp-caption aligncenter\"><img data-recalc-dims=\"1\" decoding=\"async\" data-attachment-id=\"247916\" data-permalink=\"https:\/\/www.lavras24horas.com.br\/portal\/instituto-gammon-inaugurou-casa-do-ex-aluno-espaco-que-abrigara-o-projeto-pro-memoria\/11-copia\/\" data-orig-file=\"https:\/\/i0.wp.com\/www.lavras24horas.com.br\/portal\/wp-content\/uploads\/2019\/08\/11-Copia.jpg?fit=500%2C375&amp;ssl=1\" data-orig-size=\"500,375\" data-comments-opened=\"0\" data-image-meta=\"{&quot;aperture&quot;:&quot;0&quot;,&quot;credit&quot;:&quot;&quot;,&quot;camera&quot;:&quot;&quot;,&quot;caption&quot;:&quot;&quot;,&quot;created_timestamp&quot;:&quot;0&quot;,&quot;copyright&quot;:&quot;&quot;,&quot;focal_length&quot;:&quot;0&quot;,&quot;iso&quot;:&quot;0&quot;,&quot;shutter_speed&quot;:&quot;0&quot;,&quot;title&quot;:&quot;&quot;,&quot;orientation&quot;:&quot;0&quot;}\" data-image-title=\"11 &amp;#8211; C\u00f3pia\" data-image-description=\"\" data-image-caption=\"&lt;p&gt;Ao centro, o gammonense Angelo Alberto De Moura, participou do evento.  Delphim&lt;\/p&gt;\n\" data-large-file=\"https:\/\/i0.wp.com\/www.lavras24horas.com.br\/portal\/wp-content\/uploads\/2019\/08\/11-Copia.jpg?fit=440%2C330&amp;ssl=1\" class=\"wp-image-247916 size-full lazyload\" data-src=\"https:\/\/i0.wp.com\/www.lavras24horas.com.br\/portal\/wp-content\/uploads\/2019\/08\/11-Copia.jpg?resize=500%2C375&#038;ssl=1\" alt=\"\" width=\"500\" height=\"375\" data-srcset=\"https:\/\/i0.wp.com\/www.lavras24horas.com.br\/portal\/wp-content\/uploads\/2019\/08\/11-Copia.jpg?w=500&amp;ssl=1 500w, https:\/\/i0.wp.com\/www.lavras24horas.com.br\/portal\/wp-content\/uploads\/2019\/08\/11-Copia.jpg?resize=440%2C330&amp;ssl=1 440w\" data-sizes=\"(max-width: 500px) 100vw, 500px\" src=\"data:image\/svg+xml;base64,PHN2ZyB3aWR0aD0iMSIgaGVpZ2h0PSIxIiB4bWxucz0iaHR0cDovL3d3dy53My5vcmcvMjAwMC9zdmciPjwvc3ZnPg==\" style=\"--smush-placeholder-width: 500px; --smush-placeholder-aspect-ratio: 500\/375;\" \/><figcaption id=\"caption-attachment-247916\" class=\"wp-caption-text\">Ao centro, o gammonense Angelo Alberto De Moura, participou do evento. Delphim<\/figcaption><\/figure>\n<p style=\"text-align: justify;\">\n","protected":false},"excerpt":{"rendered":"<p>&nbsp; \u00a0 Dentre as comemora\u00e7\u00f5es dos 150 anos de funda\u00e7\u00e3o, o Instituto Presbiteriano inaugurou neste s\u00e1bado, dia 25, a Casa do Ex-Aluno Vanda Am\u00e2ncio Bezerra Mendes (Dona Vandinha). A resid\u00eancia, conhecida como a \u201cCasa da Curva\u201d, foi constru\u00edda em 1915 pelo reitor Frank Fisher Baker, com a finalidade de ser a resid\u00eancia dos vice-reitores da [&hellip;]<\/p>\n","protected":false},"author":7,"featured_media":247908,"comment_status":"closed","ping_status":"closed","sticky":false,"template":"","format":"standard","meta":{"advanced_seo_description":"","jetpack_seo_html_title":"","jetpack_seo_noindex":false,"_jetpack_memberships_contains_paid_content":false,"footnotes":""},"categories":[13077,4,1],"tags":[467,466],"class_list":["post-247907","post","type-post","status-publish","format-standard","has-post-thumbnail","hentry","category-laterais-2","category-lavras","category-sem-categoria","tag-automatico","tag-rascunho"],"jetpack_featured_media_url":"https:\/\/i0.wp.com\/www.lavras24horas.com.br\/portal\/wp-content\/uploads\/2019\/08\/9-Copia.jpg?fit=500%2C375&ssl=1","jetpack_sharing_enabled":true,"jetpack_likes_enabled":true,"jetpack_shortlink":"https:\/\/wp.me\/p12djN-12uv","_links":{"self":[{"href":"https:\/\/www.lavras24horas.com.br\/portal\/wp-json\/wp\/v2\/posts\/247907","targetHints":{"allow":["GET"]}}],"collection":[{"href":"https:\/\/www.lavras24horas.com.br\/portal\/wp-json\/wp\/v2\/posts"}],"about":[{"href":"https:\/\/www.lavras24horas.com.br\/portal\/wp-json\/wp\/v2\/types\/post"}],"author":[{"embeddable":true,"href":"https:\/\/www.lavras24horas.com.br\/portal\/wp-json\/wp\/v2\/users\/7"}],"replies":[{"embeddable":true,"href":"https:\/\/www.lavras24horas.com.br\/portal\/wp-json\/wp\/v2\/comments?post=247907"}],"version-history":[{"count":3,"href":"https:\/\/www.lavras24horas.com.br\/portal\/wp-json\/wp\/v2\/posts\/247907\/revisions"}],"predecessor-version":[{"id":248295,"href":"https:\/\/www.lavras24horas.com.br\/portal\/wp-json\/wp\/v2\/posts\/247907\/revisions\/248295"}],"wp:featuredmedia":[{"embeddable":true,"href":"https:\/\/www.lavras24horas.com.br\/portal\/wp-json\/wp\/v2\/media\/247908"}],"wp:attachment":[{"href":"https:\/\/www.lavras24horas.com.br\/portal\/wp-json\/wp\/v2\/media?parent=247907"}],"wp:term":[{"taxonomy":"category","embeddable":true,"href":"https:\/\/www.lavras24horas.com.br\/portal\/wp-json\/wp\/v2\/categories?post=247907"},{"taxonomy":"post_tag","embeddable":true,"href":"https:\/\/www.lavras24horas.com.br\/portal\/wp-json\/wp\/v2\/tags?post=247907"}],"curies":[{"name":"wp","href":"https:\/\/api.w.org\/{rel}","templated":true}]}}