{"id":247898,"date":"2019-08-24T13:54:33","date_gmt":"2019-08-24T16:54:33","guid":{"rendered":"https:\/\/www.lavras24horas.com.br\/portal\/?p=247898"},"modified":"2019-08-24T13:54:33","modified_gmt":"2019-08-24T16:54:33","slug":"massa-de-ar-frio-provoca-queda-brusca-de-temperatura-e-geada-no-sul-de-mg","status":"publish","type":"post","link":"https:\/\/www.lavras24horas.com.br\/portal\/massa-de-ar-frio-provoca-queda-brusca-de-temperatura-e-geada-no-sul-de-mg\/","title":{"rendered":"Massa de ar frio provoca queda brusca de temperatura e geada no Sul de MG"},"content":{"rendered":"<div class=\"mc-column content-text active-extra-styles \" data-block-type=\"unstyled\" data-block-weight=\"42\" data-block-id=\"5\">\n<p>&nbsp;<\/p>\n<p>&nbsp;<\/p>\n<p style=\"text-align: justify;\">Por conta de uma massa de ar frio que chegou ao Sul de Minas, as temperaturas tiveram uma queda brusca na regi\u00e3o e houve at\u00e9 registros de geada na manh\u00e3 deste s\u00e1bado (24) em Maria da F\u00e9 (MG).<\/p>\n<p style=\"text-align: justify;\">Os term\u00f4metros locais, da Secretaria de Cultura e Turismo, registraram a m\u00ednima de 1,2\u00baC no bairro Reserva e de 1,5\u00baC no S\u00edtio Lage. De acordo com o Instituto Nacional de Meteorologia (Inmet), a m\u00ednima geral da cidade, registrada por uma esta\u00e7\u00e3o autom\u00e1tica, esteve por volta dos 2,6\u00baC.<\/p>\n<p class=\"content-text__container \" style=\"text-align: justify;\" data-track-category=\"Link no Texto\" data-track-links=\"\">O meteorologista do Inmet Cl\u00e9ber Souza explicou que o frio chegou antes do previsto na regi\u00e3o, j\u00e1 que a expectativa era de que a massa de ar polar chegasse ao Sul de Minas somente na madrugada de s\u00e1bado para domingo (25).<\/p>\n<\/div>\n<div class=\"mc-column content-text active-extra-styles \" style=\"text-align: justify;\" data-block-type=\"unstyled\" data-block-weight=\"15\" data-block-id=\"7\">\n<p class=\"content-text__container \" data-track-category=\"Link no Texto\" data-track-links=\"\">Outras cidades da regi\u00e3o tamb\u00e9m registraram baixas temperaturas. Caldas (MG) teve registros de 2,5\u00baC.<\/p>\n<\/div>\n<div class=\"mc-column content-text active-extra-styles \" style=\"text-align: justify;\" data-block-type=\"unstyled\" data-block-weight=\"35\" data-block-id=\"8\">\n<p class=\"content-text__container \" data-track-category=\"Link no Texto\" data-track-links=\"\">Em Varginha (MG), os term\u00f4metros registram 7,4\u00baC e em S\u00e3o Sebasti\u00e3o do Para\u00edso (MG) 8,1\u00baC. Fez frio tamb\u00e9m em Passos (MG), onde os registros foram de 8,7\u00baC e em Machado, com term\u00f4metros marcando 10,4\u00baC.<\/p>\n<\/div>\n<div class=\"mc-column content-text active-extra-styles\" style=\"text-align: justify;\" data-block-type=\"raw\" data-block-weight=\"3\" data-block-id=\"9\">\n<div class=\"content-intertitle\">\n<h2>Previs\u00e3o do tempo<\/h2>\n<\/div>\n<\/div>\n<div class=\"mc-column content-text active-extra-styles \" style=\"text-align: justify;\" data-block-type=\"unstyled\" data-block-weight=\"35\" data-block-id=\"10\">\n<p class=\"content-text__container \" data-track-category=\"Link no Texto\" data-track-links=\"\">Para o fim de semana, a temperatura m\u00ednima deve chegar os 3\u00baC nas regi\u00f5es serranas do Sul de Minas, com possibilidade de geada. O sol deve aparecer durante dia e aumentar as temperaturas.<\/p>\n<\/div>\n<div class=\"mc-column content-text active-extra-styles \" data-block-type=\"unstyled\" data-block-weight=\"67\" data-block-id=\"11\">\n<p class=\"content-text__container \" style=\"text-align: justify;\" data-track-category=\"Link no Texto\" data-track-links=\"\">Entretanto, assim que o sol se p\u00f5e e os ventos ficam mais intensos, a temperatura volta a cair, como explica Cl\u00e9ber. \u201cA massa de ar frio que atua na regi\u00e3o provoca o decl\u00ednio das temperaturas. Ela favorece os ventos intensos e mais frios. A noite faz mais frio porque venta mais e a sensa\u00e7\u00e3o t\u00e9rmica \u00e9 mais baixa do que os term\u00f4metros registram\u201d, destaca o meteorologista.<\/p>\n<\/div>\n","protected":false},"excerpt":{"rendered":"<p>&nbsp; &nbsp; Por conta de uma massa de ar frio que chegou ao Sul de Minas, as temperaturas tiveram uma queda brusca na regi\u00e3o e houve at\u00e9 registros de geada na manh\u00e3 deste s\u00e1bado (24) em Maria da F\u00e9 (MG). Os term\u00f4metros locais, da Secretaria de Cultura e Turismo, registraram a m\u00ednima de 1,2\u00baC no [&hellip;]<\/p>\n","protected":false},"author":7,"featured_media":247899,"comment_status":"closed","ping_status":"closed","sticky":false,"template":"","format":"standard","meta":{"advanced_seo_description":"","jetpack_seo_html_title":"","jetpack_seo_noindex":false,"_jetpack_memberships_contains_paid_content":false,"footnotes":""},"categories":[13,4],"tags":[467,466],"class_list":["post-247898","post","type-post","status-publish","format-standard","has-post-thumbnail","hentry","category-laterais-1","category-lavras","tag-automatico","tag-rascunho"],"jetpack_featured_media_url":"https:\/\/i0.wp.com\/www.lavras24horas.com.br\/portal\/wp-content\/uploads\/2019\/08\/geada-maria-da-fe-1.jpg?fit=500%2C281&ssl=1","jetpack_sharing_enabled":true,"jetpack_likes_enabled":true,"jetpack_shortlink":"https:\/\/wp.me\/p12djN-12um","_links":{"self":[{"href":"https:\/\/www.lavras24horas.com.br\/portal\/wp-json\/wp\/v2\/posts\/247898","targetHints":{"allow":["GET"]}}],"collection":[{"href":"https:\/\/www.lavras24horas.com.br\/portal\/wp-json\/wp\/v2\/posts"}],"about":[{"href":"https:\/\/www.lavras24horas.com.br\/portal\/wp-json\/wp\/v2\/types\/post"}],"author":[{"embeddable":true,"href":"https:\/\/www.lavras24horas.com.br\/portal\/wp-json\/wp\/v2\/users\/7"}],"replies":[{"embeddable":true,"href":"https:\/\/www.lavras24horas.com.br\/portal\/wp-json\/wp\/v2\/comments?post=247898"}],"version-history":[{"count":1,"href":"https:\/\/www.lavras24horas.com.br\/portal\/wp-json\/wp\/v2\/posts\/247898\/revisions"}],"predecessor-version":[{"id":247900,"href":"https:\/\/www.lavras24horas.com.br\/portal\/wp-json\/wp\/v2\/posts\/247898\/revisions\/247900"}],"wp:featuredmedia":[{"embeddable":true,"href":"https:\/\/www.lavras24horas.com.br\/portal\/wp-json\/wp\/v2\/media\/247899"}],"wp:attachment":[{"href":"https:\/\/www.lavras24horas.com.br\/portal\/wp-json\/wp\/v2\/media?parent=247898"}],"wp:term":[{"taxonomy":"category","embeddable":true,"href":"https:\/\/www.lavras24horas.com.br\/portal\/wp-json\/wp\/v2\/categories?post=247898"},{"taxonomy":"post_tag","embeddable":true,"href":"https:\/\/www.lavras24horas.com.br\/portal\/wp-json\/wp\/v2\/tags?post=247898"}],"curies":[{"name":"wp","href":"https:\/\/api.w.org\/{rel}","templated":true}]}}