{"id":247893,"date":"2019-08-24T13:46:23","date_gmt":"2019-08-24T16:46:23","guid":{"rendered":"https:\/\/www.lavras24horas.com.br\/portal\/?p=247893"},"modified":"2019-08-24T13:48:52","modified_gmt":"2019-08-24T16:48:52","slug":"luto-falece-em-lavras-o-agronomo-ubaldino-dantas-machado-o-dico","status":"publish","type":"post","link":"https:\/\/www.lavras24horas.com.br\/portal\/luto-falece-em-lavras-o-agronomo-ubaldino-dantas-machado-o-dico\/","title":{"rendered":"Luto: Falece em Lavras o agr\u00f4nomo Ubaldino Dantas Machado, o \u201cDico\u201d"},"content":{"rendered":"<p>&nbsp;<\/p>\n<p style=\"text-align: justify;\">Faleceu nesta sexta-feira, dia 23, Ubaldino Dantas Machado (<strong>foto<\/strong>), 79 anos, ex-presidente da Comiss\u00e3o Executiva de Planejamento da Lavoura Cacaueira (Ceplac), em Itabuna, na Bahia.<\/p>\n<p style=\"text-align: justify;\">Popularmente conhecido como \u201cDico\u201d, era um dos mais respeitados profissionais do setor de pesquisas agropecu\u00e1rias no pa\u00eds. Ex-aluno do Instituto Presbiteriano Gammon, ele se formou em 1963 no curso de Agronomia pela ent\u00e3o Escola Superior de Agricultura de Lavras (ESAL).<\/p>\n<p style=\"text-align: justify;\">Ubaldino Dantas Machado foi autor diversas produ\u00e7\u00f5es bibliogr\u00e1ficas voltadas \u00e0 Agronomia e Economia Rural. Ele residia com a fam\u00edlia na capital paulista.<\/p>\n<p style=\"text-align: justify;\">Atualmente ele era chefe Departamento de Informa\u00e7\u00e3o e Documenta\u00e7\u00e3o (DIDI) dos anos 70\/80 nas bibliotecas da Empresa Brasileira de Pesquisa Agropecu\u00e1ria (Embrapa).<\/p>\n<p style=\"text-align: justify;\">\u201cDico\u201d estava em Lavras para participar das comemora\u00e7\u00f5es dos 150 do Instituto Presbiteriano Gammon. Ele chegou a ser homenageado\u00a0 com a inaugura\u00e7\u00e3o de um banco numa das alamedas da escola. Al\u00e9m de aluno destacado, foi tamb\u00e9m atleta em competi\u00e7\u00f5es esportivas na institui\u00e7\u00e3o.<\/p>\n<p style=\"text-align: justify;\">Ubaldino Dantas Machado era filho Jer\u00f4nimo Machado de Castro e Geralda Dantas de Castro e irm\u00e3o de Toninho Dantas, que reside em Bras\u00edlia.<\/p>\n<p style=\"text-align: justify;\">\u201cDico\u201d faleceu na Santa Casa de Miseric\u00f3rdia de Lavras. Seu corpo ser\u00e1 velado e cremado na cidade de Sorocaba neste s\u00e1bado, dia 24. Ele deixa a esposa Maria Sandra M\u00e1ssimo e os filhos Ricardo, \u00c9rika e Renato, noras, genro e netos.<\/p>\n","protected":false},"excerpt":{"rendered":"<p>&nbsp; Faleceu nesta sexta-feira, dia 23, Ubaldino Dantas Machado (foto), 79 anos, ex-presidente da Comiss\u00e3o Executiva de Planejamento da Lavoura Cacaueira (Ceplac), em Itabuna, na Bahia. Popularmente conhecido como \u201cDico\u201d, era um dos mais respeitados profissionais do setor de pesquisas agropecu\u00e1rias no pa\u00eds. Ex-aluno do Instituto Presbiteriano Gammon, ele se formou em 1963 no curso [&hellip;]<\/p>\n","protected":false},"author":7,"featured_media":247894,"comment_status":"closed","ping_status":"closed","sticky":false,"template":"","format":"standard","meta":{"advanced_seo_description":"","jetpack_seo_html_title":"","jetpack_seo_noindex":false,"_jetpack_memberships_contains_paid_content":false,"footnotes":""},"categories":[13077,4],"tags":[467,466],"class_list":["post-247893","post","type-post","status-publish","format-standard","has-post-thumbnail","hentry","category-laterais-2","category-lavras","tag-automatico","tag-rascunho"],"jetpack_featured_media_url":"https:\/\/i0.wp.com\/www.lavras24horas.com.br\/portal\/wp-content\/uploads\/2019\/08\/13350250_271458656539758_622998333446187809_o-Copia-Copia.jpg?fit=500%2C374&ssl=1","jetpack_sharing_enabled":true,"jetpack_likes_enabled":true,"jetpack_shortlink":"https:\/\/wp.me\/p12djN-12uh","_links":{"self":[{"href":"https:\/\/www.lavras24horas.com.br\/portal\/wp-json\/wp\/v2\/posts\/247893","targetHints":{"allow":["GET"]}}],"collection":[{"href":"https:\/\/www.lavras24horas.com.br\/portal\/wp-json\/wp\/v2\/posts"}],"about":[{"href":"https:\/\/www.lavras24horas.com.br\/portal\/wp-json\/wp\/v2\/types\/post"}],"author":[{"embeddable":true,"href":"https:\/\/www.lavras24horas.com.br\/portal\/wp-json\/wp\/v2\/users\/7"}],"replies":[{"embeddable":true,"href":"https:\/\/www.lavras24horas.com.br\/portal\/wp-json\/wp\/v2\/comments?post=247893"}],"version-history":[{"count":3,"href":"https:\/\/www.lavras24horas.com.br\/portal\/wp-json\/wp\/v2\/posts\/247893\/revisions"}],"predecessor-version":[{"id":247897,"href":"https:\/\/www.lavras24horas.com.br\/portal\/wp-json\/wp\/v2\/posts\/247893\/revisions\/247897"}],"wp:featuredmedia":[{"embeddable":true,"href":"https:\/\/www.lavras24horas.com.br\/portal\/wp-json\/wp\/v2\/media\/247894"}],"wp:attachment":[{"href":"https:\/\/www.lavras24horas.com.br\/portal\/wp-json\/wp\/v2\/media?parent=247893"}],"wp:term":[{"taxonomy":"category","embeddable":true,"href":"https:\/\/www.lavras24horas.com.br\/portal\/wp-json\/wp\/v2\/categories?post=247893"},{"taxonomy":"post_tag","embeddable":true,"href":"https:\/\/www.lavras24horas.com.br\/portal\/wp-json\/wp\/v2\/tags?post=247893"}],"curies":[{"name":"wp","href":"https:\/\/api.w.org\/{rel}","templated":true}]}}