{"id":247889,"date":"2019-08-24T12:09:12","date_gmt":"2019-08-24T15:09:12","guid":{"rendered":"https:\/\/www.lavras24horas.com.br\/portal\/?p=247889"},"modified":"2019-08-25T08:33:39","modified_gmt":"2019-08-25T11:33:39","slug":"domingo-25-08-2019","status":"publish","type":"post","link":"https:\/\/www.lavras24horas.com.br\/portal\/domingo-25-08-2019\/","title":{"rendered":"Domingo (25\/08\/2019)"},"content":{"rendered":"<p><strong><em>Nome:\u00a0 NILZA MIRANDA<\/em><\/strong><\/p>\n<p><em>Velada no Vel\u00f3rio Sagrada Fam\u00edlia<\/em><\/p>\n<p><em>Sepultamento dia 25\/08\/2019 \u00e0s 08h30<\/em><\/p>\n<p><em>Cemit\u00e9rio Paroquial Saudade \u00a0<\/em><\/p>\n<p><em>Fonte: Administra\u00e7\u00e3o dos Cemit\u00e9rios<\/em><\/p>\n<p>&nbsp;<\/p>\n<p><strong><em>Nome: MARIA APARECIDA REZENDE<\/em><\/strong><\/p>\n<p><em>Velada na capela 03 do Vel\u00f3rio S\u00e3o Jo\u00e3o Batista <\/em><\/p>\n<p><em>Sepultamento dia 25\/08\/2019 \u00e0s 09h<\/em><\/p>\n<p><em>Cemit\u00e9rio Paroquial S\u00e3o Miguel<\/em><\/p>\n<p><em>Fonte: Administra\u00e7\u00e3o dos Cemit\u00e9rios<\/em><\/p>\n<p>&nbsp;<\/p>\n<p><strong><em>Nome: ANA ALVES PEDROSO<\/em><\/strong><\/p>\n<p><em>Velada na capela 02 do Vel\u00f3rio S\u00e3o Jo\u00e3o Batista <\/em><\/p>\n<p><em>Sa\u00edda dia 25\/08\/2019 \u00e0s 14h<\/em><\/p>\n<p><em>Cemit\u00e9rio de Perd\u00f5es<\/em><\/p>\n<p><em>Fonte: Administra\u00e7\u00e3o dos Cemit\u00e9rios<\/em><\/p>\n","protected":false},"excerpt":{"rendered":"<p>Nome:\u00a0 NILZA MIRANDA Velada no Vel\u00f3rio Sagrada Fam\u00edlia Sepultamento dia 25\/08\/2019 \u00e0s 08h30 Cemit\u00e9rio Paroquial Saudade \u00a0 Fonte: Administra\u00e7\u00e3o dos Cemit\u00e9rios &nbsp; Nome: MARIA APARECIDA REZENDE Velada na capela 03 do Vel\u00f3rio S\u00e3o Jo\u00e3o Batista Sepultamento dia 25\/08\/2019 \u00e0s 09h Cemit\u00e9rio Paroquial S\u00e3o Miguel Fonte: Administra\u00e7\u00e3o dos Cemit\u00e9rios &nbsp; Nome: ANA ALVES PEDROSO Velada na [&hellip;]<\/p>\n","protected":false},"author":7,"featured_media":0,"comment_status":"closed","ping_status":"closed","sticky":false,"template":"","format":"standard","meta":{"advanced_seo_description":"","jetpack_seo_html_title":"","jetpack_seo_noindex":false,"_jetpack_memberships_contains_paid_content":false,"footnotes":""},"categories":[1495],"tags":[467,466],"class_list":["post-247889","post","type-post","status-publish","format-standard","hentry","category-obituario-2","tag-automatico","tag-rascunho"],"jetpack_featured_media_url":"","jetpack_sharing_enabled":true,"jetpack_likes_enabled":true,"jetpack_shortlink":"https:\/\/wp.me\/p12djN-12ud","_links":{"self":[{"href":"https:\/\/www.lavras24horas.com.br\/portal\/wp-json\/wp\/v2\/posts\/247889","targetHints":{"allow":["GET"]}}],"collection":[{"href":"https:\/\/www.lavras24horas.com.br\/portal\/wp-json\/wp\/v2\/posts"}],"about":[{"href":"https:\/\/www.lavras24horas.com.br\/portal\/wp-json\/wp\/v2\/types\/post"}],"author":[{"embeddable":true,"href":"https:\/\/www.lavras24horas.com.br\/portal\/wp-json\/wp\/v2\/users\/7"}],"replies":[{"embeddable":true,"href":"https:\/\/www.lavras24horas.com.br\/portal\/wp-json\/wp\/v2\/comments?post=247889"}],"version-history":[{"count":4,"href":"https:\/\/www.lavras24horas.com.br\/portal\/wp-json\/wp\/v2\/posts\/247889\/revisions"}],"predecessor-version":[{"id":247906,"href":"https:\/\/www.lavras24horas.com.br\/portal\/wp-json\/wp\/v2\/posts\/247889\/revisions\/247906"}],"wp:attachment":[{"href":"https:\/\/www.lavras24horas.com.br\/portal\/wp-json\/wp\/v2\/media?parent=247889"}],"wp:term":[{"taxonomy":"category","embeddable":true,"href":"https:\/\/www.lavras24horas.com.br\/portal\/wp-json\/wp\/v2\/categories?post=247889"},{"taxonomy":"post_tag","embeddable":true,"href":"https:\/\/www.lavras24horas.com.br\/portal\/wp-json\/wp\/v2\/tags?post=247889"}],"curies":[{"name":"wp","href":"https:\/\/api.w.org\/{rel}","templated":true}]}}