{"id":247885,"date":"2019-08-24T07:00:51","date_gmt":"2019-08-24T10:00:51","guid":{"rendered":"https:\/\/www.lavras24horas.com.br\/portal\/?p=247885"},"modified":"2019-08-23T16:25:57","modified_gmt":"2019-08-23T19:25:57","slug":"em-crise-oi-corre-risco-de-perder-a-concessao-e-deixar-16-milhao-de-mineiros-sem-telefone-fixo","status":"publish","type":"post","link":"https:\/\/www.lavras24horas.com.br\/portal\/em-crise-oi-corre-risco-de-perder-a-concessao-e-deixar-16-milhao-de-mineiros-sem-telefone-fixo\/","title":{"rendered":"Em crise, Oi corre risco de perder a concess\u00e3o e deixar 1,6 milh\u00e3o de mineiros sem telefone fixo"},"content":{"rendered":"<p>&nbsp;<\/p>\n<p>&nbsp;<\/p>\n<p style=\"text-align: justify;\">Cerca de 1,6 milh\u00e3o de linhas de telefone fixas da Oi em Minas est\u00e3o amea\u00e7adas com os rumos da companhia, que perdeu 44,8% dos consumidores do servi\u00e7o em dez anos. Em recupera\u00e7\u00e3o judicial e com o caixa no vermelho, apresentando preju\u00edzos constantes, a telef\u00f4nica pode ficar sem capital para fazer investimentos em qualidade, perdendo ainda mais espa\u00e7o para as concorrentes do mercado. Em um quadro mais grave, existe, ainda, a possibilidade de a empresa perder a concess\u00e3o das opera\u00e7\u00f5es de telefonia fixa no pa\u00eds.<\/p>\n<p style=\"text-align: justify;\">\u201cTenho acompanhado a situa\u00e7\u00e3o da Oi com preocupa\u00e7\u00e3o. Na minha casa temos linha da operadora h\u00e1 mais de 20 anos e os servi\u00e7os prestados n\u00e3o t\u00eam sido dos melhores. J\u00e1 estamos analisando outras operadoras\u201d, afirma o jornalista Shandiney Miranda.<\/p>\n<p style=\"text-align: justify;\">Vale ressaltar que o fato de a Oi utilizar rede de cobre, que n\u00e3o depende de energia el\u00e9trica, atrai consumidores, especialmente os comerciais. Al\u00e9m disso, no pa\u00eds, mais de 3 mil munic\u00edpios s\u00e3o atendidos apenas pela telefonia fixa da tele. O n\u00famero de cidades mineiras com atendimento exclusivo n\u00e3o foi informado.<\/p>\n<div class=\"teads-inread sm-screen\" style=\"text-align: justify;\">\n<div class=\"teads-ui-components-adchoices\"><\/div>\n<div id=\"teads0\" class=\"teads-player\"><strong>Futuro\u00a0<\/strong><\/div>\n<\/div>\n<p style=\"text-align: justify;\">Se a Oi perder a concess\u00e3o, o contrato com a Uni\u00e3o vai obrigar o governo a garantir a presta\u00e7\u00e3o do servi\u00e7o at\u00e9 que uma nova companhia assuma. O problema \u00e9 que o investimento necess\u00e1rio para manter a concession\u00e1ria \u00e9 gigantesco. Al\u00e9m dos aportes para fazer com que a empresa continue competitiva tecnologicamente no mercado, a telef\u00f4nica tem d\u00edvidas de quase R$ 35 bilh\u00f5es.<br \/>\nDesse montante, R$ 15 bilh\u00f5es s\u00e3o devidos \u00e0 Uni\u00e3o e R$ 20 bilh\u00f5es a credores diversos. O d\u00e9bito junto aos credores chegou a R$ 50 bilh\u00f5es mas, ap\u00f3s constantes negocia\u00e7\u00f5es, caiu para R$ 20 bilh\u00f5es.<\/p>\n<p style=\"text-align: justify;\"><strong>Share<\/strong><\/p>\n<p style=\"text-align: justify;\">Hoje, segundo dados da Anatel, a tele \u00e9 a segunda maior operadora de telefonia fixa do pa\u00eds, com 31,3% do share nacional, perdendo apenas para a Vivo, com 33%. Apesar da boa carteira de clientes, a Oi apresentou preju\u00edzo de R$ 1,559 bilh\u00e3o no primeiro semestre deste ano, aumento de 24% ante igual per\u00edodo de 2018.<\/p>\n<p style=\"text-align: justify;\">Al\u00e9m disso, conforme o Estado de S. Paulo, relat\u00f3rio entregue \u00e0 Ag\u00eancia Nacional de Telecomunica\u00e7\u00f5es (Anatel) na semana passada apontou que o dinheiro da companhia somente seria suficiente para mant\u00ea-la funcionando at\u00e9 fevereiro. Paralelamente, acionistas cobram, junto aos conselheiros da Oi e \u00e0 Justi\u00e7a, mudan\u00e7a na diretoria da empresa. O motivo \u00e9 o p\u00edfio resultado apresentado nos \u00faltimos balan\u00e7os.<\/p>\n<p style=\"text-align: justify;\">Em nota, o presidente da Anatel, Leonardo Euler de Morais, afasta a possibilidade de fim da concess\u00e3o no curto prazo.<br \/>\n\u201cPara o regulador setorial, por for\u00e7a de suas compet\u00eancias legais, t\u00eam primazia a efetiva preserva\u00e7\u00e3o e a continuidade dos referidos servi\u00e7os. Nesse contexto, uma solu\u00e7\u00e3o de mercado definitiva \u00e9 o cen\u00e1rio preferencial para a evolu\u00e7\u00e3o positiva da situa\u00e7\u00e3o do grupo, diante de sua ader\u00eancia ao modelo regula-t\u00f3rio vigente. Solu\u00e7\u00f5es de outra natureza s\u00e3o excepcionais e ultima ratio. Dependem n\u00e3o apenas do atendimento das hip\u00f3teses previstas em lei, mas tamb\u00e9m de se mostrarem, ante a an\u00e1lise de conveni\u00eancia e oportunidade, instrumentos h\u00e1beis a alcan\u00e7ar posi\u00e7\u00e3o mais segura e favor\u00e1vel ao interesse p\u00fablico\u201d, diz o texto. A Oi n\u00e3o se pronunciou.<\/p>\n<div id=\"ad-inpost-2\" style=\"text-align: justify;\" data-google-query-id=\"CPCV-szbmeQCFdMIswAdg_wJmA\">\n<div id=\"google_ads_iframe_\/1368806\/primeiroplano_2__container__\"><strong>Fonte: Tatiane Moraes\u00a0<\/strong><\/div>\n<\/div>\n<p style=\"text-align: justify;\">\n<p style=\"text-align: justify;\"><strong>Reflexo das novas tecnologias, mercado em decad\u00eancia dificulta venda da empresa\u00a0<\/strong><\/p>\n<p style=\"text-align: justify;\">Com o mercado da telefonia fixa em decad\u00eancia, reflexo das novas tecnologias, como Voip e WhatsApp, e das baixas tarifas de celular, dificilmente o governo conseguiria mudar a concess\u00e3o da Oi de m\u00e3os, caso fosse necess\u00e1rio, conforme apontam especialistas do setor.\u00a0 \u201cO governo teria que colocar dinheiro at\u00e9 encontrar um comprador. E quem vai investir em uma operadora de telefonia fixa hoje? Por isso, o cen\u00e1rio ideal \u00e9 que a gest\u00e3o da Oi seja bem assertiva e o quadro melhore\u201d, afirma Eduardo Tude, da Teleco Consultoria.<\/p>\n<p style=\"text-align: justify;\">Os demais ativos da empresa, como pr\u00e9dios e antenas, tamb\u00e9m n\u00e3o s\u00e3o garantia de retorno r\u00e1pido devido \u00e0 dificuldade de venda. Sobra, portanto, o bra\u00e7o de telefonia m\u00f3vel da Oi. J\u00e1 foi ventilado no mercado, ali\u00e1s, que outras companhias que est\u00e3o no Brasil teriam interesse no ativo, mas nada foi confirmado. O Conselho Administrativo de Defesa Econ\u00f4mica (Cade) teria que analisar a proposta nesse caso. Outra possibilidade \u00e9 uma empresa que n\u00e3o atue m solo nacional fazer uma oferta \u00e0 Oi.<\/p>\n<p style=\"text-align: justify;\">Portabilidade<\/p>\n<p style=\"text-align: justify;\">Para os clientes que est\u00e3o insatisfeitos com a operadora, seja ela qual for, uma das solu\u00e7\u00f5es \u00e9 a portabilidade, que permite mudar a empresa prestadora de servi\u00e7o mantendo o n\u00famero. Para isso, basta entrar em contato com a nova operadora e informar o desejo de migrar. Depois, \u00e9 s\u00f3 esperar.<\/p>\n<p style=\"text-align: justify;\">Em at\u00e9 tr\u00eas dias \u00fateis, a migra\u00e7\u00e3o deve acontecer. Caso o cliente passe por algum problema, o ideal \u00e9 ligar para a operadora e pegar o n\u00famero do protocolo. Depois, ele deve ligar para a Anatel (1331) e formalizar a reclama\u00e7\u00e3o.<\/p>\n","protected":false},"excerpt":{"rendered":"<p>&nbsp; &nbsp; Cerca de 1,6 milh\u00e3o de linhas de telefone fixas da Oi em Minas est\u00e3o amea\u00e7adas com os rumos da companhia, que perdeu 44,8% dos consumidores do servi\u00e7o em dez anos. Em recupera\u00e7\u00e3o judicial e com o caixa no vermelho, apresentando preju\u00edzos constantes, a telef\u00f4nica pode ficar sem capital para fazer investimentos em qualidade, [&hellip;]<\/p>\n","protected":false},"author":7,"featured_media":247886,"comment_status":"closed","ping_status":"closed","sticky":false,"template":"","format":"standard","meta":{"advanced_seo_description":"","jetpack_seo_html_title":"","jetpack_seo_noindex":false,"_jetpack_memberships_contains_paid_content":false,"footnotes":""},"categories":[14,4],"tags":[467,466],"class_list":["post-247885","post","type-post","status-publish","format-standard","has-post-thumbnail","hentry","category-destaques-2","category-lavras","tag-automatico","tag-rascunho"],"jetpack_featured_media_url":"https:\/\/i0.wp.com\/www.lavras24horas.com.br\/portal\/wp-content\/uploads\/2019\/08\/telefone-na-mao.jpeg?fit=500%2C333&ssl=1","jetpack_sharing_enabled":true,"jetpack_likes_enabled":true,"jetpack_shortlink":"https:\/\/wp.me\/p12djN-12u9","_links":{"self":[{"href":"https:\/\/www.lavras24horas.com.br\/portal\/wp-json\/wp\/v2\/posts\/247885","targetHints":{"allow":["GET"]}}],"collection":[{"href":"https:\/\/www.lavras24horas.com.br\/portal\/wp-json\/wp\/v2\/posts"}],"about":[{"href":"https:\/\/www.lavras24horas.com.br\/portal\/wp-json\/wp\/v2\/types\/post"}],"author":[{"embeddable":true,"href":"https:\/\/www.lavras24horas.com.br\/portal\/wp-json\/wp\/v2\/users\/7"}],"replies":[{"embeddable":true,"href":"https:\/\/www.lavras24horas.com.br\/portal\/wp-json\/wp\/v2\/comments?post=247885"}],"version-history":[{"count":2,"href":"https:\/\/www.lavras24horas.com.br\/portal\/wp-json\/wp\/v2\/posts\/247885\/revisions"}],"predecessor-version":[{"id":247888,"href":"https:\/\/www.lavras24horas.com.br\/portal\/wp-json\/wp\/v2\/posts\/247885\/revisions\/247888"}],"wp:featuredmedia":[{"embeddable":true,"href":"https:\/\/www.lavras24horas.com.br\/portal\/wp-json\/wp\/v2\/media\/247886"}],"wp:attachment":[{"href":"https:\/\/www.lavras24horas.com.br\/portal\/wp-json\/wp\/v2\/media?parent=247885"}],"wp:term":[{"taxonomy":"category","embeddable":true,"href":"https:\/\/www.lavras24horas.com.br\/portal\/wp-json\/wp\/v2\/categories?post=247885"},{"taxonomy":"post_tag","embeddable":true,"href":"https:\/\/www.lavras24horas.com.br\/portal\/wp-json\/wp\/v2\/tags?post=247885"}],"curies":[{"name":"wp","href":"https:\/\/api.w.org\/{rel}","templated":true}]}}