{"id":247870,"date":"2019-08-23T16:00:09","date_gmt":"2019-08-23T19:00:09","guid":{"rendered":"https:\/\/www.lavras24horas.com.br\/portal\/?p=247870"},"modified":"2019-08-23T16:11:02","modified_gmt":"2019-08-23T19:11:02","slug":"nha-chica-ganha-rota-de-peregrinacao-na-estrada-real","status":"publish","type":"post","link":"https:\/\/www.lavras24horas.com.br\/portal\/nha-chica-ganha-rota-de-peregrinacao-na-estrada-real\/","title":{"rendered":"Nh\u00e1 Chica ganha rota de peregrina\u00e7\u00e3o na Estrada Real"},"content":{"rendered":"<p>&nbsp;<\/p>\n<p>&nbsp;<\/p>\n<p style=\"text-align: justify;\">Primeira negra, analfabeta e filha de escravos a se tornar beata, a mineira Francisca de Paula de Jesus, a Nh\u00e1 Chica, falecida em 1895 e beatificada em 2013, acaba de ganhar uma homenagem em Minas Gerais. Agora, um trecho da Estrada Real tornou-se rota tur\u00edstica de peregrina\u00e7\u00e3o em seu nome.<\/p>\n<p style=\"text-align: justify;\">A iniciativa \u00e9 do Servi\u00e7o Brasileiro de Apoio \u00e0s Micro e Pequenas Empresas (Sebrae-MG) em parceria com prefeituras de nove cidades do interior do estado, entre elas Santo Ant\u00f4nio do Rio das Mortes, distrito de S\u00e3o Jo\u00e3o del-Rei onde ela nasceu, e Baependi, onde passou a maior parte de sua vida dedicando-se a pessoas necessitadas.<\/p>\n<p style=\"text-align: justify;\">Atualmente, religiosos fazem peregrina\u00e7\u00f5es \u00e0 cidade onde Nh\u00e1 Chica viveu, mas, segundo o Sebrae, o caminho, a partir de agora, ter\u00e1 a\u00e7\u00f5es de melhoria infraestrutural e para o desenvolvimento tur\u00edstico da rota, que vai de Tiradentes a S\u00e3o Louren\u00e7o, um percurso de 220 km. A cerim\u00f4nia de lan\u00e7amento da rota de peregrina\u00e7\u00e3o ocorre quinta-feira (22 de agosto) em Baependi, com a presen\u00e7a da c\u00fapula do Sebrae-MG e de autoridades pol\u00edticas e religiosas.<\/p>\n<p style=\"text-align: justify;\">&#8220;Queremos que a Rota Nh\u00e1 Chica seja uma experi\u00eancia de reflex\u00e3o para turistas e devotos, e que ofere\u00e7a uma infraestrutura adequada que estimule o aumento do fluxo tur\u00edstico na regi\u00e3o, e consequentemente, a amplia\u00e7\u00e3o das oportunidades para desenvolvimento dos pequenos neg\u00f3cios locais e a gera\u00e7\u00e3o de emprego e renda para a popula\u00e7\u00e3o\u201d, diz Afonso Maria Rocha, superintendente do Sebrae-MG, em nota enviada \u00e0 imprensa.<\/p>\n<p style=\"text-align: justify;\">Ele explica ainda que a rota foi criada tamb\u00e9m com base no que j\u00e1 existe de atra\u00e7\u00f5es no caminho percorrido atualmente pelos fi\u00e9is, que possui paisagens naturais deslumbrantes e atividades gastron\u00f4micas e de aventura. &#8220;A ideia \u00e9 que hot\u00e9is, pousadas, bares, restaurantes localizados ao longo do percurso ofertem produtos e servi\u00e7os de qualidade e que estejam preparados para serem pontos de acolhimento, oferecendo conforto e seguran\u00e7a aos peregrinos e turistas&#8221;, revela Afonso Maria Rocha, ainda no comunicado.<\/p>\n<p style=\"text-align: justify;\">De acordo com o Sebrae-MG, o percurso da rota de peregrina\u00e7\u00e3o Nh\u00e1 Chica deve ganhar, at\u00e9 o final do ano, placas que informem aos turistas informa\u00e7\u00f5es sobre o trecho e o significado das virtudes atribu\u00eddas \u00e0 beata. Al\u00e9m disso, uma guia impresso e um site devem ser criados para reunir todas as informa\u00e7\u00f5es sobre a rota, incluindo as condi\u00e7\u00f5es de caminhada, a dist\u00e2ncia e o tempo necess\u00e1rios em cada trecho, bem como equipamentos de seguran\u00e7a, inclina\u00e7\u00e3o dos terrenos, servi\u00e7os dispon\u00edveis em cada cidade e estabelecimentos para hospedagem e alimenta\u00e7\u00e3o.<\/p>\n<p style=\"text-align: justify;\">A caminhada pela rota de peregrina\u00e7\u00e3o Nh\u00e1 Chica tem dura\u00e7\u00e3o de nove dias, mas tamb\u00e9m pode ser feita de carro, moto ou a cavalo. O trajeto \u00e9 dividido em 11 trechos que possuem entre 11 e 30 km. Cada um deles, recebeu o nome de uma das virtudes atribuidas \u00e0 beata mineira: castidade, prud\u00eancia, f\u00e9, humildade, fortaleza, justi\u00e7a, pobreza, obedi\u00eancia, caridade, esperan\u00e7a e temperan\u00e7a.<\/p>\n<p style=\"text-align: justify;\">Hist\u00f3rico<\/p>\n<p style=\"text-align: justify;\">Nh\u00e1 Chica morreu no dia 14 de junho de 1895, aos 87 anos. Ela foi sepultada no interior de uma capela que ajudou a construir em Baependi e que mais tarde tornou-se a Igreja Nossa Senhora da Cocei\u00e7\u00e3o Nh\u00e1 Chica. Em seu vel\u00f3rio, que durou quatro dias, curiosamente, muitas pessoas que relataram que seu corpo exalava um perfume de rosas. 103 anos depois, em 1998, seu corpo foi exumado como parte do processo de beatifica\u00e7\u00e3o e, novamente, as pessoas presentes relataram que sentiram o mesmo perfume.<\/p>\n<p style=\"text-align: justify;\">Por conta de seu trabalho de caridade na cidade onde viveu, Nh\u00e1 Chica ficou conhecida como M\u00e3e dos Pobres e, por conta de seus milagres reconhecidos, passou a ser chamada, tamb\u00e9m, de a Santa de Baependi. Seus restos mortais permaecem repousados no interior da igreja, protegidos por duas urnas, uma de acr\u00edlico e outra, externa, de granito<\/p>\n<p style=\"text-align: justify;\">Rota Nh\u00e1 Chica na Estrada Real<\/p>\n<p style=\"text-align: justify;\">Caminho da Castidade: de Tiradentes, passando por Santa Cruz de Minas at\u00e9 S\u00e3o Jo\u00e3o del-Rei (11 km)<\/p>\n<p style=\"text-align: justify;\">Caminho da Prud\u00eancia: de S\u00e3o Jo\u00e3o del-Rei a Santo Ant\u00f4nio do Rio das Mortes Pequeno (11 km)<\/p>\n<p style=\"text-align: justify;\">Caminho da F\u00e9: de Santo Ant\u00f4nio do Rio das Mortes Pequeno \u00e0 S\u00e3o Sebasti\u00e3o da Vit\u00f3ria (16 km)<\/p>\n<p style=\"text-align: justify;\">Caminho da Humildade: de S\u00e3o Sebasti\u00e3o da Vit\u00f3ria \u00e0 Caquende (22 km)<\/p>\n<p style=\"text-align: justify;\">Caminho da Fortaleza: de Caquende, passando por Capela do Saco at\u00e9 Carrancas (30 km)<\/p>\n<p style=\"text-align: justify;\">Caminho da Justi\u00e7a: de Carrancas a Esta\u00e7\u00e3o de Carrancas (15 km)<\/p>\n<p style=\"text-align: justify;\">Caminho da Pobreza: da Esta\u00e7\u00e3o de Carrancas a Fazenda Traituba (20 km)<\/p>\n<p style=\"text-align: justify;\">Caminho da Obedi\u00eancia: da Fazenda Traituba \u00e0 Cruz\u00edlia (37 km)<\/p>\n<p style=\"text-align: justify;\">Caminho da Caridade: de Cruz\u00edlia \u00e0 Baependi (19 km)<\/p>\n<p style=\"text-align: justify;\">Caminho da Esperan\u00e7a: de Baependi passando por Caxambu at\u00e9 Soledade de Minas (30 km)<\/p>\n<p>Caminho da Temperan\u00e7a: de Soledade de Minas \u00e0 S\u00e3o Louren\u00e7o (15 km)<\/p>\n<p>*Com assessoria do Sebrae-MG<\/p>\n","protected":false},"excerpt":{"rendered":"<p>&nbsp; &nbsp; Primeira negra, analfabeta e filha de escravos a se tornar beata, a mineira Francisca de Paula de Jesus, a Nh\u00e1 Chica, falecida em 1895 e beatificada em 2013, acaba de ganhar uma homenagem em Minas Gerais. Agora, um trecho da Estrada Real tornou-se rota tur\u00edstica de peregrina\u00e7\u00e3o em seu nome. A iniciativa \u00e9 [&hellip;]<\/p>\n","protected":false},"author":7,"featured_media":247871,"comment_status":"closed","ping_status":"closed","sticky":false,"template":"","format":"standard","meta":{"advanced_seo_description":"","jetpack_seo_html_title":"","jetpack_seo_noindex":false,"_jetpack_memberships_contains_paid_content":false,"footnotes":""},"categories":[12,4],"tags":[467,466],"class_list":["post-247870","post","type-post","status-publish","format-standard","has-post-thumbnail","hentry","category-destaques-1","category-lavras","tag-automatico","tag-rascunho"],"jetpack_featured_media_url":"https:\/\/i0.wp.com\/www.lavras24horas.com.br\/portal\/wp-content\/uploads\/2019\/08\/nhaChica.jpg?fit=619%2C400&ssl=1","jetpack_sharing_enabled":true,"jetpack_likes_enabled":true,"jetpack_shortlink":"https:\/\/wp.me\/p12djN-12tU","_links":{"self":[{"href":"https:\/\/www.lavras24horas.com.br\/portal\/wp-json\/wp\/v2\/posts\/247870","targetHints":{"allow":["GET"]}}],"collection":[{"href":"https:\/\/www.lavras24horas.com.br\/portal\/wp-json\/wp\/v2\/posts"}],"about":[{"href":"https:\/\/www.lavras24horas.com.br\/portal\/wp-json\/wp\/v2\/types\/post"}],"author":[{"embeddable":true,"href":"https:\/\/www.lavras24horas.com.br\/portal\/wp-json\/wp\/v2\/users\/7"}],"replies":[{"embeddable":true,"href":"https:\/\/www.lavras24horas.com.br\/portal\/wp-json\/wp\/v2\/comments?post=247870"}],"version-history":[{"count":1,"href":"https:\/\/www.lavras24horas.com.br\/portal\/wp-json\/wp\/v2\/posts\/247870\/revisions"}],"predecessor-version":[{"id":247872,"href":"https:\/\/www.lavras24horas.com.br\/portal\/wp-json\/wp\/v2\/posts\/247870\/revisions\/247872"}],"wp:featuredmedia":[{"embeddable":true,"href":"https:\/\/www.lavras24horas.com.br\/portal\/wp-json\/wp\/v2\/media\/247871"}],"wp:attachment":[{"href":"https:\/\/www.lavras24horas.com.br\/portal\/wp-json\/wp\/v2\/media?parent=247870"}],"wp:term":[{"taxonomy":"category","embeddable":true,"href":"https:\/\/www.lavras24horas.com.br\/portal\/wp-json\/wp\/v2\/categories?post=247870"},{"taxonomy":"post_tag","embeddable":true,"href":"https:\/\/www.lavras24horas.com.br\/portal\/wp-json\/wp\/v2\/tags?post=247870"}],"curies":[{"name":"wp","href":"https:\/\/api.w.org\/{rel}","templated":true}]}}