{"id":247865,"date":"2019-08-23T13:09:11","date_gmt":"2019-08-23T16:09:11","guid":{"rendered":"https:\/\/www.lavras24horas.com.br\/portal\/?p=247865"},"modified":"2019-08-23T13:09:11","modified_gmt":"2019-08-23T16:09:11","slug":"sem-data-definida-assembleia-da-adufla-aprova-indicativo-de-greve","status":"publish","type":"post","link":"https:\/\/www.lavras24horas.com.br\/portal\/sem-data-definida-assembleia-da-adufla-aprova-indicativo-de-greve\/","title":{"rendered":"Sem data definida, assembleia da ADUFLA aprova indicativo de greve"},"content":{"rendered":"<p>&nbsp;<\/p>\n<p>&nbsp;<\/p>\n<p>Os docentes da Universidade Federal de Lavras (UFLA) reunidos em Assembleia Geral Extraordin\u00e1ria, na tarde desta quinta-feira (22\/8), decidiram pela aprova\u00e7\u00e3o, em primeiro lugar, de um indicativo de greve sem data definida, e ainda, que haja uma sinaliza\u00e7\u00e3o ao ANDES para que sejam intensificadas as mobiliza\u00e7\u00f5es das bases para a constru\u00e7\u00e3o de uma Greve Geral.<\/p>\n<p>A pauta da assembleia atendeu a uma delibera\u00e7\u00e3o do 64\u00ba CONAD, realizado em junho, e ratificada durante a\u00a0\u00faltima Reuni\u00e3o do Setor das IFES do ANDES-SN, no dia 28\/7, em Bras\u00edlia, quando ficou definido que as Se\u00e7\u00f5es Sindicais realizassem rodadas de assembleia para avalia\u00e7\u00e3o do indicativo de greve at\u00e9 a presente data.<\/p>\n<p>Na pauta da discuss\u00e3o est\u00e3o os seguintes pontos: reforma da previd\u00eancia; perda da estabilidade dos(as) servidores(ras) p\u00fablicos(as); reajuste salarial; Future-se; Nomea\u00e7\u00e3o dos(as) Reitores(as); cortes do or\u00e7amento das universidades e Institutos Federais; e autonomia universit\u00e1ria.<\/p>\n<p>&nbsp;<\/p>\n<p><strong>Fonte: Adriano Salgado\/Adufla\u00a0<\/strong><\/p>\n","protected":false},"excerpt":{"rendered":"<p>&nbsp; &nbsp; Os docentes da Universidade Federal de Lavras (UFLA) reunidos em Assembleia Geral Extraordin\u00e1ria, na tarde desta quinta-feira (22\/8), decidiram pela aprova\u00e7\u00e3o, em primeiro lugar, de um indicativo de greve sem data definida, e ainda, que haja uma sinaliza\u00e7\u00e3o ao ANDES para que sejam intensificadas as mobiliza\u00e7\u00f5es das bases para a constru\u00e7\u00e3o de uma [&hellip;]<\/p>\n","protected":false},"author":7,"featured_media":247866,"comment_status":"closed","ping_status":"closed","sticky":false,"template":"","format":"standard","meta":{"advanced_seo_description":"","jetpack_seo_html_title":"","jetpack_seo_noindex":false,"_jetpack_memberships_contains_paid_content":false,"footnotes":""},"categories":[12,4],"tags":[467,466],"class_list":["post-247865","post","type-post","status-publish","format-standard","has-post-thumbnail","hentry","category-destaques-1","category-lavras","tag-automatico","tag-rascunho"],"jetpack_featured_media_url":"https:\/\/i0.wp.com\/www.lavras24horas.com.br\/portal\/wp-content\/uploads\/2019\/08\/DSC_0382.jpg?fit=500%2C363&ssl=1","jetpack_sharing_enabled":true,"jetpack_likes_enabled":true,"jetpack_shortlink":"https:\/\/wp.me\/p12djN-12tP","_links":{"self":[{"href":"https:\/\/www.lavras24horas.com.br\/portal\/wp-json\/wp\/v2\/posts\/247865","targetHints":{"allow":["GET"]}}],"collection":[{"href":"https:\/\/www.lavras24horas.com.br\/portal\/wp-json\/wp\/v2\/posts"}],"about":[{"href":"https:\/\/www.lavras24horas.com.br\/portal\/wp-json\/wp\/v2\/types\/post"}],"author":[{"embeddable":true,"href":"https:\/\/www.lavras24horas.com.br\/portal\/wp-json\/wp\/v2\/users\/7"}],"replies":[{"embeddable":true,"href":"https:\/\/www.lavras24horas.com.br\/portal\/wp-json\/wp\/v2\/comments?post=247865"}],"version-history":[{"count":1,"href":"https:\/\/www.lavras24horas.com.br\/portal\/wp-json\/wp\/v2\/posts\/247865\/revisions"}],"predecessor-version":[{"id":247867,"href":"https:\/\/www.lavras24horas.com.br\/portal\/wp-json\/wp\/v2\/posts\/247865\/revisions\/247867"}],"wp:featuredmedia":[{"embeddable":true,"href":"https:\/\/www.lavras24horas.com.br\/portal\/wp-json\/wp\/v2\/media\/247866"}],"wp:attachment":[{"href":"https:\/\/www.lavras24horas.com.br\/portal\/wp-json\/wp\/v2\/media?parent=247865"}],"wp:term":[{"taxonomy":"category","embeddable":true,"href":"https:\/\/www.lavras24horas.com.br\/portal\/wp-json\/wp\/v2\/categories?post=247865"},{"taxonomy":"post_tag","embeddable":true,"href":"https:\/\/www.lavras24horas.com.br\/portal\/wp-json\/wp\/v2\/tags?post=247865"}],"curies":[{"name":"wp","href":"https:\/\/api.w.org\/{rel}","templated":true}]}}