{"id":247858,"date":"2019-08-23T13:04:52","date_gmt":"2019-08-23T16:04:52","guid":{"rendered":"https:\/\/www.lavras24horas.com.br\/portal\/?p=247858"},"modified":"2019-08-23T13:04:52","modified_gmt":"2019-08-23T16:04:52","slug":"pm-detem-infratora-que-praticou-furtos-no-comercio-de-lavras","status":"publish","type":"post","link":"https:\/\/www.lavras24horas.com.br\/portal\/pm-detem-infratora-que-praticou-furtos-no-comercio-de-lavras\/","title":{"rendered":"PM det\u00e9m infratora que praticou furtos no com\u00e9rcio de Lavras"},"content":{"rendered":"<p>&nbsp;<\/p>\n<p>&nbsp;<\/p>\n<p>Quinta-feira (22), \u00e0s 15:56, em Lavras, os militares estiveram em uma loja no centro da cidade onde o propriet\u00e1rio informou que imagens de c\u00e2meras de seguran\u00e7a, haviam flagrado uma mulher furtando um aparador de pelos de sua loja.<\/p>\n<p>Ele repassou as informa\u00e7\u00f5es em grupo de comerciantes, sendo ent\u00e3o informado que a mulher estaria em um ve\u00edculo com placas de S\u00e3o Jo\u00e3o Del Rei.<\/p>\n<p>Assim, a equipe passou a rastrear a denunciada, encontrando seu ve\u00edculo estacionado dentro do p\u00e1tio de um supermercado.<\/p>\n<p>A mulher de 47 anos foi abordada. Ela estava acompanhada de outras 2 pessoas.<\/p>\n<p>Dentro de sua bolsa foi encontrado o objeto furtado.<\/p>\n<p>Foram encontrados dentro do ve\u00edculo v\u00e1rias pe\u00e7as de roupas de proced\u00eancia duvidosa, os quais foram apreendidos.<\/p>\n<p>Ainda durante a vistoria, os militares, desconfiados, checaram o cupom fiscal que havia sido emitido pelo supermercado onde ela estava, relacionando-o aos produtos que ela havia trazido at\u00e9 o autom\u00f3vel, constatando que muitos produtos n\u00e3o estavam listados na compra.<\/p>\n<p>Foi quando o funcion\u00e1rio do supermercado foi comunicado do fato e ap\u00f3s passar os produtos no leitor de c\u00f3digo de barras, constatou que as mercadorias haviam sido furtadas.<\/p>\n<p>O ve\u00edculo n\u00e3o estava devidamente licenciado e por este motivo foi removido ao p\u00e1tio de guincho credenciado.<\/p>\n<p>A mulher, natural de Nazareno\/MG, foi presa por furto, sendo conduzida at\u00e9 a Delegacia junto das pessoas que a acompanhava.<\/p>\n<p>&nbsp;<\/p>\n<p><strong>Fonte: ACO\/8\u00baBPM<\/strong><\/p>\n","protected":false},"excerpt":{"rendered":"<p>&nbsp; &nbsp; Quinta-feira (22), \u00e0s 15:56, em Lavras, os militares estiveram em uma loja no centro da cidade onde o propriet\u00e1rio informou que imagens de c\u00e2meras de seguran\u00e7a, haviam flagrado uma mulher furtando um aparador de pelos de sua loja. Ele repassou as informa\u00e7\u00f5es em grupo de comerciantes, sendo ent\u00e3o informado que a mulher estaria [&hellip;]<\/p>\n","protected":false},"author":7,"featured_media":247859,"comment_status":"closed","ping_status":"closed","sticky":false,"template":"","format":"standard","meta":{"advanced_seo_description":"","jetpack_seo_html_title":"","jetpack_seo_noindex":false,"_jetpack_memberships_contains_paid_content":false,"footnotes":""},"categories":[13077,4],"tags":[467,466],"class_list":["post-247858","post","type-post","status-publish","format-standard","has-post-thumbnail","hentry","category-laterais-2","category-lavras","tag-automatico","tag-rascunho"],"jetpack_featured_media_url":"https:\/\/i0.wp.com\/www.lavras24horas.com.br\/portal\/wp-content\/uploads\/2019\/08\/68806871_1155781024624408_91077908247871488_n.jpg?fit=500%2C280&ssl=1","jetpack_sharing_enabled":true,"jetpack_likes_enabled":true,"jetpack_shortlink":"https:\/\/wp.me\/p12djN-12tI","_links":{"self":[{"href":"https:\/\/www.lavras24horas.com.br\/portal\/wp-json\/wp\/v2\/posts\/247858","targetHints":{"allow":["GET"]}}],"collection":[{"href":"https:\/\/www.lavras24horas.com.br\/portal\/wp-json\/wp\/v2\/posts"}],"about":[{"href":"https:\/\/www.lavras24horas.com.br\/portal\/wp-json\/wp\/v2\/types\/post"}],"author":[{"embeddable":true,"href":"https:\/\/www.lavras24horas.com.br\/portal\/wp-json\/wp\/v2\/users\/7"}],"replies":[{"embeddable":true,"href":"https:\/\/www.lavras24horas.com.br\/portal\/wp-json\/wp\/v2\/comments?post=247858"}],"version-history":[{"count":1,"href":"https:\/\/www.lavras24horas.com.br\/portal\/wp-json\/wp\/v2\/posts\/247858\/revisions"}],"predecessor-version":[{"id":247860,"href":"https:\/\/www.lavras24horas.com.br\/portal\/wp-json\/wp\/v2\/posts\/247858\/revisions\/247860"}],"wp:featuredmedia":[{"embeddable":true,"href":"https:\/\/www.lavras24horas.com.br\/portal\/wp-json\/wp\/v2\/media\/247859"}],"wp:attachment":[{"href":"https:\/\/www.lavras24horas.com.br\/portal\/wp-json\/wp\/v2\/media?parent=247858"}],"wp:term":[{"taxonomy":"category","embeddable":true,"href":"https:\/\/www.lavras24horas.com.br\/portal\/wp-json\/wp\/v2\/categories?post=247858"},{"taxonomy":"post_tag","embeddable":true,"href":"https:\/\/www.lavras24horas.com.br\/portal\/wp-json\/wp\/v2\/tags?post=247858"}],"curies":[{"name":"wp","href":"https:\/\/api.w.org\/{rel}","templated":true}]}}