{"id":247848,"date":"2019-08-23T09:43:28","date_gmt":"2019-08-23T12:43:28","guid":{"rendered":"https:\/\/www.lavras24horas.com.br\/portal\/?p=247848"},"modified":"2019-08-23T13:12:41","modified_gmt":"2019-08-23T16:12:41","slug":"lbv-inaugura-unidade-e-entrega-cestas-de-alimento-no-vale-do-jequitinhonha","status":"publish","type":"post","link":"https:\/\/www.lavras24horas.com.br\/portal\/lbv-inaugura-unidade-e-entrega-cestas-de-alimento-no-vale-do-jequitinhonha\/","title":{"rendered":"LBV inaugura unidade e entrega cestas de alimento no Vale do  Jequitinhonha"},"content":{"rendered":"<p><img data-recalc-dims=\"1\" fetchpriority=\"high\" decoding=\"async\" data-attachment-id=\"247852\" data-permalink=\"https:\/\/www.lavras24horas.com.br\/portal\/lbv-inaugura-unidade-e-entrega-cestas-de-alimento-no-vale-do-jequitinhonha\/inauguracao_aracuai_-_1\/\" data-orig-file=\"https:\/\/i0.wp.com\/www.lavras24horas.com.br\/portal\/wp-content\/uploads\/2019\/08\/inauguracao_aracuai_-_1.jpeg?fit=1280%2C720&amp;ssl=1\" data-orig-size=\"1280,720\" data-comments-opened=\"0\" data-image-meta=\"{&quot;aperture&quot;:&quot;0&quot;,&quot;credit&quot;:&quot;&quot;,&quot;camera&quot;:&quot;&quot;,&quot;caption&quot;:&quot;&quot;,&quot;created_timestamp&quot;:&quot;0&quot;,&quot;copyright&quot;:&quot;&quot;,&quot;focal_length&quot;:&quot;0&quot;,&quot;iso&quot;:&quot;0&quot;,&quot;shutter_speed&quot;:&quot;0&quot;,&quot;title&quot;:&quot;&quot;,&quot;orientation&quot;:&quot;0&quot;}\" data-image-title=\"inauguracao_aracuai_-_1\" data-image-description=\"\" data-image-caption=\"\" data-large-file=\"https:\/\/i0.wp.com\/www.lavras24horas.com.br\/portal\/wp-content\/uploads\/2019\/08\/inauguracao_aracuai_-_1.jpeg?fit=587%2C330&amp;ssl=1\" class=\"size-medium wp-image-247852 aligncenter\" src=\"https:\/\/i0.wp.com\/www.lavras24horas.com.br\/portal\/wp-content\/uploads\/2019\/08\/inauguracao_aracuai_-_1.jpeg?resize=660%2C330&#038;ssl=1\" alt=\"\" width=\"660\" height=\"330\" \/><\/p>\n<p style=\"text-align: justify;\">A\u00a0<strong>Legi\u00e3o da Boa Vontade (LBV)<\/strong>\u00a0est\u00e1 sempre presente onde o povo precisa!<\/p>\n<p style=\"text-align: justify;\">Comprovando essa afirmativa, a LBV inaugurou, dia 14 de agosto, um Centro Comunit\u00e1rio de Assist\u00eancia Social na cidade de Ara\u00e7ua\u00ed, localizada no Vale do Jequitinhonha, uma das regi\u00f5es mais pobres do Estado de Minas Gerais.<\/p>\n<p style=\"text-align: justify;\">Com a proposta de oferecer servi\u00e7os e programas que atendam as vulnerabilidades das fam\u00edlias que vivem na cidade e nos munic\u00edpios vizinhos, a Institui\u00e7\u00e3o vem para somar esfor\u00e7os cont\u00ednuos de um trabalho que j\u00e1 era realizado h\u00e1 muitos anos em a\u00e7\u00f5es emergenciais, em parceria com entidades parceiras.<\/p>\n<p><img data-recalc-dims=\"1\" decoding=\"async\" data-attachment-id=\"247851\" data-permalink=\"https:\/\/www.lavras24horas.com.br\/portal\/lbv-inaugura-unidade-e-entrega-cestas-de-alimento-no-vale-do-jequitinhonha\/4-10\/\" data-orig-file=\"https:\/\/i0.wp.com\/www.lavras24horas.com.br\/portal\/wp-content\/uploads\/2019\/08\/4.jpg?fit=4608%2C3072&amp;ssl=1\" data-orig-size=\"4608,3072\" data-comments-opened=\"0\" data-image-meta=\"{&quot;aperture&quot;:&quot;6.3&quot;,&quot;credit&quot;:&quot;&quot;,&quot;camera&quot;:&quot;NIKON D3100&quot;,&quot;caption&quot;:&quot;&quot;,&quot;created_timestamp&quot;:&quot;1565730097&quot;,&quot;copyright&quot;:&quot;&quot;,&quot;focal_length&quot;:&quot;20&quot;,&quot;iso&quot;:&quot;100&quot;,&quot;shutter_speed&quot;:&quot;0.00625&quot;,&quot;title&quot;:&quot;&quot;,&quot;orientation&quot;:&quot;1&quot;}\" data-image-title=\"4\" data-image-description=\"\" data-image-caption=\"\" data-large-file=\"https:\/\/i0.wp.com\/www.lavras24horas.com.br\/portal\/wp-content\/uploads\/2019\/08\/4.jpg?fit=495%2C330&amp;ssl=1\" class=\"size-medium wp-image-247851 aligncenter lazyload\" data-src=\"https:\/\/i0.wp.com\/www.lavras24horas.com.br\/portal\/wp-content\/uploads\/2019\/08\/4.jpg?resize=660%2C330&#038;ssl=1\" alt=\"\" width=\"660\" height=\"330\" data-srcset=\"https:\/\/i0.wp.com\/www.lavras24horas.com.br\/portal\/wp-content\/uploads\/2019\/08\/4.jpg?resize=660%2C330&amp;ssl=1 660w, https:\/\/i0.wp.com\/www.lavras24horas.com.br\/portal\/wp-content\/uploads\/2019\/08\/4.jpg?zoom=2&amp;resize=660%2C330&amp;ssl=1 1320w, https:\/\/i0.wp.com\/www.lavras24horas.com.br\/portal\/wp-content\/uploads\/2019\/08\/4.jpg?zoom=3&amp;resize=660%2C330&amp;ssl=1 1980w\" data-sizes=\"(max-width: 660px) 100vw, 660px\" src=\"data:image\/svg+xml;base64,PHN2ZyB3aWR0aD0iMSIgaGVpZ2h0PSIxIiB4bWxucz0iaHR0cDovL3d3dy53My5vcmcvMjAwMC9zdmciPjwvc3ZnPg==\" style=\"--smush-placeholder-width: 660px; --smush-placeholder-aspect-ratio: 660\/330;\" \/><\/p>\n<h2 style=\"text-align: justify;\"><strong>Atendimento de qualidade<\/strong><\/h2>\n<p style=\"text-align: justify;\">A Entidade realizar\u00e1 os servi\u00e7os <em>Viv\u00eancia Solid\u00e1ria<\/em>, voltado a jovens e adultos; <em>Vida Plena<\/em>, com foco em idosos; e tamb\u00e9m o programa\u00a0 <em>Rede Sociedade Solid\u00e1ria \u2014<\/em> <em>Assessoramento, defesa e garantia de direitos<\/em>, que far\u00e1, entre outras atividades, capacita\u00e7\u00e3o de l\u00edderes comunit\u00e1rios e de gestores de organiza\u00e7\u00f5es sociais em temas jur\u00eddicos, t\u00e9cnicos e administrativos relacionados \u00e0s \u00e1reas dos direitos e da prote\u00e7\u00e3o social, contribuindo para que estimulem o desenvolvimento das pr\u00f3prias comunidades e qualifiquem pr\u00e1ticas exercidas nos respectivos projetos sociais.<\/p>\n<p style=\"text-align: justify;\">Durante a inaugura\u00e7\u00e3o, as fam\u00edlias que j\u00e1 est\u00e3o cadastradas nos servi\u00e7os que ser\u00e3o oferecidos ao longo do ano na unidade receberam cestas de alimento da campanha\u00a0<em>Diga Sim!<\/em>,\u00a0da LBV, uma a\u00e7\u00e3o emergencial para ajudar no sustento de quem vive da agricultura e que enfrenta a escassez de \u00e1gua e o desemprego.<\/p>\n<p style=\"text-align: justify;\">A atendida Maria de F\u00e1tima Fernandes dos Santos agradece pela cesta de alimentos que a ajudar\u00e1 muito no sustento de sua fam\u00edlia: \u201cA situa\u00e7\u00e3o aqui \u00e9 cada vez mais prec\u00e1ria, \u00e9 muito dif\u00edcil. Inclusive est\u00e1vamos precisando, eu iria at\u00e9 na casa da minha m\u00e3e pedir um pouco de arroz para fazer no almo\u00e7o hoje. Ent\u00e3o ajuda demais, agrade\u00e7o muito! Que Deus aben\u00e7oe todos os colaboradores! \u201d.<\/p>\n<p style=\"text-align: justify;\">Edv\u00e2nia Pereira de Oliveira recebeu o alimento com um sorriso estampado no rosto e destacou: \u201cEu ajudo o pessoal do mercado para tentar ganhar as verduras l\u00e1 para casa. Mas \u00e9 muito dif\u00edcil a situa\u00e7\u00e3o aqui porque quase n\u00e3o achamos emprego. Eu fico muito feliz [com a cesta]! \u201d.<\/p>\n<p style=\"text-align: justify;\"><strong>A voc\u00ea, o nosso sincero agradecimento por tornar essa iniciativa solid\u00e1ria poss\u00edvel de acontecer e nossos parab\u00e9ns pelo gesto de Caridade em ajudar a transformar vidas para melhor! \u2665<\/strong><\/p>\n<p><img data-recalc-dims=\"1\" decoding=\"async\" data-attachment-id=\"247853\" data-permalink=\"https:\/\/www.lavras24horas.com.br\/portal\/lbv-inaugura-unidade-e-entrega-cestas-de-alimento-no-vale-do-jequitinhonha\/inauguracao_aracuai_-_2\/\" data-orig-file=\"https:\/\/i0.wp.com\/www.lavras24horas.com.br\/portal\/wp-content\/uploads\/2019\/08\/inauguracao_aracuai_-_2.jpeg?fit=1024%2C768&amp;ssl=1\" data-orig-size=\"1024,768\" data-comments-opened=\"0\" data-image-meta=\"{&quot;aperture&quot;:&quot;0&quot;,&quot;credit&quot;:&quot;&quot;,&quot;camera&quot;:&quot;&quot;,&quot;caption&quot;:&quot;&quot;,&quot;created_timestamp&quot;:&quot;0&quot;,&quot;copyright&quot;:&quot;&quot;,&quot;focal_length&quot;:&quot;0&quot;,&quot;iso&quot;:&quot;0&quot;,&quot;shutter_speed&quot;:&quot;0&quot;,&quot;title&quot;:&quot;&quot;,&quot;orientation&quot;:&quot;0&quot;}\" data-image-title=\"inauguracao_aracuai_-_2\" data-image-description=\"\" data-image-caption=\"\" data-large-file=\"https:\/\/i0.wp.com\/www.lavras24horas.com.br\/portal\/wp-content\/uploads\/2019\/08\/inauguracao_aracuai_-_2.jpeg?fit=440%2C330&amp;ssl=1\" class=\"size-medium wp-image-247853 aligncenter lazyload\" data-src=\"https:\/\/i0.wp.com\/www.lavras24horas.com.br\/portal\/wp-content\/uploads\/2019\/08\/inauguracao_aracuai_-_2.jpeg?resize=660%2C330&#038;ssl=1\" alt=\"\" width=\"660\" height=\"330\" src=\"data:image\/svg+xml;base64,PHN2ZyB3aWR0aD0iMSIgaGVpZ2h0PSIxIiB4bWxucz0iaHR0cDovL3d3dy53My5vcmcvMjAwMC9zdmciPjwvc3ZnPg==\" style=\"--smush-placeholder-width: 660px; --smush-placeholder-aspect-ratio: 660\/330;\" \/> <img data-recalc-dims=\"1\" decoding=\"async\" data-attachment-id=\"247854\" data-permalink=\"https:\/\/www.lavras24horas.com.br\/portal\/lbv-inaugura-unidade-e-entrega-cestas-de-alimento-no-vale-do-jequitinhonha\/inauguracao_aracuai_-_5\/\" data-orig-file=\"https:\/\/i0.wp.com\/www.lavras24horas.com.br\/portal\/wp-content\/uploads\/2019\/08\/inauguracao_aracuai_-_5.jpeg?fit=1024%2C768&amp;ssl=1\" data-orig-size=\"1024,768\" data-comments-opened=\"0\" data-image-meta=\"{&quot;aperture&quot;:&quot;0&quot;,&quot;credit&quot;:&quot;&quot;,&quot;camera&quot;:&quot;&quot;,&quot;caption&quot;:&quot;&quot;,&quot;created_timestamp&quot;:&quot;0&quot;,&quot;copyright&quot;:&quot;&quot;,&quot;focal_length&quot;:&quot;0&quot;,&quot;iso&quot;:&quot;0&quot;,&quot;shutter_speed&quot;:&quot;0&quot;,&quot;title&quot;:&quot;&quot;,&quot;orientation&quot;:&quot;0&quot;}\" data-image-title=\"inauguracao_aracuai_-_5\" data-image-description=\"\" data-image-caption=\"\" data-large-file=\"https:\/\/i0.wp.com\/www.lavras24horas.com.br\/portal\/wp-content\/uploads\/2019\/08\/inauguracao_aracuai_-_5.jpeg?fit=440%2C330&amp;ssl=1\" class=\"size-medium wp-image-247854 aligncenter lazyload\" data-src=\"https:\/\/i0.wp.com\/www.lavras24horas.com.br\/portal\/wp-content\/uploads\/2019\/08\/inauguracao_aracuai_-_5.jpeg?resize=660%2C330&#038;ssl=1\" alt=\"\" width=\"660\" height=\"330\" src=\"data:image\/svg+xml;base64,PHN2ZyB3aWR0aD0iMSIgaGVpZ2h0PSIxIiB4bWxucz0iaHR0cDovL3d3dy53My5vcmcvMjAwMC9zdmciPjwvc3ZnPg==\" style=\"--smush-placeholder-width: 660px; --smush-placeholder-aspect-ratio: 660\/330;\" \/><\/p>\n","protected":false},"excerpt":{"rendered":"<p>A\u00a0Legi\u00e3o da Boa Vontade (LBV)\u00a0est\u00e1 sempre presente onde o povo precisa! Comprovando essa afirmativa, a LBV inaugurou, dia 14 de agosto, um Centro Comunit\u00e1rio de Assist\u00eancia Social na cidade de Ara\u00e7ua\u00ed, localizada no Vale do Jequitinhonha, uma das regi\u00f5es mais pobres do Estado de Minas Gerais. Com a proposta de oferecer servi\u00e7os e programas que [&hellip;]<\/p>\n","protected":false},"author":7,"featured_media":247850,"comment_status":"closed","ping_status":"closed","sticky":false,"template":"","format":"standard","meta":{"advanced_seo_description":"","jetpack_seo_html_title":"","jetpack_seo_noindex":false,"_jetpack_memberships_contains_paid_content":false,"footnotes":""},"categories":[13077],"tags":[467,466],"class_list":["post-247848","post","type-post","status-publish","format-standard","has-post-thumbnail","hentry","category-laterais-2","tag-automatico","tag-rascunho"],"jetpack_featured_media_url":"https:\/\/i0.wp.com\/www.lavras24horas.com.br\/portal\/wp-content\/uploads\/2019\/08\/3.jpg?fit=4608%2C3072&ssl=1","jetpack_sharing_enabled":true,"jetpack_likes_enabled":true,"jetpack_shortlink":"https:\/\/wp.me\/p12djN-12ty","_links":{"self":[{"href":"https:\/\/www.lavras24horas.com.br\/portal\/wp-json\/wp\/v2\/posts\/247848","targetHints":{"allow":["GET"]}}],"collection":[{"href":"https:\/\/www.lavras24horas.com.br\/portal\/wp-json\/wp\/v2\/posts"}],"about":[{"href":"https:\/\/www.lavras24horas.com.br\/portal\/wp-json\/wp\/v2\/types\/post"}],"author":[{"embeddable":true,"href":"https:\/\/www.lavras24horas.com.br\/portal\/wp-json\/wp\/v2\/users\/7"}],"replies":[{"embeddable":true,"href":"https:\/\/www.lavras24horas.com.br\/portal\/wp-json\/wp\/v2\/comments?post=247848"}],"version-history":[{"count":1,"href":"https:\/\/www.lavras24horas.com.br\/portal\/wp-json\/wp\/v2\/posts\/247848\/revisions"}],"predecessor-version":[{"id":247855,"href":"https:\/\/www.lavras24horas.com.br\/portal\/wp-json\/wp\/v2\/posts\/247848\/revisions\/247855"}],"wp:featuredmedia":[{"embeddable":true,"href":"https:\/\/www.lavras24horas.com.br\/portal\/wp-json\/wp\/v2\/media\/247850"}],"wp:attachment":[{"href":"https:\/\/www.lavras24horas.com.br\/portal\/wp-json\/wp\/v2\/media?parent=247848"}],"wp:term":[{"taxonomy":"category","embeddable":true,"href":"https:\/\/www.lavras24horas.com.br\/portal\/wp-json\/wp\/v2\/categories?post=247848"},{"taxonomy":"post_tag","embeddable":true,"href":"https:\/\/www.lavras24horas.com.br\/portal\/wp-json\/wp\/v2\/tags?post=247848"}],"curies":[{"name":"wp","href":"https:\/\/api.w.org\/{rel}","templated":true}]}}