{"id":247839,"date":"2019-08-23T07:00:51","date_gmt":"2019-08-23T10:00:51","guid":{"rendered":"https:\/\/www.lavras24horas.com.br\/portal\/?p=247839"},"modified":"2019-08-22T14:42:28","modified_gmt":"2019-08-22T17:42:28","slug":"sao-joao-del-rei-sedia-1o-seminario-de-producao-cultural-e-gestao-de-grupos-de-teatro","status":"publish","type":"post","link":"https:\/\/www.lavras24horas.com.br\/portal\/sao-joao-del-rei-sedia-1o-seminario-de-producao-cultural-e-gestao-de-grupos-de-teatro\/","title":{"rendered":"S\u00e3o Jo\u00e3o del-Rei sedia 1\u00ba Semin\u00e1rio de Produ\u00e7\u00e3o Cultural e Gest\u00e3o de Grupos de Teatro"},"content":{"rendered":"<p>&nbsp;<\/p>\n<p>&nbsp;<\/p>\n<p style=\"text-align: justify;\">Neste fim de semana, o Teatro da Pedra, de S\u00e3o Jo\u00e3o del- Rei, realiza o 1\u00ba Semin\u00e1rio de Produ\u00e7\u00e3o Cultural e Gest\u00e3o de Grupos de Teatro. A iniciativa vai promover discuss\u00f5es sobre leis de incentivo e gest\u00e3o cultural para o interior. O evento conta com a presen\u00e7a de Felipe Amado, superintendente de Fomento Cultural, Economia Criativa e Gastronomia, da\u00a0<a href=\"http:\/\/www.cultura.mg.gov.br\/\" target=\"_blank\" rel=\"noopener noreferrer\">Secretaria de Estado de Cultura e Turismo de Minas Gerais (Secult)<\/a>, e Thiago Frank, do Instituto Algar.<\/p>\n<p style=\"text-align: justify;\">O semin\u00e1rio acontece em dois momentos. Na sexta-feira (23\/8), \u00e9 voltado a empres\u00e1rios e contadores da regi\u00e3o. No s\u00e1bado (24\/8), o p\u00fablico-alvo s\u00e3o artistas, produtores culturais, al\u00e9m de todos que tenham interesse no tema. O objetivo \u00e9 explicar os mecanismos de est\u00edmulo cultural e incentivar os participantes a submeterem projetos \u00e0s leis de fomento e incentivo \u00e0 cultura. Tamb\u00e9m ser\u00e1 apresentado ao p\u00fablico um relato de uma experi\u00eancia de sucesso em projetos culturais apoiados pelo poder p\u00fablico.<\/p>\n<p style=\"text-align: justify;\"><strong>Participa\u00e7\u00e3o da Secult<\/strong><\/p>\n<p style=\"text-align: justify;\">Para sanar d\u00favidas de artistas, empres\u00e1rios e de pessoas f\u00edsicas que queiram apoiar um projeto cultural, o evento vai receber o superintendente de Fomento Cultural, Economia Criativa e Gastronomia, Felipe Amado.\u00a0Para o gestor, essas iniciativas no interior do estado auxiliam os diversos atores da cadeia produtiva a se capacitarem para participar dos editais, aumentando a capilaridade das pol\u00edticas p\u00fablicas. \u201cA Secult tem se organizado para realizar a\u00e7\u00f5es de sensibiliza\u00e7\u00e3o do empresariado e da classe art\u00edstica em todo o territ\u00f3rio mineiro. \u00c9 importante que esses atores percebam a import\u00e2ncia do incentivo e fomento \u00e0 cultura. Al\u00e9m disso, o contato \u00e9 fundamental para esclarecer d\u00favidas e apresentar orienta\u00e7\u00f5es sobre a legisla\u00e7\u00e3o do Sistema de Financiamento \u00e0 Cultura\u201d, explica.<\/p>\n<p style=\"text-align: justify;\"><strong>Teatro da Pedra<\/strong><\/p>\n<p style=\"text-align: justify;\">O Teatro da Pedra \u00e9 uma organiza\u00e7\u00e3o da sociedade civil com a proposta de criar, produzir e apresentar espet\u00e1culos art\u00edsticos de qualidade. Dentre suas a\u00e7\u00f5es est\u00e3o a cria\u00e7\u00e3o e a circula\u00e7\u00e3o de espet\u00e1culos teatrais, facilitando o acesso \u00e0 arte a milhares de pessoas de diversas cidades do interior de Minas; o Arte por Toda Parte, um projeto de arte-educa\u00e7\u00e3o que leva, em parceria de entidades e prefeituras, aulas de teatro a milhares de crian\u00e7as e jovens. Atualmente, o projeto atende sete cidades, e alcan\u00e7a semanalmente 2 mil alunos, que durante o ano criam seus pr\u00f3prios espet\u00e1culos, apresentando-os a toda comunidade escolar e aos familiares.\u00a0Al\u00e9m disso, o espa\u00e7o Cultural \u2013Teatro da Pedra \u2013 Centro de Pesquisa em Arte e Educa\u00e7\u00e3o recebe temporada de espet\u00e1culos, oficinas, cursos, rodas de conversa e turn\u00eas de grupos de diversos estados do pa\u00eds.<\/p>\n<p style=\"text-align: justify;\"><strong>Sistema de Financiamento \u00e0 Cultura<\/strong><\/p>\n<p style=\"text-align: justify;\">Al\u00e9m de incentivar e coordenar as atividades culturais em Minas Gerais, o Sistema de Financiamento \u00e0 Cultura (SIFC) permite a desconcentra\u00e7\u00e3o territorial e setorial dos recursos (materiais, financeiros, humanos, entre outros) e equipamentos culturais. Por meio dos novos mecanismos de incentivo (isen\u00e7\u00e3o fiscal), os proponentes de projetos aprovados podem obter patroc\u00ednio de contribuintes de ICMS at\u00e9 o montante de isen\u00e7\u00e3o fixado para o ano. Por meio do fomento (verba direta), o Fundo Estadual de Cultura (FEC) passa abrir diferentes editais para contemplar as diversas atividades e regi\u00f5es do estado, inaugurando uma nova fase no apoio \u00e0s a\u00e7\u00f5es culturais.<\/p>\n<p style=\"text-align: justify;\">A partir de 2019, o FEC tamb\u00e9m ganha consider\u00e1vel aumento na verba dispon\u00edvel, j\u00e1 que 35% dos recursos investidos na LEIC s\u00e3o destinados ao repasse direto. O acesso tamb\u00e9m foi facilitado, possibilitando que pessoas f\u00edsicas possam inscrever seus projetos. Ainda fica implementado o repasse fundo a fundo, o que garante maior autonomia na gest\u00e3o das pol\u00edticas municipais de cultura.<\/p>\n<p style=\"text-align: justify;\">O SIFC tamb\u00e9m permite que os projetos sejam apresentados em fluxo cont\u00ednuo, reduzindo a an\u00e1lise, o tempo de capta\u00e7\u00e3o de recursos e os prazos anteriormente restritivos do incentivo fiscal. Desta forma, os editais t\u00eam dura\u00e7\u00e3o ao longo de todo o ano.<\/p>\n<p style=\"text-align: justify;\">Os percentuais das contrapartidas para as iniciativas de isen\u00e7\u00e3o fiscal tamb\u00e9m ganharam melhorias. A partir do SIFC, os valores s\u00e3o diferenciados de acordo com o perfil do projeto de incentivo. Propostas de apelo acentuadamente mercadol\u00f3gico e comercial passam a ter percentuais maiores de contrapartida do incentivador, enquanto projetos de car\u00e1ter eminentemente cultural passam a contar com percentuais m\u00ednimos.<\/p>\n<p style=\"text-align: justify;\"><strong><u>Servi\u00e7o<\/u><\/strong><\/p>\n<p style=\"text-align: justify;\">1\u00ba Semin\u00e1rio de Produ\u00e7\u00e3o Cultural e Gest\u00e3o de Grupos de Teatro<\/p>\n<p style=\"text-align: justify;\"><strong>Datas e hor\u00e1rios:<\/strong><\/p>\n<p style=\"text-align: justify;\">23 de agosto, das 14h \u00e0s 17h<\/p>\n<p style=\"text-align: justify;\">24 de agosto, das 10h \u00e0s 13h<\/p>\n<p style=\"text-align: justify;\"><strong>Local:<\/strong>\u00a0Teatro da Pedra (Avenida Luiz Giarola, 2564 &#8211; Col\u00f4nia do Mar\u00e7al, S\u00e3o Jo\u00e3o del- Rei (MG)<\/p>\n<p style=\"text-align: justify;\"><strong>Entrada gratuita<\/strong><\/p>\n<p style=\"text-align: justify;\"><strong>Informa\u00e7\u00f5es:<\/strong>\u00a0(32) 3373-3580 e\u00a0<a href=\"http:\/\/www.teatrodapedra.org\/\">www.teatrodapedra.org<\/a><\/p>\n<p><strong>Fonte: Ag\u00eancia Minas<\/strong><\/p>\n","protected":false},"excerpt":{"rendered":"<p>&nbsp; &nbsp; Neste fim de semana, o Teatro da Pedra, de S\u00e3o Jo\u00e3o del- Rei, realiza o 1\u00ba Semin\u00e1rio de Produ\u00e7\u00e3o Cultural e Gest\u00e3o de Grupos de Teatro. A iniciativa vai promover discuss\u00f5es sobre leis de incentivo e gest\u00e3o cultural para o interior. O evento conta com a presen\u00e7a de Felipe Amado, superintendente de Fomento [&hellip;]<\/p>\n","protected":false},"author":7,"featured_media":247840,"comment_status":"closed","ping_status":"closed","sticky":false,"template":"","format":"standard","meta":{"advanced_seo_description":"","jetpack_seo_html_title":"","jetpack_seo_noindex":false,"_jetpack_memberships_contains_paid_content":false,"footnotes":""},"categories":[13,4],"tags":[467,466],"class_list":["post-247839","post","type-post","status-publish","format-standard","has-post-thumbnail","hentry","category-laterais-1","category-lavras","tag-automatico","tag-rascunho"],"jetpack_featured_media_url":"https:\/\/i0.wp.com\/www.lavras24horas.com.br\/portal\/wp-content\/uploads\/2019\/08\/Teatro_da_Pedra_-_Credito_Mar_de_Paula.jpg?fit=582%2C350&ssl=1","jetpack_sharing_enabled":true,"jetpack_likes_enabled":true,"jetpack_shortlink":"https:\/\/wp.me\/p12djN-12tp","_links":{"self":[{"href":"https:\/\/www.lavras24horas.com.br\/portal\/wp-json\/wp\/v2\/posts\/247839","targetHints":{"allow":["GET"]}}],"collection":[{"href":"https:\/\/www.lavras24horas.com.br\/portal\/wp-json\/wp\/v2\/posts"}],"about":[{"href":"https:\/\/www.lavras24horas.com.br\/portal\/wp-json\/wp\/v2\/types\/post"}],"author":[{"embeddable":true,"href":"https:\/\/www.lavras24horas.com.br\/portal\/wp-json\/wp\/v2\/users\/7"}],"replies":[{"embeddable":true,"href":"https:\/\/www.lavras24horas.com.br\/portal\/wp-json\/wp\/v2\/comments?post=247839"}],"version-history":[{"count":1,"href":"https:\/\/www.lavras24horas.com.br\/portal\/wp-json\/wp\/v2\/posts\/247839\/revisions"}],"predecessor-version":[{"id":247841,"href":"https:\/\/www.lavras24horas.com.br\/portal\/wp-json\/wp\/v2\/posts\/247839\/revisions\/247841"}],"wp:featuredmedia":[{"embeddable":true,"href":"https:\/\/www.lavras24horas.com.br\/portal\/wp-json\/wp\/v2\/media\/247840"}],"wp:attachment":[{"href":"https:\/\/www.lavras24horas.com.br\/portal\/wp-json\/wp\/v2\/media?parent=247839"}],"wp:term":[{"taxonomy":"category","embeddable":true,"href":"https:\/\/www.lavras24horas.com.br\/portal\/wp-json\/wp\/v2\/categories?post=247839"},{"taxonomy":"post_tag","embeddable":true,"href":"https:\/\/www.lavras24horas.com.br\/portal\/wp-json\/wp\/v2\/tags?post=247839"}],"curies":[{"name":"wp","href":"https:\/\/api.w.org\/{rel}","templated":true}]}}