{"id":247820,"date":"2019-08-22T14:00:56","date_gmt":"2019-08-22T17:00:56","guid":{"rendered":"https:\/\/www.lavras24horas.com.br\/portal\/?p=247820"},"modified":"2019-08-22T14:06:20","modified_gmt":"2019-08-22T17:06:20","slug":"secretaria-de-saude-intensifica-aplicacao-de-vacinacao-triplice-viral-em-lavras","status":"publish","type":"post","link":"https:\/\/www.lavras24horas.com.br\/portal\/secretaria-de-saude-intensifica-aplicacao-de-vacinacao-triplice-viral-em-lavras\/","title":{"rendered":"Secret\u00e1ria de Sa\u00fade intensifica aplica\u00e7\u00e3o de vacina\u00e7\u00e3o tr\u00edplice viral em Lavras"},"content":{"rendered":"<p>&nbsp;<\/p>\n<p>&nbsp;<\/p>\n<p style=\"text-align: justify;\">A Secret\u00e1ria Municipal de Sa\u00fade intensificou a aplica\u00e7\u00e3o da vacina\u00e7\u00e3o tr\u00edplice viral em Lavras. O \u00f3rg\u00e3o pede que as pessoas devem procurar os postos de sa\u00fade do munic\u00edpio munidas de seus cart\u00f5es de vacina\u00e7\u00e3o para verificar a situa\u00e7\u00e3o de cada pessoa.<\/p>\n<p style=\"text-align: justify;\">Segundo a coordenadora de imuniza\u00e7\u00e3o da Secret\u00e1ria de Sa\u00fade de Lavras, Michele Vassalo, as pessoas com idade inferior a 30 anos devem ser vacinadas com duas doses da vacina tr\u00edplice viral e aquelas entre 30 e 49 anos devem ser vacinadas ao menos com uma dose do mesmo medicamento.<\/p>\n<p style=\"text-align: justify;\">A coordenadora informou que a vacina tr\u00edplice viral tamb\u00e9m \u00e9 aplicada em crian\u00e7as acima de seis meses de vida e menores de um ano de idade. As m\u00e3es devem levar o cart\u00e3o de vacina aos postos. Ela ressalta que essa \u00e9 uma medida preventiva de combate ao sarampo, cujo estado vizinho a Minas Gerais, S\u00e3o Paulo, apresenta \u00edndices elevados de caso da doen\u00e7a.<\/p>\n<p style=\"text-align: justify;\">\u201cAo receber a vacina, o individuo leva de 10 a 15 dias para ficar protegido. N\u00e3o podemos baixar a guarda e deixar a doen\u00e7a chegar at\u00e9 n\u00f3s\u201d, salientou Michele Vassalo.<\/p>\n<p>&nbsp;<\/p>\n<p>&nbsp;<\/p>\n<p>&nbsp;<\/p>\n","protected":false},"excerpt":{"rendered":"<p>&nbsp; &nbsp; A Secret\u00e1ria Municipal de Sa\u00fade intensificou a aplica\u00e7\u00e3o da vacina\u00e7\u00e3o tr\u00edplice viral em Lavras. O \u00f3rg\u00e3o pede que as pessoas devem procurar os postos de sa\u00fade do munic\u00edpio munidas de seus cart\u00f5es de vacina\u00e7\u00e3o para verificar a situa\u00e7\u00e3o de cada pessoa. Segundo a coordenadora de imuniza\u00e7\u00e3o da Secret\u00e1ria de Sa\u00fade de Lavras, Michele [&hellip;]<\/p>\n","protected":false},"author":7,"featured_media":247822,"comment_status":"closed","ping_status":"closed","sticky":false,"template":"","format":"standard","meta":{"advanced_seo_description":"","jetpack_seo_html_title":"","jetpack_seo_noindex":false,"_jetpack_memberships_contains_paid_content":false,"footnotes":""},"categories":[12,4],"tags":[467,466],"class_list":["post-247820","post","type-post","status-publish","format-standard","has-post-thumbnail","hentry","category-destaques-1","category-lavras","tag-automatico","tag-rascunho"],"jetpack_featured_media_url":"https:\/\/i0.wp.com\/www.lavras24horas.com.br\/portal\/wp-content\/uploads\/2019\/08\/vacina-.jpg?fit=500%2C332&ssl=1","jetpack_sharing_enabled":true,"jetpack_likes_enabled":true,"jetpack_shortlink":"https:\/\/wp.me\/p12djN-12t6","_links":{"self":[{"href":"https:\/\/www.lavras24horas.com.br\/portal\/wp-json\/wp\/v2\/posts\/247820","targetHints":{"allow":["GET"]}}],"collection":[{"href":"https:\/\/www.lavras24horas.com.br\/portal\/wp-json\/wp\/v2\/posts"}],"about":[{"href":"https:\/\/www.lavras24horas.com.br\/portal\/wp-json\/wp\/v2\/types\/post"}],"author":[{"embeddable":true,"href":"https:\/\/www.lavras24horas.com.br\/portal\/wp-json\/wp\/v2\/users\/7"}],"replies":[{"embeddable":true,"href":"https:\/\/www.lavras24horas.com.br\/portal\/wp-json\/wp\/v2\/comments?post=247820"}],"version-history":[{"count":1,"href":"https:\/\/www.lavras24horas.com.br\/portal\/wp-json\/wp\/v2\/posts\/247820\/revisions"}],"predecessor-version":[{"id":247823,"href":"https:\/\/www.lavras24horas.com.br\/portal\/wp-json\/wp\/v2\/posts\/247820\/revisions\/247823"}],"wp:featuredmedia":[{"embeddable":true,"href":"https:\/\/www.lavras24horas.com.br\/portal\/wp-json\/wp\/v2\/media\/247822"}],"wp:attachment":[{"href":"https:\/\/www.lavras24horas.com.br\/portal\/wp-json\/wp\/v2\/media?parent=247820"}],"wp:term":[{"taxonomy":"category","embeddable":true,"href":"https:\/\/www.lavras24horas.com.br\/portal\/wp-json\/wp\/v2\/categories?post=247820"},{"taxonomy":"post_tag","embeddable":true,"href":"https:\/\/www.lavras24horas.com.br\/portal\/wp-json\/wp\/v2\/tags?post=247820"}],"curies":[{"name":"wp","href":"https:\/\/api.w.org\/{rel}","templated":true}]}}