{"id":247817,"date":"2019-08-22T14:00:24","date_gmt":"2019-08-22T17:00:24","guid":{"rendered":"https:\/\/www.lavras24horas.com.br\/portal\/?p=247817"},"modified":"2019-08-22T14:06:05","modified_gmt":"2019-08-22T17:06:05","slug":"irmaos-lavrenses-brilham-no-campeonato-internacional-michelin-de-mountain-bike","status":"publish","type":"post","link":"https:\/\/www.lavras24horas.com.br\/portal\/irmaos-lavrenses-brilham-no-campeonato-internacional-michelin-de-mountain-bike\/","title":{"rendered":"Irm\u00e3os lavrenses brilham no Campeonato Internacional Michelin de Mountain Bike"},"content":{"rendered":"<p>&nbsp;<\/p>\n<p>&nbsp;<\/p>\n<p style=\"text-align: justify;\">Os irm\u00e3os lavrenses Eduardo Ferreira de Mesquita e Lu\u00eds Felipe Ferreira de Mesquita se destacaram na classifica\u00e7\u00e3o na \u00faltima etapa do Campeonato Internacional Michelin de Mountain Bike 2019, realizado no \u00faltimo final de semana em Congonhas (MG).<\/p>\n<p style=\"text-align: justify;\">Eduardo Ferreira de Mesquita (<strong>foto<\/strong>), 14 anos, ficou em quarto lugar na classifica\u00e7\u00e3o geral do campeonato na categoria sub 15. Luiz Felipe, 13 anos, ficou em d\u00e9cimo primeiro lugar na classifica\u00e7\u00e3o geral do campeonato.<\/p>\n<p style=\"text-align: justify;\">Os dois s\u00e3o filhos do casal Carlos Alberto Freitas de Mesquita Junior e Kelly Cristina Ferreira e netos do empres\u00e1rio lavrense Carlos Alberto Freitas de Mesquita.<\/p>\n<p style=\"text-align: justify;\">Eduardo Ferreira de Mesquita foi campe\u00e3o do Campeonato Sul-Mineiro de MTB XCO e Lu\u00eds Felipe ficou em 10\u00b0 colocado na mesma competi\u00e7\u00e3o realizada em Nepomuceno este ano.<\/p>\n<p>&nbsp;<\/p>\n<p>&nbsp;<\/p>\n<p>&nbsp;<\/p>\n","protected":false},"excerpt":{"rendered":"<p>&nbsp; &nbsp; Os irm\u00e3os lavrenses Eduardo Ferreira de Mesquita e Lu\u00eds Felipe Ferreira de Mesquita se destacaram na classifica\u00e7\u00e3o na \u00faltima etapa do Campeonato Internacional Michelin de Mountain Bike 2019, realizado no \u00faltimo final de semana em Congonhas (MG). Eduardo Ferreira de Mesquita (foto), 14 anos, ficou em quarto lugar na classifica\u00e7\u00e3o geral do campeonato [&hellip;]<\/p>\n","protected":false},"author":7,"featured_media":247818,"comment_status":"closed","ping_status":"closed","sticky":false,"template":"","format":"standard","meta":{"advanced_seo_description":"","jetpack_seo_html_title":"","jetpack_seo_noindex":false,"_jetpack_memberships_contains_paid_content":false,"footnotes":""},"categories":[13077,4],"tags":[467,466],"class_list":["post-247817","post","type-post","status-publish","format-standard","has-post-thumbnail","hentry","category-laterais-2","category-lavras","tag-automatico","tag-rascunho"],"jetpack_featured_media_url":"https:\/\/i0.wp.com\/www.lavras24horas.com.br\/portal\/wp-content\/uploads\/2019\/08\/ff786f25-ded7-4eba-a666-aa2af093f0d4-1.jpg?fit=500%2C375&ssl=1","jetpack_sharing_enabled":true,"jetpack_likes_enabled":true,"jetpack_shortlink":"https:\/\/wp.me\/p12djN-12t3","_links":{"self":[{"href":"https:\/\/www.lavras24horas.com.br\/portal\/wp-json\/wp\/v2\/posts\/247817","targetHints":{"allow":["GET"]}}],"collection":[{"href":"https:\/\/www.lavras24horas.com.br\/portal\/wp-json\/wp\/v2\/posts"}],"about":[{"href":"https:\/\/www.lavras24horas.com.br\/portal\/wp-json\/wp\/v2\/types\/post"}],"author":[{"embeddable":true,"href":"https:\/\/www.lavras24horas.com.br\/portal\/wp-json\/wp\/v2\/users\/7"}],"replies":[{"embeddable":true,"href":"https:\/\/www.lavras24horas.com.br\/portal\/wp-json\/wp\/v2\/comments?post=247817"}],"version-history":[{"count":1,"href":"https:\/\/www.lavras24horas.com.br\/portal\/wp-json\/wp\/v2\/posts\/247817\/revisions"}],"predecessor-version":[{"id":247819,"href":"https:\/\/www.lavras24horas.com.br\/portal\/wp-json\/wp\/v2\/posts\/247817\/revisions\/247819"}],"wp:featuredmedia":[{"embeddable":true,"href":"https:\/\/www.lavras24horas.com.br\/portal\/wp-json\/wp\/v2\/media\/247818"}],"wp:attachment":[{"href":"https:\/\/www.lavras24horas.com.br\/portal\/wp-json\/wp\/v2\/media?parent=247817"}],"wp:term":[{"taxonomy":"category","embeddable":true,"href":"https:\/\/www.lavras24horas.com.br\/portal\/wp-json\/wp\/v2\/categories?post=247817"},{"taxonomy":"post_tag","embeddable":true,"href":"https:\/\/www.lavras24horas.com.br\/portal\/wp-json\/wp\/v2\/tags?post=247817"}],"curies":[{"name":"wp","href":"https:\/\/api.w.org\/{rel}","templated":true}]}}