{"id":247803,"date":"2019-08-22T07:00:03","date_gmt":"2019-08-22T10:00:03","guid":{"rendered":"https:\/\/www.lavras24horas.com.br\/portal\/?p=247803"},"modified":"2019-08-21T18:31:12","modified_gmt":"2019-08-21T21:31:12","slug":"dr-mansur-elias-ticly-junior-participa-do-xii-simposio-sul-mineiro-de-oftalmologia","status":"publish","type":"post","link":"https:\/\/www.lavras24horas.com.br\/portal\/dr-mansur-elias-ticly-junior-participa-do-xii-simposio-sul-mineiro-de-oftalmologia\/","title":{"rendered":"Dr. Mansur Ticly organizou XII Simp\u00f3sio Sul Mineiro de Oftalmologia"},"content":{"rendered":"<p>&nbsp;<\/p>\n<p><strong>\u00a0<\/strong><\/p>\n<p style=\"text-align: justify;\">O presidente da Sociedade Sul Mineira de Oftalmologia, o m\u00e9dico oftalmologista lavrense Dr. Mansur Elias Ticly Junior, organizlu o XII Simp\u00f3sio Sul Mineiro de Oftalmologia, evento realizado nos dias 16 e 17 deste m\u00eas na cidade de Po\u00e7os de Caldas (MG).<\/p>\n<p style=\"text-align: justify;\">O evento reuniu grandes profissionais do setor e palestrantes e foi abrilhantado pela presen\u00e7a do Dr. Rafael Garcia F. Nogueira, presidente do evento realizado no Monreale Hotel Resort.<\/p>\n<p style=\"text-align: justify;\">Na oportunidade, Dr. Mansur Elias Ticly Junior (fotos) proferiu um discurso de abertura, no qual saudou todos os participantes e organizadores do simp\u00f3sio.<\/p>\n<p><img data-recalc-dims=\"1\" fetchpriority=\"high\" decoding=\"async\" data-attachment-id=\"247805\" data-permalink=\"https:\/\/www.lavras24horas.com.br\/portal\/dr-mansur-elias-ticly-junior-participa-do-xii-simposio-sul-mineiro-de-oftalmologia\/74ac2172-3ccc-4512-887b-f8b647a4b387-1\/\" data-orig-file=\"https:\/\/i0.wp.com\/www.lavras24horas.com.br\/portal\/wp-content\/uploads\/2019\/08\/74ac2172-3ccc-4512-887b-f8b647a4b387-1.jpg?fit=500%2C281&amp;ssl=1\" data-orig-size=\"500,281\" data-comments-opened=\"0\" data-image-meta=\"{&quot;aperture&quot;:&quot;0&quot;,&quot;credit&quot;:&quot;&quot;,&quot;camera&quot;:&quot;&quot;,&quot;caption&quot;:&quot;&quot;,&quot;created_timestamp&quot;:&quot;0&quot;,&quot;copyright&quot;:&quot;&quot;,&quot;focal_length&quot;:&quot;0&quot;,&quot;iso&quot;:&quot;0&quot;,&quot;shutter_speed&quot;:&quot;0&quot;,&quot;title&quot;:&quot;&quot;,&quot;orientation&quot;:&quot;0&quot;}\" data-image-title=\"74ac2172-3ccc-4512-887b-f8b647a4b387 (1)\" data-image-description=\"\" data-image-caption=\"\" data-large-file=\"https:\/\/i0.wp.com\/www.lavras24horas.com.br\/portal\/wp-content\/uploads\/2019\/08\/74ac2172-3ccc-4512-887b-f8b647a4b387-1.jpg?fit=500%2C281&amp;ssl=1\" class=\"aligncenter wp-image-247805 size-full\" src=\"https:\/\/i0.wp.com\/www.lavras24horas.com.br\/portal\/wp-content\/uploads\/2019\/08\/74ac2172-3ccc-4512-887b-f8b647a4b387-1.jpg?resize=500%2C281&#038;ssl=1\" alt=\"\" width=\"500\" height=\"281\" \/><\/p>\n<p style=\"text-align: justify;\">\u201cQue o lema desta cidade, \u2018Salus et vita\u2019 (Sa\u00fade e vida), nos inspire nesta jornada e que nossos conhecimentos sejam aprimorados nestes dois dias. Pe\u00e7o a Nossa Senhora da Sa\u00fade, padroeira desta terra, que nos ilumine e que nossa jornada seja coroada de sucesso\u201d, afirmou \u00a0Dr. Mansur Elias Ticly Junior em seu discurso.<\/p>\n","protected":false},"excerpt":{"rendered":"<p>&nbsp; \u00a0 O presidente da Sociedade Sul Mineira de Oftalmologia, o m\u00e9dico oftalmologista lavrense Dr. Mansur Elias Ticly Junior, organizlu o XII Simp\u00f3sio Sul Mineiro de Oftalmologia, evento realizado nos dias 16 e 17 deste m\u00eas na cidade de Po\u00e7os de Caldas (MG). O evento reuniu grandes profissionais do setor e palestrantes e foi abrilhantado [&hellip;]<\/p>\n","protected":false},"author":7,"featured_media":247804,"comment_status":"closed","ping_status":"closed","sticky":false,"template":"","format":"standard","meta":{"advanced_seo_description":"","jetpack_seo_html_title":"","jetpack_seo_noindex":false,"_jetpack_memberships_contains_paid_content":false,"footnotes":""},"categories":[13077,4],"tags":[467,466],"class_list":["post-247803","post","type-post","status-publish","format-standard","has-post-thumbnail","hentry","category-laterais-2","category-lavras","tag-automatico","tag-rascunho"],"jetpack_featured_media_url":"https:\/\/i0.wp.com\/www.lavras24horas.com.br\/portal\/wp-content\/uploads\/2019\/08\/c1bc82c8-2975-4c4d-978a-79487b2fa58a-1.jpg?fit=500%2C375&ssl=1","jetpack_sharing_enabled":true,"jetpack_likes_enabled":true,"jetpack_shortlink":"https:\/\/wp.me\/p12djN-12sP","_links":{"self":[{"href":"https:\/\/www.lavras24horas.com.br\/portal\/wp-json\/wp\/v2\/posts\/247803","targetHints":{"allow":["GET"]}}],"collection":[{"href":"https:\/\/www.lavras24horas.com.br\/portal\/wp-json\/wp\/v2\/posts"}],"about":[{"href":"https:\/\/www.lavras24horas.com.br\/portal\/wp-json\/wp\/v2\/types\/post"}],"author":[{"embeddable":true,"href":"https:\/\/www.lavras24horas.com.br\/portal\/wp-json\/wp\/v2\/users\/7"}],"replies":[{"embeddable":true,"href":"https:\/\/www.lavras24horas.com.br\/portal\/wp-json\/wp\/v2\/comments?post=247803"}],"version-history":[{"count":4,"href":"https:\/\/www.lavras24horas.com.br\/portal\/wp-json\/wp\/v2\/posts\/247803\/revisions"}],"predecessor-version":[{"id":247809,"href":"https:\/\/www.lavras24horas.com.br\/portal\/wp-json\/wp\/v2\/posts\/247803\/revisions\/247809"}],"wp:featuredmedia":[{"embeddable":true,"href":"https:\/\/www.lavras24horas.com.br\/portal\/wp-json\/wp\/v2\/media\/247804"}],"wp:attachment":[{"href":"https:\/\/www.lavras24horas.com.br\/portal\/wp-json\/wp\/v2\/media?parent=247803"}],"wp:term":[{"taxonomy":"category","embeddable":true,"href":"https:\/\/www.lavras24horas.com.br\/portal\/wp-json\/wp\/v2\/categories?post=247803"},{"taxonomy":"post_tag","embeddable":true,"href":"https:\/\/www.lavras24horas.com.br\/portal\/wp-json\/wp\/v2\/tags?post=247803"}],"curies":[{"name":"wp","href":"https:\/\/api.w.org\/{rel}","templated":true}]}}