{"id":247794,"date":"2019-08-22T07:00:50","date_gmt":"2019-08-22T10:00:50","guid":{"rendered":"https:\/\/www.lavras24horas.com.br\/portal\/?p=247794"},"modified":"2019-08-21T15:19:27","modified_gmt":"2019-08-21T18:19:27","slug":"confira-os-cursos-gratuitos-do-senar-lavras-9","status":"publish","type":"post","link":"https:\/\/www.lavras24horas.com.br\/portal\/confira-os-cursos-gratuitos-do-senar-lavras-9\/","title":{"rendered":"Confira os cursos gratuitos do Senar Lavras"},"content":{"rendered":"<p>&nbsp;<\/p>\n<p>&nbsp;<\/p>\n<p style=\"font-weight: 400; text-align: justify;\"><strong><em>AGENDA \u2013 26\/08 a 01\/09\/2019<\/em><\/strong><\/p>\n<p style=\"font-weight: 400; text-align: justify;\"><strong><em>Programa\u00e7\u00e3o de Treinamentos do Escrit\u00f3rio Senar\/MG &#8211; Regional Lavras<\/em><\/strong><\/p>\n<p style=\"font-weight: 400; text-align: justify;\"><strong><em><u>FORMA\u00c7\u00c3O PROFISSIONAL RURAL<\/u><\/em><\/strong><\/p>\n<p style=\"font-weight: 400; text-align: justify;\"><strong>CURSO DE MOTOSSERRA \/ OPERAA\u00c7\u00c3O E MANUTEN\u00c7\u00c3O<\/strong><\/p>\n<p style=\"font-weight: 400; text-align: justify;\">Data: 28\/08 a 30\/08\/2019<\/p>\n<p style=\"font-weight: 400; text-align: justify;\">Contato: Sindicato dos Produtores Rurais de Parais\u00f3polis \u2013 Tel.: (35) 3651-1312<\/p>\n<p style=\"font-weight: 400; text-align: justify;\"><strong>CURSO DE OLERICULTURA ORG\u00c2NICA \/ TRATOS CULTURAIS<\/strong><\/p>\n<p style=\"font-weight: 400; text-align: justify;\">Data: 29\/08 a 31\/08\/2019<\/p>\n<p style=\"font-weight: 400; text-align: justify;\">Contato: Sindicato dos Produtores Rurais de Maria da F\u00e9 \u2013 Tel.: (35) 3662-1405<\/p>\n<p style=\"font-weight: 400; text-align: justify;\"><strong>CURSO DE TURISMO RURAL \/ A ARTE DE CONDUZIR EM TRILHAS E ROTEIROS<\/strong><\/p>\n<p style=\"font-weight: 400; text-align: justify;\">Data: 27\/08 a 30\/08\/2019<\/p>\n<p style=\"font-weight: 400; text-align: justify;\">Contato: Associa\u00e7\u00e3o Ambiental S\u00e3o Sebasti\u00e3o dos Campos \/ Senador Amaral \u2013 Tel.: (35) 3437-1107<\/p>\n<p style=\"font-weight: 400; text-align: justify;\"><strong>PROGRAMA JOVEM NO CAMPO \u2013 COGUMELOS SHIITAKE \/ IMPLANTA\u00c7\u00c3O \u00c0 COLHEITA \u2013 56H<\/strong><\/p>\n<p style=\"font-weight: 400; text-align: justify;\">Data: 26\/08 a 12\/09\/2019<\/p>\n<p style=\"font-weight: 400; text-align: justify;\">Contato: Sindicato dos Produtores Rurais de Santo Ant\u00f4nio do Amparo \u2013 Tel.: (35) 99924-0603<\/p>\n<p style=\"font-weight: 400; text-align: justify;\"><strong>PROGRAMA JOVEM NO CAMPO \u2013 COGUMELOS SHIITAKE \/ IMPLANTA\u00c7\u00c3O \u00c0 COLHEITA \u2013 56H<\/strong><\/p>\n<p style=\"font-weight: 400; text-align: justify;\">Data: 26\/08 a 12\/09\/2019<\/p>\n<p style=\"font-weight: 400; text-align: justify;\">Contato: Sindicato dos Produtores Rurais de Santo Ant\u00f4nio do Amparo \u2013 Tel.: (35) 99924-0603<\/p>\n<p style=\"font-weight: 400; text-align: justify;\"><strong>CURSO DE CLASSIFICA\u00c7\u00c3O E DEGUSTA\u00c7\u00c3O DE CAF\u00c9<\/strong><\/p>\n<p style=\"font-weight: 400; text-align: justify;\">Data: 26\/08 a 30\/08\/2019<\/p>\n<p style=\"font-weight: 400; text-align: justify;\">Contato: Sindicato dos Produtores Rurais de Santana da Vargem \u2013 Tel.: (35) 3858-1208<\/p>\n<p style=\"font-weight: 400; text-align: justify;\">Contato: Sindicato dos Produtores Rurais de Lavras \u2013 Tel.: (35) 99917-2482<\/p>\n<p style=\"font-weight: 400; text-align: justify;\">Contato: Sindicato dos Produtores Rurais de Pedralva \u2013 Tel.: (35) 3663-1100<\/p>\n<p style=\"font-weight: 400; text-align: justify;\"><strong>CURSO DE P\u00d3S-COLHEITA CAF\u00c9 \/ PREPARO CAF\u00c9 P\u00d3S-COLHEITA VIA SECA<\/strong><\/p>\n<p style=\"font-weight: 400; text-align: justify;\">Data: 28\/08 a 29\/09\/2019<\/p>\n<p style=\"font-weight: 400; text-align: justify;\">Contato: Sindicato dos Produtores Rurais de Campo Belo \u2013 Tel.: (35) 3605-3932<\/p>\n<p style=\"font-weight: 400; text-align: justify;\"><strong>CURSO DE PRODUTOS DERIVADOS DO CAF\u00c9<\/strong><\/p>\n<p style=\"font-weight: 400; text-align: justify;\">Data: 29\/08 a 31\/09\/2019<\/p>\n<p style=\"font-weight: 400; text-align: justify;\">Contato: Sindicato dos Produtores Rurais de Santo Ant\u00f4nio do Amparo \u2013 Tel.: (35) 99924-0603<\/p>\n<p style=\"font-weight: 400; text-align: justify;\"><strong>CURSO DE DRONE \u2013 ASA ROTATIVA \/ OPERA\u00c7\u00d5ES B\u00c1SICAS<\/strong><\/p>\n<p style=\"font-weight: 400; text-align: justify;\">Data: 26\/08 a 28\/09\/2019; 29\/08 a 31\/05\/2019<\/p>\n<p style=\"font-weight: 400; text-align: justify;\">Contato: Sindicato dos Produtores Rurais de Tr\u00eas Pontas \u2013 Tel.: (35) 3265-1664<\/p>\n<p style=\"font-weight: 400; text-align: justify;\"><strong>CURSO DE TRATOR \/ MANUTEN\u00c7\u00c3O E OPERA\u00c7\u00c3O COM UM IMPLEMENTO<\/strong><\/p>\n<p style=\"font-weight: 400; text-align: justify;\">Data: 26\/08 a 30\/08\/2019<\/p>\n<p style=\"font-weight: 400; text-align: justify;\">Contato: Sindicato dos Produtores Rurais de Bom Sucesso \u2013 Tel.: (35) 3841-1147<\/p>\n<p style=\"font-weight: 400; text-align: justify;\"><strong>CURSO DE TRATOR \/ REGULAGEM E OPERA\u00c7\u00c3O DE SEMEADURA PARA PLANTIO DIRETO<\/strong><\/p>\n<p style=\"font-weight: 400; text-align: justify;\">Data: 26\/08 a 28\/08\/2019<\/p>\n<p style=\"font-weight: 400; text-align: justify;\">Contato: Sindicato dos Produtores Rurais de S\u00e3o Gon\u00e7alo do Sapuca\u00ed \u2013 Tel.: (35) 3241-1755<\/p>\n<p style=\"font-weight: 400; text-align: justify;\"><strong>CURSO DE DEFENSIVO AGR\u00cdCOLA \/ TRATORIZADO<\/strong><\/p>\n<p style=\"font-weight: 400; text-align: justify;\">Data: 26\/08 a 28\/08\/2019; 29\/08 a 31\/08\/2019<\/p>\n<p style=\"font-weight: 400; text-align: justify;\">Contato: Sindicato dos Produtores Rurais de Campos Gerais \u2013 Tel.: (35) 3853-1530<\/p>\n<p style=\"font-weight: 400; text-align: justify;\">Contato: Sindicato dos Produtores Rurais de Boa Esperan\u00e7a \u2013 Tel.: (35) 3851-1977<\/p>\n<p style=\"font-weight: 400; text-align: justify;\"><strong>CURSO DE RO\u00c7ADEIRA<\/strong><\/p>\n<p style=\"font-weight: 400; text-align: justify;\">Data: 26\/08 a 27\/09\/2019<\/p>\n<p style=\"font-weight: 400; text-align: justify;\">Contato: Sindicato dos Produtores Rurais de Parais\u00f3polis \u2013 Tel.: (35) 3651-1312<\/p>\n<p style=\"font-weight: 400; text-align: justify;\"><strong>CURSO DE SEGURAN\u00c7A NO TRABALHO E SERVI\u00c7OS \/ TRABALHO EM ALTURA<\/strong><\/p>\n<p style=\"font-weight: 400; text-align: justify;\">Data: 27\/08 a 28\/08\/2019<\/p>\n<p style=\"font-weight: 400; text-align: justify;\">Contato: Sindicato dos Produtores Rurais de Monsenhor Paulo \u2013 Tel.: (35) 3263-1279<\/p>\n<p style=\"font-weight: 400; text-align: justify;\"><strong>CURSO DE APICULTURA \/ PRODU\u00c7\u00c3O DE GELEIA REAL E RAINHA<\/strong><\/p>\n<p style=\"font-weight: 400; text-align: justify;\">Data: 26\/08 a 30\/08\/2019<\/p>\n<p style=\"font-weight: 400; text-align: justify;\">Contato: Sindicato dos Produtores Rurais de Carmo de Minas \u2013 Tel.: (35) 3334-1392<\/p>\n<p style=\"font-weight: 400; text-align: justify;\"><strong><em><u>PROMO\u00c7\u00c3O SOCIAL<\/u><\/em><\/strong><\/p>\n<p style=\"font-weight: 400; text-align: justify;\"><strong><em><u>\u00a0<\/u><\/em><\/strong><\/p>\n<p style=\"font-weight: 400; text-align: justify;\"><strong>\u00a0<\/strong><\/p>\n<p style=\"font-weight: 400; text-align: justify;\"><strong>CAMPANHA DE SA\u00daDE BUCAL<\/strong><\/p>\n<p style=\"font-weight: 400; text-align: justify;\">Data: 26\/08\/2019 (02 turmas); 27\/08\/2019 (02 turmas); 28\/08\/2019 (02 turmas); 29\/08\/2019<\/p>\n<p style=\"font-weight: 400; text-align: justify;\">Contato: Sindicato dos Produtores Rurais de Campo Belo \u2013 Tel.: (35) 3605-3932<\/p>\n<p style=\"font-weight: 400; text-align: justify;\"><strong>CUIDADOS B\u00c1SICOS COM O IDOSO<\/strong><\/p>\n<p style=\"font-weight: 400; text-align: justify;\">Data: 27\/08 a 31\/08\/2019<\/p>\n<p style=\"font-weight: 400; text-align: justify;\">Contato: Sindicato dos Produtores Rurais de Cl\u00e1udio \u2013 Tel.: (37) 3381-1070<\/p>\n<p style=\"font-weight: 400; text-align: justify;\"><strong>PLANTAS MEDICINAIS<\/strong><\/p>\n<p style=\"font-weight: 400; text-align: justify;\">Data: 26\/08 a 30\/08\/2019<\/p>\n<p style=\"font-weight: 400; text-align: justify;\">Contato: Sindicato dos Produtores Rurais de Cambu\u00ed \u2013 Tel.: (35) 3431-1559<\/p>\n<p style=\"font-weight: 400; text-align: justify;\"><strong>PREVEN\u00c7\u00c3O DE ACIDENTES<\/strong><\/p>\n<p style=\"font-weight: 400; text-align: justify;\">Data: 26\/08 a 29\/08\/2019<\/p>\n<p style=\"font-weight: 400; text-align: justify;\">Contato: Sindicato dos Produtores Rurais de Santa Rita do Sapuca\u00ed \u2013 Tel.: (35) 3471-1109<\/p>\n<p style=\"font-weight: 400; text-align: justify;\"><strong>PRODU\u00c7\u00c3O ARTESANAL DE ALIMENTOS<\/strong><\/p>\n<p style=\"font-weight: 400; text-align: justify;\">Data: 26\/08 a 30\/08\/2019<\/p>\n<p style=\"font-weight: 400; text-align: justify;\">Contato: Sindicato dos Produtores Rurais de Parais\u00f3polis \u2013 Tel.: (35) 3651-1312<\/p>\n<p style=\"font-weight: 400; text-align: justify;\"><strong>PRODU\u00c7\u00c3O ARTESANAL DE SALGADOS E DOCES DE FESTA<\/strong><\/p>\n<p style=\"font-weight: 400; text-align: justify;\">Data: 28\/08 a 30\/09\/2019<\/p>\n<p style=\"font-weight: 400; text-align: justify;\">Contato: Associa\u00e7\u00e3o dos Produtores Rurais e Agricultores Familiares de Nazareno \u2013 Tel.: (35) 99713-9942<\/p>\n<p style=\"font-weight: 400; text-align: justify;\"><strong>SA\u00daDE DA MULHER<\/strong><\/p>\n<p style=\"font-weight: 400; text-align: justify;\">Data: 26\/08 a 28\/08\/2019<\/p>\n<p style=\"font-weight: 400; text-align: justify;\">Contato: Sindicato dos Produtores Rurais de Passa Quatro \u2013 Tel.: (35) 3371-2071<\/p>\n<p style=\"font-weight: 400; text-align: justify;\"><strong>SOS PRIMEIROS SOCORROS NAS ESCOLAS<\/strong><\/p>\n<p style=\"font-weight: 400; text-align: justify;\">Data: 26\/08\/2019; 27\/085\/2019; 29\/08\/2019<\/p>\n<p style=\"font-weight: 400; text-align: justify;\">Contato: Sindicato dos Produtores Rurais de Oliveira \u2013 Tel.: (37) 3331-1089<\/p>\n<p style=\"font-weight: 400; text-align: justify;\">Contato: Sindicato dos Produtores Rurais de Carmo de Minas \u2013 Tel.: (35) 3334-1392<\/p>\n","protected":false},"excerpt":{"rendered":"<p>&nbsp; &nbsp; AGENDA \u2013 26\/08 a 01\/09\/2019 Programa\u00e7\u00e3o de Treinamentos do Escrit\u00f3rio Senar\/MG &#8211; Regional Lavras FORMA\u00c7\u00c3O PROFISSIONAL RURAL CURSO DE MOTOSSERRA \/ OPERAA\u00c7\u00c3O E MANUTEN\u00c7\u00c3O Data: 28\/08 a 30\/08\/2019 Contato: Sindicato dos Produtores Rurais de Parais\u00f3polis \u2013 Tel.: (35) 3651-1312 CURSO DE OLERICULTURA ORG\u00c2NICA \/ TRATOS CULTURAIS Data: 29\/08 a 31\/08\/2019 Contato: Sindicato dos [&hellip;]<\/p>\n","protected":false},"author":7,"featured_media":247795,"comment_status":"closed","ping_status":"closed","sticky":false,"template":"","format":"standard","meta":{"advanced_seo_description":"","jetpack_seo_html_title":"","jetpack_seo_noindex":false,"_jetpack_memberships_contains_paid_content":false,"footnotes":""},"categories":[13,4],"tags":[467,466],"class_list":["post-247794","post","type-post","status-publish","format-standard","has-post-thumbnail","hentry","category-laterais-1","category-lavras","tag-automatico","tag-rascunho"],"jetpack_featured_media_url":"https:\/\/i0.wp.com\/www.lavras24horas.com.br\/portal\/wp-content\/uploads\/2019\/08\/senar2.jpg?fit=500%2C333&ssl=1","jetpack_sharing_enabled":true,"jetpack_likes_enabled":true,"jetpack_shortlink":"https:\/\/wp.me\/p12djN-12sG","_links":{"self":[{"href":"https:\/\/www.lavras24horas.com.br\/portal\/wp-json\/wp\/v2\/posts\/247794","targetHints":{"allow":["GET"]}}],"collection":[{"href":"https:\/\/www.lavras24horas.com.br\/portal\/wp-json\/wp\/v2\/posts"}],"about":[{"href":"https:\/\/www.lavras24horas.com.br\/portal\/wp-json\/wp\/v2\/types\/post"}],"author":[{"embeddable":true,"href":"https:\/\/www.lavras24horas.com.br\/portal\/wp-json\/wp\/v2\/users\/7"}],"replies":[{"embeddable":true,"href":"https:\/\/www.lavras24horas.com.br\/portal\/wp-json\/wp\/v2\/comments?post=247794"}],"version-history":[{"count":2,"href":"https:\/\/www.lavras24horas.com.br\/portal\/wp-json\/wp\/v2\/posts\/247794\/revisions"}],"predecessor-version":[{"id":247800,"href":"https:\/\/www.lavras24horas.com.br\/portal\/wp-json\/wp\/v2\/posts\/247794\/revisions\/247800"}],"wp:featuredmedia":[{"embeddable":true,"href":"https:\/\/www.lavras24horas.com.br\/portal\/wp-json\/wp\/v2\/media\/247795"}],"wp:attachment":[{"href":"https:\/\/www.lavras24horas.com.br\/portal\/wp-json\/wp\/v2\/media?parent=247794"}],"wp:term":[{"taxonomy":"category","embeddable":true,"href":"https:\/\/www.lavras24horas.com.br\/portal\/wp-json\/wp\/v2\/categories?post=247794"},{"taxonomy":"post_tag","embeddable":true,"href":"https:\/\/www.lavras24horas.com.br\/portal\/wp-json\/wp\/v2\/tags?post=247794"}],"curies":[{"name":"wp","href":"https:\/\/api.w.org\/{rel}","templated":true}]}}