{"id":247789,"date":"2019-08-21T14:50:21","date_gmt":"2019-08-21T17:50:21","guid":{"rendered":"https:\/\/www.lavras24horas.com.br\/portal\/?p=247789"},"modified":"2019-08-21T14:50:51","modified_gmt":"2019-08-21T17:50:51","slug":"ministro-da-educacao-parabeniza-instituto-gammon-pelos-150-anos","status":"publish","type":"post","link":"https:\/\/www.lavras24horas.com.br\/portal\/ministro-da-educacao-parabeniza-instituto-gammon-pelos-150-anos\/","title":{"rendered":"Ministro da Educa\u00e7\u00e3o parabeniza Instituto Gammon pelos seus 150 anos"},"content":{"rendered":"<p>&nbsp;<\/p>\n<p>&nbsp;<\/p>\n<p style=\"text-align: justify;\">O Ministro da Educa\u00e7\u00e3o, Abraham Weintraub, parabenizou nesta quarta-feira, dia 21, o Instituto Presbiteriano Gammon pelos 150 anos de funda\u00e7\u00e3o comemorados hoje.<\/p>\n<p style=\"text-align: justify;\">Na mensagem em v\u00eddeo, o ministro destacou que o Gammon representa uma das institui\u00e7\u00f5es mais tradicionais do pa\u00eds. Ele tamb\u00e9m salientou a import\u00e2ncia dela na funda\u00e7\u00e3o da Faculdade Presbiteriana Gammon e da Escola Superior de Agricultura de Lavras, que originou a Universidade Federal de Lavras (UFLA).<\/p>\n<p><img data-recalc-dims=\"1\" fetchpriority=\"high\" decoding=\"async\" data-attachment-id=\"247791\" data-permalink=\"https:\/\/www.lavras24horas.com.br\/portal\/ministro-da-educacao-parabeniza-instituto-gammon-pelos-150-anos\/fachada-gammon-copia\/\" data-orig-file=\"https:\/\/i0.wp.com\/www.lavras24horas.com.br\/portal\/wp-content\/uploads\/2019\/08\/fachada-gammon-Copia.jpg?fit=500%2C375&amp;ssl=1\" data-orig-size=\"500,375\" data-comments-opened=\"0\" data-image-meta=\"{&quot;aperture&quot;:&quot;0&quot;,&quot;credit&quot;:&quot;&quot;,&quot;camera&quot;:&quot;&quot;,&quot;caption&quot;:&quot;&quot;,&quot;created_timestamp&quot;:&quot;0&quot;,&quot;copyright&quot;:&quot;&quot;,&quot;focal_length&quot;:&quot;0&quot;,&quot;iso&quot;:&quot;0&quot;,&quot;shutter_speed&quot;:&quot;0&quot;,&quot;title&quot;:&quot;&quot;,&quot;orientation&quot;:&quot;0&quot;}\" data-image-title=\"fachada gammon &amp;#8211; C\u00f3pia\" data-image-description=\"\" data-image-caption=\"\" data-large-file=\"https:\/\/i0.wp.com\/www.lavras24horas.com.br\/portal\/wp-content\/uploads\/2019\/08\/fachada-gammon-Copia.jpg?fit=440%2C330&amp;ssl=1\" class=\"aligncenter wp-image-247791 size-full\" src=\"https:\/\/i0.wp.com\/www.lavras24horas.com.br\/portal\/wp-content\/uploads\/2019\/08\/fachada-gammon-Copia.jpg?resize=500%2C375&#038;ssl=1\" alt=\"\" width=\"500\" height=\"375\" srcset=\"https:\/\/i0.wp.com\/www.lavras24horas.com.br\/portal\/wp-content\/uploads\/2019\/08\/fachada-gammon-Copia.jpg?w=500&amp;ssl=1 500w, https:\/\/i0.wp.com\/www.lavras24horas.com.br\/portal\/wp-content\/uploads\/2019\/08\/fachada-gammon-Copia.jpg?resize=440%2C330&amp;ssl=1 440w\" sizes=\"(max-width: 500px) 100vw, 500px\" \/><\/p>\n<p style=\"text-align: justify;\">\u201c\u00c9 um local onde se investe muito em recursos humanos e infraestrutura. \u00c9 isso que o Minist\u00e9rio da Educa\u00e7\u00e3o (MEC) defende: que aja planejamento e gest\u00e3o de qualidade\u201d, afirmou \u00a0\u00a0Weintraub.<\/p>\n<p style=\"text-align: justify;\">O v\u00eddeo completo voc\u00ea confere <a href=\"https:\/\/www.youtube.com\/watch?v=zoP1IuF3YPA\"><span style=\"color: #ff0000;\"><strong>aqui<\/strong><\/span><\/a>.<\/p>\n","protected":false},"excerpt":{"rendered":"<p>&nbsp; &nbsp; O Ministro da Educa\u00e7\u00e3o, Abraham Weintraub, parabenizou nesta quarta-feira, dia 21, o Instituto Presbiteriano Gammon pelos 150 anos de funda\u00e7\u00e3o comemorados hoje. Na mensagem em v\u00eddeo, o ministro destacou que o Gammon representa uma das institui\u00e7\u00f5es mais tradicionais do pa\u00eds. Ele tamb\u00e9m salientou a import\u00e2ncia dela na funda\u00e7\u00e3o da Faculdade Presbiteriana Gammon e [&hellip;]<\/p>\n","protected":false},"author":7,"featured_media":247790,"comment_status":"closed","ping_status":"closed","sticky":false,"template":"","format":"standard","meta":{"advanced_seo_description":"","jetpack_seo_html_title":"","jetpack_seo_noindex":false,"_jetpack_memberships_contains_paid_content":false,"footnotes":""},"categories":[13077,4],"tags":[467,466],"class_list":["post-247789","post","type-post","status-publish","format-standard","has-post-thumbnail","hentry","category-laterais-2","category-lavras","tag-automatico","tag-rascunho"],"jetpack_featured_media_url":"https:\/\/i0.wp.com\/www.lavras24horas.com.br\/portal\/wp-content\/uploads\/2019\/08\/abraham-weintraub-ministro-educacao.jpg?fit=500%2C333&ssl=1","jetpack_sharing_enabled":true,"jetpack_likes_enabled":true,"jetpack_shortlink":"https:\/\/wp.me\/p12djN-12sB","_links":{"self":[{"href":"https:\/\/www.lavras24horas.com.br\/portal\/wp-json\/wp\/v2\/posts\/247789","targetHints":{"allow":["GET"]}}],"collection":[{"href":"https:\/\/www.lavras24horas.com.br\/portal\/wp-json\/wp\/v2\/posts"}],"about":[{"href":"https:\/\/www.lavras24horas.com.br\/portal\/wp-json\/wp\/v2\/types\/post"}],"author":[{"embeddable":true,"href":"https:\/\/www.lavras24horas.com.br\/portal\/wp-json\/wp\/v2\/users\/7"}],"replies":[{"embeddable":true,"href":"https:\/\/www.lavras24horas.com.br\/portal\/wp-json\/wp\/v2\/comments?post=247789"}],"version-history":[{"count":2,"href":"https:\/\/www.lavras24horas.com.br\/portal\/wp-json\/wp\/v2\/posts\/247789\/revisions"}],"predecessor-version":[{"id":247793,"href":"https:\/\/www.lavras24horas.com.br\/portal\/wp-json\/wp\/v2\/posts\/247789\/revisions\/247793"}],"wp:featuredmedia":[{"embeddable":true,"href":"https:\/\/www.lavras24horas.com.br\/portal\/wp-json\/wp\/v2\/media\/247790"}],"wp:attachment":[{"href":"https:\/\/www.lavras24horas.com.br\/portal\/wp-json\/wp\/v2\/media?parent=247789"}],"wp:term":[{"taxonomy":"category","embeddable":true,"href":"https:\/\/www.lavras24horas.com.br\/portal\/wp-json\/wp\/v2\/categories?post=247789"},{"taxonomy":"post_tag","embeddable":true,"href":"https:\/\/www.lavras24horas.com.br\/portal\/wp-json\/wp\/v2\/tags?post=247789"}],"curies":[{"name":"wp","href":"https:\/\/api.w.org\/{rel}","templated":true}]}}