{"id":247786,"date":"2019-08-21T14:33:32","date_gmt":"2019-08-21T17:33:32","guid":{"rendered":"https:\/\/www.lavras24horas.com.br\/portal\/?p=247786"},"modified":"2019-08-21T14:33:32","modified_gmt":"2019-08-21T17:33:32","slug":"lavras-pm-recupera-celular-furtado-e-prende-receptador","status":"publish","type":"post","link":"https:\/\/www.lavras24horas.com.br\/portal\/lavras-pm-recupera-celular-furtado-e-prende-receptador\/","title":{"rendered":"Lavras: PM recupera celular furtado e prende receptador"},"content":{"rendered":"<p>&nbsp;<\/p>\n<p>&nbsp;<\/p>\n<p style=\"text-align: justify;\">Ter\u00e7a-feira (20), \u00e0s 14:29, em Lavras, um rapaz de 27 anos procurou os militares informando que seu aparelho celular havia sido furtado enquanto este participava de um evento no \u00faltimo domingo.<\/p>\n<p style=\"text-align: justify;\">Ele contou que na ocasi\u00e3o v\u00e1rias pessoas se aglomeraram, impossibilitando que percebesse o momento do furto, por\u00e9m, o aparelho possu\u00eda sistema de rastreamento e posteriormente acusou sua localiza\u00e7\u00e3o em uma casa da rua Alfredo M<span class=\"text_exposed_show\">arani.<\/span><\/p>\n<div class=\"text_exposed_show\">\n<p style=\"text-align: justify;\">Com base nas informa\u00e7\u00f5es a equipe esteve no local onde em contato com o morador da resid\u00eancia, ouviram dele que de fato havia recebido um aparelho celular com as mesmas caracter\u00edsticas para desbloque\u00e1-lo, contudo n\u00e3o realizou o servi\u00e7o e o devolveu ao homem que o havia ali deixado, alegando que n\u00e3o sabia da origem do aparelho.<\/p>\n<p style=\"text-align: justify;\">Assim, os militares localizaram o homem de 28 anos, o qual informou que havia achado o celular ca\u00eddo em meio a um gramado durante o evento e que havia tentado fazer a devolu\u00e7\u00e3o ao seu dono, mas n\u00e3o o encontrou.<\/p>\n<p style=\"text-align: justify;\">Questionado, o propriet\u00e1rio do aparelho n\u00e3o soube dizer se o homem seria o autor do furto, pelo os militares deram-lhe voz de pris\u00e3o por receptar o celular furtado.<\/p>\n<p><strong>Fonte: ACO\/8\u00baBPM<\/strong><\/p>\n<\/div>\n","protected":false},"excerpt":{"rendered":"<p>&nbsp; &nbsp; Ter\u00e7a-feira (20), \u00e0s 14:29, em Lavras, um rapaz de 27 anos procurou os militares informando que seu aparelho celular havia sido furtado enquanto este participava de um evento no \u00faltimo domingo. Ele contou que na ocasi\u00e3o v\u00e1rias pessoas se aglomeraram, impossibilitando que percebesse o momento do furto, por\u00e9m, o aparelho possu\u00eda sistema de [&hellip;]<\/p>\n","protected":false},"author":7,"featured_media":247787,"comment_status":"closed","ping_status":"closed","sticky":false,"template":"","format":"standard","meta":{"advanced_seo_description":"","jetpack_seo_html_title":"","jetpack_seo_noindex":false,"_jetpack_memberships_contains_paid_content":false,"footnotes":""},"categories":[14,4],"tags":[467,466],"class_list":["post-247786","post","type-post","status-publish","format-standard","has-post-thumbnail","hentry","category-destaques-2","category-lavras","tag-automatico","tag-rascunho"],"jetpack_featured_media_url":"https:\/\/i0.wp.com\/www.lavras24horas.com.br\/portal\/wp-content\/uploads\/2019\/08\/68564569_1154458701423307_8913955836867379200_n.jpg?fit=500%2C377&ssl=1","jetpack_sharing_enabled":true,"jetpack_likes_enabled":true,"jetpack_shortlink":"https:\/\/wp.me\/p12djN-12sy","_links":{"self":[{"href":"https:\/\/www.lavras24horas.com.br\/portal\/wp-json\/wp\/v2\/posts\/247786","targetHints":{"allow":["GET"]}}],"collection":[{"href":"https:\/\/www.lavras24horas.com.br\/portal\/wp-json\/wp\/v2\/posts"}],"about":[{"href":"https:\/\/www.lavras24horas.com.br\/portal\/wp-json\/wp\/v2\/types\/post"}],"author":[{"embeddable":true,"href":"https:\/\/www.lavras24horas.com.br\/portal\/wp-json\/wp\/v2\/users\/7"}],"replies":[{"embeddable":true,"href":"https:\/\/www.lavras24horas.com.br\/portal\/wp-json\/wp\/v2\/comments?post=247786"}],"version-history":[{"count":1,"href":"https:\/\/www.lavras24horas.com.br\/portal\/wp-json\/wp\/v2\/posts\/247786\/revisions"}],"predecessor-version":[{"id":247788,"href":"https:\/\/www.lavras24horas.com.br\/portal\/wp-json\/wp\/v2\/posts\/247786\/revisions\/247788"}],"wp:featuredmedia":[{"embeddable":true,"href":"https:\/\/www.lavras24horas.com.br\/portal\/wp-json\/wp\/v2\/media\/247787"}],"wp:attachment":[{"href":"https:\/\/www.lavras24horas.com.br\/portal\/wp-json\/wp\/v2\/media?parent=247786"}],"wp:term":[{"taxonomy":"category","embeddable":true,"href":"https:\/\/www.lavras24horas.com.br\/portal\/wp-json\/wp\/v2\/categories?post=247786"},{"taxonomy":"post_tag","embeddable":true,"href":"https:\/\/www.lavras24horas.com.br\/portal\/wp-json\/wp\/v2\/tags?post=247786"}],"curies":[{"name":"wp","href":"https:\/\/api.w.org\/{rel}","templated":true}]}}