{"id":247774,"date":"2019-08-21T12:00:12","date_gmt":"2019-08-21T15:00:12","guid":{"rendered":"https:\/\/www.lavras24horas.com.br\/portal\/?p=247774"},"modified":"2019-08-21T10:13:34","modified_gmt":"2019-08-21T13:13:34","slug":"x-agrileite-sera-realizado-no-dia-5-9-na-fazenda-palmital","status":"publish","type":"post","link":"https:\/\/www.lavras24horas.com.br\/portal\/x-agrileite-sera-realizado-no-dia-5-9-na-fazenda-palmital\/","title":{"rendered":"X Agrileite ser\u00e1 realizado no dia 5\/9 na Fazenda Palmital"},"content":{"rendered":"<p>&nbsp;<\/p>\n<p>&nbsp;<\/p>\n<p style=\"text-align: justify;\">A X edi\u00e7\u00e3o do Agrileite, evento promovido pela UFLA,\u00a0 ser\u00e1 realizada no dia 5 de setembro (quinta-feira), \u00e0s 12 horas, na Fazenda Palmital (Centro de Desenvolvimento e Transfer\u00eancia de Tecnologias da UFLA, em Ijaci).<\/p>\n<p style=\"text-align: justify;\">O evento \u00e9 voltado para produtores rurais, t\u00e9cnicos da extens\u00e3o e estudantes. Na programa\u00e7\u00e3o deste ano, as din\u00e2micas em esta\u00e7\u00f5es abordar\u00e3o temas como instala\u00e7\u00f5es para gado leiteiro (free stall e compost barn), qualidade do leite, gest\u00e3o de fazendas e t\u00e9rmino da vacina\u00e7\u00e3o obrigat\u00f3ria contra aftosa.<\/p>\n<p style=\"text-align: justify;\">As inscri\u00e7\u00f5es s\u00e3o gratuitas e poder\u00e3o ser feitas no local.<\/p>\n<p>&nbsp;<\/p>\n<p><strong>Texto: Karina Mascarenhas\u00a0 jornalista &#8211; bolsista Dcom\/Fapemig<\/strong><\/p>\n","protected":false},"excerpt":{"rendered":"<p>&nbsp; &nbsp; A X edi\u00e7\u00e3o do Agrileite, evento promovido pela UFLA,\u00a0 ser\u00e1 realizada no dia 5 de setembro (quinta-feira), \u00e0s 12 horas, na Fazenda Palmital (Centro de Desenvolvimento e Transfer\u00eancia de Tecnologias da UFLA, em Ijaci). O evento \u00e9 voltado para produtores rurais, t\u00e9cnicos da extens\u00e3o e estudantes. Na programa\u00e7\u00e3o deste ano, as din\u00e2micas em [&hellip;]<\/p>\n","protected":false},"author":7,"featured_media":247775,"comment_status":"closed","ping_status":"closed","sticky":false,"template":"","format":"standard","meta":{"advanced_seo_description":"","jetpack_seo_html_title":"","jetpack_seo_noindex":false,"_jetpack_memberships_contains_paid_content":false,"footnotes":""},"categories":[12,4,1],"tags":[467,466],"class_list":["post-247774","post","type-post","status-publish","format-standard","has-post-thumbnail","hentry","category-destaques-1","category-lavras","category-sem-categoria","tag-automatico","tag-rascunho"],"jetpack_featured_media_url":"https:\/\/i0.wp.com\/www.lavras24horas.com.br\/portal\/wp-content\/uploads\/2019\/08\/dsc01400.jpg?fit=640%2C480&ssl=1","jetpack_sharing_enabled":true,"jetpack_likes_enabled":true,"jetpack_shortlink":"https:\/\/wp.me\/p12djN-12sm","_links":{"self":[{"href":"https:\/\/www.lavras24horas.com.br\/portal\/wp-json\/wp\/v2\/posts\/247774","targetHints":{"allow":["GET"]}}],"collection":[{"href":"https:\/\/www.lavras24horas.com.br\/portal\/wp-json\/wp\/v2\/posts"}],"about":[{"href":"https:\/\/www.lavras24horas.com.br\/portal\/wp-json\/wp\/v2\/types\/post"}],"author":[{"embeddable":true,"href":"https:\/\/www.lavras24horas.com.br\/portal\/wp-json\/wp\/v2\/users\/7"}],"replies":[{"embeddable":true,"href":"https:\/\/www.lavras24horas.com.br\/portal\/wp-json\/wp\/v2\/comments?post=247774"}],"version-history":[{"count":1,"href":"https:\/\/www.lavras24horas.com.br\/portal\/wp-json\/wp\/v2\/posts\/247774\/revisions"}],"predecessor-version":[{"id":247776,"href":"https:\/\/www.lavras24horas.com.br\/portal\/wp-json\/wp\/v2\/posts\/247774\/revisions\/247776"}],"wp:featuredmedia":[{"embeddable":true,"href":"https:\/\/www.lavras24horas.com.br\/portal\/wp-json\/wp\/v2\/media\/247775"}],"wp:attachment":[{"href":"https:\/\/www.lavras24horas.com.br\/portal\/wp-json\/wp\/v2\/media?parent=247774"}],"wp:term":[{"taxonomy":"category","embeddable":true,"href":"https:\/\/www.lavras24horas.com.br\/portal\/wp-json\/wp\/v2\/categories?post=247774"},{"taxonomy":"post_tag","embeddable":true,"href":"https:\/\/www.lavras24horas.com.br\/portal\/wp-json\/wp\/v2\/tags?post=247774"}],"curies":[{"name":"wp","href":"https:\/\/api.w.org\/{rel}","templated":true}]}}