{"id":247771,"date":"2019-08-21T12:00:07","date_gmt":"2019-08-21T15:00:07","guid":{"rendered":"https:\/\/www.lavras24horas.com.br\/portal\/?p=247771"},"modified":"2019-08-21T10:13:16","modified_gmt":"2019-08-21T13:13:16","slug":"senac-lavras-promovera-evento-para-auxiliar-empresas-e-candidatos-a-empregos","status":"publish","type":"post","link":"https:\/\/www.lavras24horas.com.br\/portal\/senac-lavras-promovera-evento-para-auxiliar-empresas-e-candidatos-a-empregos\/","title":{"rendered":"Senac Lavras promover\u00e1 evento para auxiliar empresas e candidatos a empregos"},"content":{"rendered":"<p>&nbsp;<\/p>\n<p>&nbsp;<\/p>\n<p style=\"text-align: justify;\">Para auxiliar os profissionais em busca de uma oportunidade de trabalho adequada ao seu perfil e tamb\u00e9m contribuir com as empresas que est\u00e3o \u00e0 procura de candidatos, o Senac realiza, entre 26 e 28 de agosto, o evento Senac, Mercado &amp; Emprego. Em sua 1\u00aa edi\u00e7\u00e3o, o evento vai oferecer gratuitamente palestras, oficina para profissionais de RH, testes de perfil profissional aos candidatos e contato direto com empresas parceiras para realiza\u00e7\u00e3o de entrevistas de empr<span class=\"text_exposed_show\">ego na unidade Lavras (Rua Comandante Soares J\u00fanior, 68 \u2013 Arthur Bernardes).<\/span><\/p>\n<div class=\"text_exposed_show\">\n<p style=\"text-align: justify;\">No dia 26, haver\u00e1 palestras com dicas sobre processos seletivos, elabora\u00e7\u00e3o de curr\u00edculo e orienta\u00e7\u00e3o profissional. No dia 27, o p\u00fablico s\u00e3o os profissionais de RH e gestores das empresas parceiras do evento que participar\u00e3o de oficina sobre processo seletivo, recrutamento e sele\u00e7\u00e3o de talentos. J\u00e1 no dia 28 os profissionais ter\u00e3o a oportunidade de se candidatar a uma vaga de emprego pessoalmente. Isso porque empresas parceiras dar\u00e3o in\u00edcio ao processo seletivo no local. Os interessados podem tamb\u00e9m cadastrar o curr\u00edculo no Rede de Carreiras, o portal do Senac, integrado ao Sistema Fecom\u00e9rcio MG, Sesc e Senac, para cadastro gratuito de vagas e curr\u00edculos<\/p>\n<p style=\"text-align: justify;\">Para participar do Mercado, Senac &amp; Emprego n\u00e3o \u00e9 necess\u00e1ria inscri\u00e7\u00e3o pr\u00e9via. Informa\u00e7\u00f5es pelo mg.senac.br e 0800 724 4440.<\/p>\n<\/div>\n","protected":false},"excerpt":{"rendered":"<p>&nbsp; &nbsp; Para auxiliar os profissionais em busca de uma oportunidade de trabalho adequada ao seu perfil e tamb\u00e9m contribuir com as empresas que est\u00e3o \u00e0 procura de candidatos, o Senac realiza, entre 26 e 28 de agosto, o evento Senac, Mercado &amp; Emprego. Em sua 1\u00aa edi\u00e7\u00e3o, o evento vai oferecer gratuitamente palestras, oficina [&hellip;]<\/p>\n","protected":false},"author":7,"featured_media":247772,"comment_status":"closed","ping_status":"closed","sticky":false,"template":"","format":"standard","meta":{"advanced_seo_description":"","jetpack_seo_html_title":"","jetpack_seo_noindex":false,"_jetpack_memberships_contains_paid_content":false,"footnotes":""},"categories":[13077,4],"tags":[467,466],"class_list":["post-247771","post","type-post","status-publish","format-standard","has-post-thumbnail","hentry","category-laterais-2","category-lavras","tag-automatico","tag-rascunho"],"jetpack_featured_media_url":"https:\/\/i0.wp.com\/www.lavras24horas.com.br\/portal\/wp-content\/uploads\/2019\/08\/68932022_10214204951547841_712455428532862976_n.jpg?fit=500%2C375&ssl=1","jetpack_sharing_enabled":true,"jetpack_likes_enabled":true,"jetpack_shortlink":"https:\/\/wp.me\/p12djN-12sj","_links":{"self":[{"href":"https:\/\/www.lavras24horas.com.br\/portal\/wp-json\/wp\/v2\/posts\/247771","targetHints":{"allow":["GET"]}}],"collection":[{"href":"https:\/\/www.lavras24horas.com.br\/portal\/wp-json\/wp\/v2\/posts"}],"about":[{"href":"https:\/\/www.lavras24horas.com.br\/portal\/wp-json\/wp\/v2\/types\/post"}],"author":[{"embeddable":true,"href":"https:\/\/www.lavras24horas.com.br\/portal\/wp-json\/wp\/v2\/users\/7"}],"replies":[{"embeddable":true,"href":"https:\/\/www.lavras24horas.com.br\/portal\/wp-json\/wp\/v2\/comments?post=247771"}],"version-history":[{"count":1,"href":"https:\/\/www.lavras24horas.com.br\/portal\/wp-json\/wp\/v2\/posts\/247771\/revisions"}],"predecessor-version":[{"id":247773,"href":"https:\/\/www.lavras24horas.com.br\/portal\/wp-json\/wp\/v2\/posts\/247771\/revisions\/247773"}],"wp:featuredmedia":[{"embeddable":true,"href":"https:\/\/www.lavras24horas.com.br\/portal\/wp-json\/wp\/v2\/media\/247772"}],"wp:attachment":[{"href":"https:\/\/www.lavras24horas.com.br\/portal\/wp-json\/wp\/v2\/media?parent=247771"}],"wp:term":[{"taxonomy":"category","embeddable":true,"href":"https:\/\/www.lavras24horas.com.br\/portal\/wp-json\/wp\/v2\/categories?post=247771"},{"taxonomy":"post_tag","embeddable":true,"href":"https:\/\/www.lavras24horas.com.br\/portal\/wp-json\/wp\/v2\/tags?post=247771"}],"curies":[{"name":"wp","href":"https:\/\/api.w.org\/{rel}","templated":true}]}}