{"id":247764,"date":"2019-08-21T07:00:12","date_gmt":"2019-08-21T10:00:12","guid":{"rendered":"https:\/\/www.lavras24horas.com.br\/portal\/?p=247764"},"modified":"2019-08-21T07:28:57","modified_gmt":"2019-08-21T10:28:57","slug":"governo-de-minas-gerais-antecipa-segunda-parcela-do-salario-dos-servidores","status":"publish","type":"post","link":"https:\/\/www.lavras24horas.com.br\/portal\/governo-de-minas-gerais-antecipa-segunda-parcela-do-salario-dos-servidores\/","title":{"rendered":"Governo de Minas Gerais antecipa segunda parcela do sal\u00e1rio dos servidores"},"content":{"rendered":"<p>&nbsp;<\/p>\n<div class=\"clear \">\n<p>&nbsp;<\/p>\n<p>&nbsp;<\/p>\n<p style=\"text-align: justify;\">Atendendo a uma solicita\u00e7\u00e3o do governador Romeu Zema, a Secret\u00e1ria de Fazenda\u00a0vai antecipar o pagamento da segunda parcela dos sal\u00e1rios dos servidores do Poder Executivo.<\/p>\n<p style=\"text-align: justify;\">A medida s\u00f3 foi poss\u00edvel gra\u00e7as \u00e0s a\u00e7\u00f5es conjuntas do Tesouro Estadual, respons\u00e1vel pela gest\u00e3o rigorosa do fluxo de caixa, e da Receita Estadual.<\/p>\n<p style=\"text-align: justify;\">A segunda (e \u00faltima) parcela de agosto, referente ao sal\u00e1rio do m\u00eas de julho, ser\u00e1 depositada nesta quarta-feira (21\/8) para os servidores da Seguran\u00e7a P\u00fablica, e, na sexta-feira (23\/8), para os servidores das demais \u00e1reas. Nos dois casos, est\u00e3o inclu\u00eddos ativos, inativos e pensionistas.<\/p>\n<p style=\"text-align: justify;\">Inicialmente, o dep\u00f3sito da segunda parcela estava previsto para ter\u00e7a-feira da semana que vem (27\/8).<\/p>\n<\/div>\n<p><strong>Fonte: Ag\u00eancia Minas<\/strong><\/p>\n<p>&nbsp;<\/p>\n","protected":false},"excerpt":{"rendered":"<p>&nbsp; &nbsp; &nbsp; Atendendo a uma solicita\u00e7\u00e3o do governador Romeu Zema, a Secret\u00e1ria de Fazenda\u00a0vai antecipar o pagamento da segunda parcela dos sal\u00e1rios dos servidores do Poder Executivo. A medida s\u00f3 foi poss\u00edvel gra\u00e7as \u00e0s a\u00e7\u00f5es conjuntas do Tesouro Estadual, respons\u00e1vel pela gest\u00e3o rigorosa do fluxo de caixa, e da Receita Estadual. A segunda (e [&hellip;]<\/p>\n","protected":false},"author":7,"featured_media":247765,"comment_status":"closed","ping_status":"closed","sticky":false,"template":"","format":"standard","meta":{"advanced_seo_description":"","jetpack_seo_html_title":"","jetpack_seo_noindex":false,"_jetpack_memberships_contains_paid_content":false,"footnotes":""},"categories":[14],"tags":[467,466],"class_list":["post-247764","post","type-post","status-publish","format-standard","has-post-thumbnail","hentry","category-destaques-2","tag-automatico","tag-rascunho"],"jetpack_featured_media_url":"https:\/\/i0.wp.com\/www.lavras24horas.com.br\/portal\/wp-content\/uploads\/2019\/08\/%405-768x4321.jpg?fit=500%2C281&ssl=1","jetpack_sharing_enabled":true,"jetpack_likes_enabled":true,"jetpack_shortlink":"https:\/\/wp.me\/p12djN-12sc","_links":{"self":[{"href":"https:\/\/www.lavras24horas.com.br\/portal\/wp-json\/wp\/v2\/posts\/247764","targetHints":{"allow":["GET"]}}],"collection":[{"href":"https:\/\/www.lavras24horas.com.br\/portal\/wp-json\/wp\/v2\/posts"}],"about":[{"href":"https:\/\/www.lavras24horas.com.br\/portal\/wp-json\/wp\/v2\/types\/post"}],"author":[{"embeddable":true,"href":"https:\/\/www.lavras24horas.com.br\/portal\/wp-json\/wp\/v2\/users\/7"}],"replies":[{"embeddable":true,"href":"https:\/\/www.lavras24horas.com.br\/portal\/wp-json\/wp\/v2\/comments?post=247764"}],"version-history":[{"count":2,"href":"https:\/\/www.lavras24horas.com.br\/portal\/wp-json\/wp\/v2\/posts\/247764\/revisions"}],"predecessor-version":[{"id":247767,"href":"https:\/\/www.lavras24horas.com.br\/portal\/wp-json\/wp\/v2\/posts\/247764\/revisions\/247767"}],"wp:featuredmedia":[{"embeddable":true,"href":"https:\/\/www.lavras24horas.com.br\/portal\/wp-json\/wp\/v2\/media\/247765"}],"wp:attachment":[{"href":"https:\/\/www.lavras24horas.com.br\/portal\/wp-json\/wp\/v2\/media?parent=247764"}],"wp:term":[{"taxonomy":"category","embeddable":true,"href":"https:\/\/www.lavras24horas.com.br\/portal\/wp-json\/wp\/v2\/categories?post=247764"},{"taxonomy":"post_tag","embeddable":true,"href":"https:\/\/www.lavras24horas.com.br\/portal\/wp-json\/wp\/v2\/tags?post=247764"}],"curies":[{"name":"wp","href":"https:\/\/api.w.org\/{rel}","templated":true}]}}