{"id":247757,"date":"2019-08-21T07:00:56","date_gmt":"2019-08-21T10:00:56","guid":{"rendered":"https:\/\/www.lavras24horas.com.br\/portal\/?p=247757"},"modified":"2019-08-21T07:29:24","modified_gmt":"2019-08-21T10:29:24","slug":"carrancas-realizara-encontro-de-quitandeiras","status":"publish","type":"post","link":"https:\/\/www.lavras24horas.com.br\/portal\/carrancas-realizara-encontro-de-quitandeiras\/","title":{"rendered":"Carrancas realizar\u00e1 Encontro de Quitandeiras"},"content":{"rendered":"<p>&nbsp;<\/p>\n<p>&nbsp;<\/p>\n<p style=\"text-align: justify;\">A Prefeitura Municipal de Carrancas, por meio da Secretaria de Turismo, Cultura e Meio Ambiente, realiza no pr\u00f3ximo s\u00e1bado (24), \u00e0s 15h, o 1\u00ba Encontro de Quitandeiras de Carrancas. A atividade busca valorizar as tradicionais quitandeiras do munic\u00edpio, assim como as receitas, que foram passadas de m\u00e3e para filha, e at\u00e9 mesmo aqueles pratos que s\u00e3o cl\u00e1ssicos das fam\u00edlias carranquenses.<\/p>\n<p style=\"text-align: justify;\">A proposta do Encontro de Quitandeiras \u00e9 de apresentar receitas que fazem parte do cotidiano das quitandeiras convidadas, al\u00e9m de valorizar e preservar a culin\u00e1ria mineira. Um forno ser\u00e1 montado para assar os quitutes e ambientar a Pra\u00e7a Manoel Moreira, que ser\u00e1 o local do encontro. A culin\u00e1ria mineira se destaca, tamb\u00e9m, como tema da 7\u00aa Jornada do Patrim\u00f4nio Cultural de Minas Gerais, que \u00e9 uma iniciativa do IEPHA &#8211; Instituto Estadual do Patrim\u00f4nio Hist\u00f3rico e Art\u00edstico de Minas Gerais, do qual o evento faz parte. A entrada \u00e9 gratuita!<\/p>\n","protected":false},"excerpt":{"rendered":"<p>&nbsp; &nbsp; A Prefeitura Municipal de Carrancas, por meio da Secretaria de Turismo, Cultura e Meio Ambiente, realiza no pr\u00f3ximo s\u00e1bado (24), \u00e0s 15h, o 1\u00ba Encontro de Quitandeiras de Carrancas. A atividade busca valorizar as tradicionais quitandeiras do munic\u00edpio, assim como as receitas, que foram passadas de m\u00e3e para filha, e at\u00e9 mesmo aqueles [&hellip;]<\/p>\n","protected":false},"author":7,"featured_media":247758,"comment_status":"closed","ping_status":"closed","sticky":false,"template":"","format":"standard","meta":{"advanced_seo_description":"","jetpack_seo_html_title":"","jetpack_seo_noindex":false,"_jetpack_memberships_contains_paid_content":false,"footnotes":""},"categories":[12,79],"tags":[467,466],"class_list":["post-247757","post","type-post","status-publish","format-standard","has-post-thumbnail","hentry","category-destaques-1","category-regiao","tag-automatico","tag-rascunho"],"jetpack_featured_media_url":"https:\/\/i0.wp.com\/www.lavras24horas.com.br\/portal\/wp-content\/uploads\/2019\/08\/afa276472672169fcea69b153a93154d.jpg?fit=500%2C333&ssl=1","jetpack_sharing_enabled":true,"jetpack_likes_enabled":true,"jetpack_shortlink":"https:\/\/wp.me\/p12djN-12s5","_links":{"self":[{"href":"https:\/\/www.lavras24horas.com.br\/portal\/wp-json\/wp\/v2\/posts\/247757","targetHints":{"allow":["GET"]}}],"collection":[{"href":"https:\/\/www.lavras24horas.com.br\/portal\/wp-json\/wp\/v2\/posts"}],"about":[{"href":"https:\/\/www.lavras24horas.com.br\/portal\/wp-json\/wp\/v2\/types\/post"}],"author":[{"embeddable":true,"href":"https:\/\/www.lavras24horas.com.br\/portal\/wp-json\/wp\/v2\/users\/7"}],"replies":[{"embeddable":true,"href":"https:\/\/www.lavras24horas.com.br\/portal\/wp-json\/wp\/v2\/comments?post=247757"}],"version-history":[{"count":2,"href":"https:\/\/www.lavras24horas.com.br\/portal\/wp-json\/wp\/v2\/posts\/247757\/revisions"}],"predecessor-version":[{"id":247768,"href":"https:\/\/www.lavras24horas.com.br\/portal\/wp-json\/wp\/v2\/posts\/247757\/revisions\/247768"}],"wp:featuredmedia":[{"embeddable":true,"href":"https:\/\/www.lavras24horas.com.br\/portal\/wp-json\/wp\/v2\/media\/247758"}],"wp:attachment":[{"href":"https:\/\/www.lavras24horas.com.br\/portal\/wp-json\/wp\/v2\/media?parent=247757"}],"wp:term":[{"taxonomy":"category","embeddable":true,"href":"https:\/\/www.lavras24horas.com.br\/portal\/wp-json\/wp\/v2\/categories?post=247757"},{"taxonomy":"post_tag","embeddable":true,"href":"https:\/\/www.lavras24horas.com.br\/portal\/wp-json\/wp\/v2\/tags?post=247757"}],"curies":[{"name":"wp","href":"https:\/\/api.w.org\/{rel}","templated":true}]}}