{"id":247742,"date":"2019-08-20T14:00:37","date_gmt":"2019-08-20T17:00:37","guid":{"rendered":"https:\/\/www.lavras24horas.com.br\/portal\/?p=247742"},"modified":"2019-08-20T12:46:30","modified_gmt":"2019-08-20T15:46:30","slug":"corrida-gammon-ufla-sera-em-1o-9-inscricoes-abertas","status":"publish","type":"post","link":"https:\/\/www.lavras24horas.com.br\/portal\/corrida-gammon-ufla-sera-em-1o-9-inscricoes-abertas\/","title":{"rendered":"Corrida Gammon-UFLA ser\u00e1 em 1\u00ba\/9 \u2013 inscri\u00e7\u00f5es abertas"},"content":{"rendered":"<p>&nbsp;<\/p>\n<p>&nbsp;<\/p>\n<p style=\"text-align: justify;\">A Pr\u00f3-Reitoria de Assuntos Estudantis e Comunit\u00e1rios (Praec), da Universidade Federal de Lavras (UFLA), informa que est\u00e3o abertas as inscri\u00e7\u00f5es para a Corrida Gammon-UFLA. O evento integra as comemora\u00e7\u00f5es de anivers\u00e1rio das duas institui\u00e7\u00f5es e, neste ano, ocorrer\u00e1 em 1\u00ba\/9. A data limite para inscri\u00e7\u00f5es \u00e9 29\/8. Est\u00e3o previstas as modalidades de corrida (10 Km e 5Km), caminhada (5 Km) e corrida kids (50m, 100m, 150m e 200m). As inscri\u00e7\u00f5es de participantes adultos podem ser feitas pelo <a href=\"https:\/\/keepsporting.com\/cr\/cxAXzC4rbqKEHtp6x\/corrida-gammon-ufla---2019?fbclid=IwAR3AEHKvuG7mT_luCaELe3DkaxRPBN7RrhZKvGpEKCcwguanpBRJp0d9SRk\">site de divulga\u00e7\u00e3o do evento<\/a>. J\u00e1 para participa\u00e7\u00e3o na Corrida Kids \u00e9 necess\u00e1rio entrar em contato com a Central de Atendimento no Gammon pelo telefone (35) 3694-2120.<\/p>\n<p style=\"text-align: justify;\">As vagas s\u00e3o limitadas: 150 para a participa\u00e7\u00e3o de adultos (a partir de 16 anos*) e 100 para a participa\u00e7\u00e3o de crian\u00e7as (de 6 a 12 anos). O total previsto \u00e9 de 250 participantes no evento. A concentra\u00e7\u00e3o ocorrer\u00e1 na rotat\u00f3ria do C\u00e2mpus Hist\u00f3rico da UFLA (pr\u00f3xima aos museus) a partir das 7h30, com largada da corrida e caminhada \u00e0s 8h30, e da Corrida Kids \u00e0s 10h30. O percurso termina no Instituto Presbiteriano Gammon (c\u00e2mpus Ch\u00e1cara). Os mapas do trajeto ser\u00e3o enviados por e-mail aos inscritos e estar\u00e3o dispon\u00edveis nos sites oficiais da corrida.<\/p>\n<p>&nbsp;<\/p>\n<p style=\"text-align: justify;\">Competidores devem retirar o kit de participa\u00e7\u00e3o no dia 30\/8, na Laveli Fiat (trevo do Gato Preto), ou no dia 31\/8, na Fagammon (C\u00e2mpus Kemper &#8211; Pra\u00e7a Dr. Augusto Silva, 616), no hor\u00e1rio de 9h \u00e0s 17h em qualquer dos dois dias.<\/p>\n<p style=\"text-align: justify;\">Haver\u00e1 premia\u00e7\u00f5es gerais e por categorias, medalhas, cronometragem com chip e camiseta promocional. Todas as normas relativas ao evento devem ser consultadas no\u00a0<a href=\"https:\/\/comp-01.keepsporting.com\/attachments\/XiXjRRc8gQus5kL54-regulamento-_corrida_gammon_ufla_-_2019.pdf\">regulamento<\/a>.<\/p>\n<p style=\"text-align: justify;\">Em 2019, a UFLA completa 111 anos e o Instituto Gammon 150. Acompanhe a programa\u00e7\u00e3o de comemora\u00e7\u00f5es na UFLA pelo endere\u00e7o ufla.br\/aniversario.<\/p>\n<div class=\"clearfix\"><\/div>\n","protected":false},"excerpt":{"rendered":"<p>&nbsp; &nbsp; A Pr\u00f3-Reitoria de Assuntos Estudantis e Comunit\u00e1rios (Praec), da Universidade Federal de Lavras (UFLA), informa que est\u00e3o abertas as inscri\u00e7\u00f5es para a Corrida Gammon-UFLA. O evento integra as comemora\u00e7\u00f5es de anivers\u00e1rio das duas institui\u00e7\u00f5es e, neste ano, ocorrer\u00e1 em 1\u00ba\/9. A data limite para inscri\u00e7\u00f5es \u00e9 29\/8. Est\u00e3o previstas as modalidades de corrida [&hellip;]<\/p>\n","protected":false},"author":7,"featured_media":247410,"comment_status":"closed","ping_status":"closed","sticky":false,"template":"","format":"standard","meta":{"advanced_seo_description":"","jetpack_seo_html_title":"","jetpack_seo_noindex":false,"_jetpack_memberships_contains_paid_content":false,"footnotes":""},"categories":[13077,4],"tags":[467,466],"class_list":["post-247742","post","type-post","status-publish","format-standard","has-post-thumbnail","hentry","category-laterais-2","category-lavras","tag-automatico","tag-rascunho"],"jetpack_featured_media_url":"https:\/\/i0.wp.com\/www.lavras24horas.com.br\/portal\/wp-content\/uploads\/2019\/08\/Sem-titulo-2.png?fit=500%2C332&ssl=1","jetpack_sharing_enabled":true,"jetpack_likes_enabled":true,"jetpack_shortlink":"https:\/\/wp.me\/p12djN-12rQ","_links":{"self":[{"href":"https:\/\/www.lavras24horas.com.br\/portal\/wp-json\/wp\/v2\/posts\/247742","targetHints":{"allow":["GET"]}}],"collection":[{"href":"https:\/\/www.lavras24horas.com.br\/portal\/wp-json\/wp\/v2\/posts"}],"about":[{"href":"https:\/\/www.lavras24horas.com.br\/portal\/wp-json\/wp\/v2\/types\/post"}],"author":[{"embeddable":true,"href":"https:\/\/www.lavras24horas.com.br\/portal\/wp-json\/wp\/v2\/users\/7"}],"replies":[{"embeddable":true,"href":"https:\/\/www.lavras24horas.com.br\/portal\/wp-json\/wp\/v2\/comments?post=247742"}],"version-history":[{"count":1,"href":"https:\/\/www.lavras24horas.com.br\/portal\/wp-json\/wp\/v2\/posts\/247742\/revisions"}],"predecessor-version":[{"id":247744,"href":"https:\/\/www.lavras24horas.com.br\/portal\/wp-json\/wp\/v2\/posts\/247742\/revisions\/247744"}],"wp:featuredmedia":[{"embeddable":true,"href":"https:\/\/www.lavras24horas.com.br\/portal\/wp-json\/wp\/v2\/media\/247410"}],"wp:attachment":[{"href":"https:\/\/www.lavras24horas.com.br\/portal\/wp-json\/wp\/v2\/media?parent=247742"}],"wp:term":[{"taxonomy":"category","embeddable":true,"href":"https:\/\/www.lavras24horas.com.br\/portal\/wp-json\/wp\/v2\/categories?post=247742"},{"taxonomy":"post_tag","embeddable":true,"href":"https:\/\/www.lavras24horas.com.br\/portal\/wp-json\/wp\/v2\/tags?post=247742"}],"curies":[{"name":"wp","href":"https:\/\/api.w.org\/{rel}","templated":true}]}}