{"id":247728,"date":"2019-08-20T07:00:05","date_gmt":"2019-08-20T10:00:05","guid":{"rendered":"https:\/\/www.lavras24horas.com.br\/portal\/?p=247728"},"modified":"2019-08-19T14:37:21","modified_gmt":"2019-08-19T17:37:21","slug":"proclamas-de-casamento-do-cartorio-de-registro-civil-de-lavras-50","status":"publish","type":"post","link":"https:\/\/www.lavras24horas.com.br\/portal\/proclamas-de-casamento-do-cartorio-de-registro-civil-de-lavras-50\/","title":{"rendered":"Proclamas de Casamento do Cart\u00f3rio de Registro civil de Lavras"},"content":{"rendered":"<p>&nbsp;<\/p>\n<p>&nbsp;<\/p>\n<p style=\"text-align: center;\"><strong>REP\u00daBLICA FEDERATIVA DO BRASIL<\/strong><\/p>\n<p style=\"text-align: center;\"><strong>ESTADO DE MINAS GERAIS<\/strong><\/p>\n<p style=\"text-align: center;\">Cart\u00f3rio de Registro Civil Souza Naves<\/p>\n<p style=\"text-align: center;\"><strong>Interventora Judicial: J\u00c9SSICA LA\u00cdS BELCHIOR PEREIRA ASSIS<\/strong><\/p>\n<p style=\"text-align: center;\">Rua Santana, 194-A Centro<\/p>\n<p style=\"text-align: center;\">37200-000 &#8211; Lavras &#8211; MG<\/p>\n<p><strong>\u00a0<\/strong><\/p>\n<p style=\"text-align: justify;\"><strong>Faz saber que pretendem casar-se:<\/strong><\/p>\n<p style=\"text-align: justify;\">011473 &#8211; REGIS ANT\u00d4NIO NAVES DE GOUV\u00caA, solteiro, maior, Aut\u00f4nomo, natural de Lavras-MG, resid\u00eancia Rua Coronel Santos Cavalcante, 50, Vale do Sol, Lavras-MG, filho(a) de ANTONIO NAVES DE GOUV\u00caA e ROSANA LILIANE SOARES DE GOUV\u00caA; e MILENA C\u00c1SSIA SOUZA, solteira, maior, Auxiliar Administrativo, natural de Lavras-MG, resid\u00eancia Rua Desembargador D\u00e1rio Lins, 160, Vila Rica, Lavras-MG, filho(a) de MOACIR JOLCINEI DE SOUZA e ROS\u00c2NGELA FRANCISCA DE JESUS TOMAZ SOUZA;<\/p>\n<p style=\"text-align: justify;\">011474 &#8211; AUGUSTO STELLING AFONSO, solteiro, maior, Professor, natural de Rio de Janeiro-RJ, resid\u00eancia Rua Cristino da Silva, 85, Freguesia, Jacarepagu\u00e1-RJ, filho(a) de JOS\u00c9 AUGUSTO DA COSTA AFONSO e ANGELA STELLING BARCELOS; e JOYCE KARLA PEREIRA, solteira, maior, Professora, natural de Lavras-MG, resid\u00eancia Rua Alberto Boari, 485, S\u00e3o Vicente, Lavras-MG, filho(a) de CARLOS ANT\u00d4NIO PEREIRA e AUREA DE F\u00c1TIMA SOUZA PEREIRA;<\/p>\n<p style=\"text-align: justify;\">011475 &#8211; MANOEL VICTOR MELO LUZ, solteiro, maior, Vendedor, natural de Campos Altos-MG, resid\u00eancia Rua Pedro Maculan, 102, Cascalho, Lavras-MG, filho(a) de FLAVIO RAMALHO LUZ e MARLISI BARBOSA MELO LUZ; e JULIANA MILANI LIMA, solteira, maior, Tesoureira, natural de Lavras-MG, resid\u00eancia Rua Pedro Maculan, 102, Cascalho, Lavras-MG, filho(a) de JO\u00c3O VIANEI DE LIMA e ANGELA APARECIDA RODRIGUES MILANI LIMA;<\/p>\n<p style=\"text-align: justify;\">011476 &#8211; MAYKON EDUARDO DO CARMO, solteiro, maior, Barbeiro, natural de Lavras-MG, resid\u00eancia Rua Leopoldina Candida de Jesus, 11 A, Joaquim Sales, Lavras-MG, filho(a) de &#8220;SEM INFORMA\u00c7\u00c3O&#8221; e RAIMUNDA DE F\u00c1TIMA DO CARMO; e DYOHANE ISABELA SILVA, solteira, maior, Vendedora, natural de Lavras-MG, resid\u00eancia Rua Expedicion\u00e1rio Sebasti\u00e3o Borges, 155, Vila Alzira, Lavras-MG, filho(a) de ED WILSON SILVA e NORAIR DA SILVA;<\/p>\n<p style=\"text-align: justify;\">011477 &#8211; CL\u00c1UDIO ELIAS TADEU, solteiro, maior, Auxiliar Administrativo, natural de Lavras-MG, resid\u00eancia Rua Alfredo Marani, 222 C, 222, Cruzeiro do Sul, Lavras-MG, filho(a) de CARLOS AUGUSTO TADEU e CONCEI\u00c7\u00c3O C\u00c2NDIDA DA SILVA TADEU; e FERNANDA APARECIDA DOS SANTOS, solteira, maior, Aut\u00f4noma, natural de Lavras-MG, resid\u00eancia Rua Otac\u00edlio Negr\u00e3o de Lima, 235, 235, Centro, Lavras-MG, filho(a) de CIPRIANO ANT\u00d4NIO DOS SANTOS e MARIA ESMENIA DA SILVA SANTOS;<\/p>\n<p style=\"text-align: justify;\">011478 &#8211; MARCOS VIN\u00cdCIUS RODRIGUES, solteiro, maior, Servente, natural de Ribeir\u00e3o Vermelho-MG, resid\u00eancia Rua Rui Barbosa, 890, Centro, Lavras-MG, filho(a) de GERALDO MESSIAS RODRIGUES e CAROLINA CLAUDIA SOUSA SANTOS; e DAN\u00daBIA EMILIANA RODRIGUES, divorciado, maior, Caixa, natural de Ribeir\u00e3o Vermelho-MG, resid\u00eancia Rua Miguel Rodrigues Pato, 10, Centro, Ribeir\u00e3o Vermelho-MG, filho(a) de ANTONIO CLARET\u00a0 RODRIGUES e V\u00c2NIA APARECIDA TAVARES RODRIGUES;<\/p>\n<p style=\"text-align: justify;\">011479 &#8211; HELIO TEIXEIRA JUNIOR, divorciado, maior, Motorista, natural de Lavras-MG, resid\u00eancia Rua Paulo Louren\u00e7o Menicucci, 328, Cruzeiro do Sul, Lavras-MG, filho(a) de HELIO TEIXEIRA e LUZIA LEONE TEIXEIRA; e ROSEMILDA RIBEIRO, divorciada, maior, Do lar, natural de Itanhandu-MG, resid\u00eancia Rua Paulo Louren\u00e7o Menicucci, 328, Cruzeiro do Sul, Lavras-MG, filho(a) de VICENTE PAULO RIBEIRO e MARIA DE F\u00c1TIMA RIBEIRO;<\/p>\n<p style=\"text-align: justify;\">011480 &#8211; LUCAS DONIZETTI FIDELIS, solteiro, maior, Vendedor, natural de Lavras-MG, resid\u00eancia Rua Coronel Jos\u00e9 Moura do Amaral, 237, 237, Vila S\u00e3o Francisco, Lavras-MG, filho(a) de ERLI DONIZETTI FIDELIS e EDNA MARIA APARECIDA; e CAMILA S\u00c2MIA MARINHO, solteira, maior, Estudante, natural de Lavras-MG, resid\u00eancia Rua Ant\u00f4nio Alves da Costa, 300, 300, Vale do Sol, Lavras-MG, filho(a) de ROG\u00c9RIO MARINHO e MARIA JOS\u00c9 S\u00c2MIA MARINHO;<\/p>\n<p style=\"text-align: justify;\"><strong>Os contraentes apresentaram os documentos exigidos pelo art.1525 do C\u00f3digo Civil Brasileiro. Se algu\u00e9m souber de algum impedimento, que os impe\u00e7am de se casar, que o fa\u00e7a na forma da Lei:<\/strong><\/p>\n<p style=\"text-align: justify;\"><strong>\u00a0<\/strong><\/p>\n<p style=\"text-align: center;\"><strong>Lavras , 15\/08\/2019<\/strong><\/p>\n<p style=\"text-align: center;\"><strong>\u00a0<\/strong><\/p>\n<p style=\"text-align: center;\"><strong>J\u00c9SSICA LA\u00cdS BELCHIOR PEREIRA ASSIS <\/strong><\/p>\n<p style=\"text-align: center;\"><strong>Interventora Judicial do Registro Civil<\/strong><\/p>\n","protected":false},"excerpt":{"rendered":"<p>&nbsp; &nbsp; REP\u00daBLICA FEDERATIVA DO BRASIL ESTADO DE MINAS GERAIS Cart\u00f3rio de Registro Civil Souza Naves Interventora Judicial: J\u00c9SSICA LA\u00cdS BELCHIOR PEREIRA ASSIS Rua Santana, 194-A Centro 37200-000 &#8211; Lavras &#8211; MG \u00a0 Faz saber que pretendem casar-se: 011473 &#8211; REGIS ANT\u00d4NIO NAVES DE GOUV\u00caA, solteiro, maior, Aut\u00f4nomo, natural de Lavras-MG, resid\u00eancia Rua Coronel Santos [&hellip;]<\/p>\n","protected":false},"author":7,"featured_media":247729,"comment_status":"closed","ping_status":"closed","sticky":false,"template":"","format":"standard","meta":{"advanced_seo_description":"","jetpack_seo_html_title":"","jetpack_seo_noindex":false,"_jetpack_memberships_contains_paid_content":false,"footnotes":""},"categories":[13,4],"tags":[467,466],"class_list":["post-247728","post","type-post","status-publish","format-standard","has-post-thumbnail","hentry","category-laterais-1","category-lavras","tag-automatico","tag-rascunho"],"jetpack_featured_media_url":"https:\/\/i0.wp.com\/www.lavras24horas.com.br\/portal\/wp-content\/uploads\/2019\/08\/d5fcdda7-54cf-4cbc-aadb-2e0301cd6e3c-4-1.jpg?fit=524%2C350&ssl=1","jetpack_sharing_enabled":true,"jetpack_likes_enabled":true,"jetpack_shortlink":"https:\/\/wp.me\/p12djN-12rC","_links":{"self":[{"href":"https:\/\/www.lavras24horas.com.br\/portal\/wp-json\/wp\/v2\/posts\/247728","targetHints":{"allow":["GET"]}}],"collection":[{"href":"https:\/\/www.lavras24horas.com.br\/portal\/wp-json\/wp\/v2\/posts"}],"about":[{"href":"https:\/\/www.lavras24horas.com.br\/portal\/wp-json\/wp\/v2\/types\/post"}],"author":[{"embeddable":true,"href":"https:\/\/www.lavras24horas.com.br\/portal\/wp-json\/wp\/v2\/users\/7"}],"replies":[{"embeddable":true,"href":"https:\/\/www.lavras24horas.com.br\/portal\/wp-json\/wp\/v2\/comments?post=247728"}],"version-history":[{"count":2,"href":"https:\/\/www.lavras24horas.com.br\/portal\/wp-json\/wp\/v2\/posts\/247728\/revisions"}],"predecessor-version":[{"id":247731,"href":"https:\/\/www.lavras24horas.com.br\/portal\/wp-json\/wp\/v2\/posts\/247728\/revisions\/247731"}],"wp:featuredmedia":[{"embeddable":true,"href":"https:\/\/www.lavras24horas.com.br\/portal\/wp-json\/wp\/v2\/media\/247729"}],"wp:attachment":[{"href":"https:\/\/www.lavras24horas.com.br\/portal\/wp-json\/wp\/v2\/media?parent=247728"}],"wp:term":[{"taxonomy":"category","embeddable":true,"href":"https:\/\/www.lavras24horas.com.br\/portal\/wp-json\/wp\/v2\/categories?post=247728"},{"taxonomy":"post_tag","embeddable":true,"href":"https:\/\/www.lavras24horas.com.br\/portal\/wp-json\/wp\/v2\/tags?post=247728"}],"curies":[{"name":"wp","href":"https:\/\/api.w.org\/{rel}","templated":true}]}}