{"id":247725,"date":"2019-08-20T07:00:42","date_gmt":"2019-08-20T10:00:42","guid":{"rendered":"https:\/\/www.lavras24horas.com.br\/portal\/?p=247725"},"modified":"2019-08-19T14:34:35","modified_gmt":"2019-08-19T17:34:35","slug":"corpo-de-bombeiros-abre-inscricoes-para-curso-de-instrutor-de-brigadistas","status":"publish","type":"post","link":"https:\/\/www.lavras24horas.com.br\/portal\/corpo-de-bombeiros-abre-inscricoes-para-curso-de-instrutor-de-brigadistas\/","title":{"rendered":"Corpo de Bombeiros abre inscri\u00e7\u00f5es para curso de instrutor de brigadistas"},"content":{"rendered":"<p style=\"text-align: justify;\">\n<p>&nbsp;<\/p>\n<p style=\"text-align: justify;\">O Corpo de Bombeiros Militar de Minas Gerais publicou edital para abertura de inscri\u00e7\u00f5es para o curso de forma\u00e7\u00e3o de instrutor de brigadistas. S\u00e3o 60 vagas, distribu\u00eddas em duas turmas para este ano e um cadastro reserva para outras turmas no\u00a0 ano de 2020. Este \u00e9 o primeiro curso promovido pela corpora\u00e7\u00e3o com o objetivo de treinar interessados em formar brigadistas.<\/p>\n<p>Durante o treinamento,\u00a0ser\u00e3o 188 horas de carga hor\u00e1ria ministradas por bombeiros militares. Ap\u00f3s o curso, eles estar\u00e3o credenciados e preparados para repassar os conhecimentos, treinando brigadistas profissionais, org\u00e2nicos e florestais.<\/p>\n<p>Segundo o capit\u00e3o Elias Jos\u00e9 Luciano, chefe da Divis\u00e3o de Treinamento da Academia de Bombeiros Militar de Minas Gerais, trata-se de uma oportunidade\u00a0para a corpora\u00e7\u00e3o certificar a qualidade do n\u00edvel de instru\u00e7\u00e3o que \u00e9 oferecido pelas institui\u00e7\u00f5es existentes, que tamb\u00e9m precisam estar credenciadas junto \u00e0 institui\u00e7\u00e3o militar. \u201cQualquer cidad\u00e3o, maior de 18 anos, pode ser um brigadista profissional, org\u00e2nico ou florestal\u201d, explica o militar.<\/p>\n<p>O bombeiro org\u00e2nico, de maneira geral, \u00e9 aquela pessoa que exerce fun\u00e7\u00f5es ordin\u00e1rias da ocupa\u00e7\u00e3o da empresa\/estabelecimento (pode ser um auxiliar administrativo, uma secret\u00e1ria, dentre outros) e que tem treinamento para conduzir evacua\u00e7\u00e3o do local, combate a princ\u00edpio de inc\u00eandios e presta\u00e7\u00e3o de primeiros socorros.<\/p>\n<p>J\u00e1 o brigadista profissional \u00e9 o bombeiro civil que exerce, por meio de rela\u00e7\u00e3o contratual remunerada, a fun\u00e7\u00e3o exclusiva de preven\u00e7\u00e3o e combate a inc\u00eandio, com atua\u00e7\u00e3o restrita aos limites do local (empresa, institui\u00e7\u00e3o) a que estiver vinculado.<\/p>\n<p>Al\u00e9m disso, o org\u00e2nico usa um colete de identifica\u00e7\u00e3o e o civil poder\u00e1 ser identificado por uniformes espec\u00edficos. Por conta das diferentes formas de atua\u00e7\u00e3o, os dois recebem treinamentos em n\u00edveis distintos, sendo 20 horas para o org\u00e2nico e de pelo menos 80 horas para o brigadista profissional, segundo o capit\u00e3o bombeiro<\/p>\n<p>Tanto o bombeiro org\u00e2nico como o civil possuem responsabilidades essenciais nas orienta\u00e7\u00f5es \u00e0 popula\u00e7\u00e3o do local sobre como se defender no caso de uma emerg\u00eancia envolvendo um princ\u00edpio de inc\u00eandio, situa\u00e7\u00e3o que pode causar um poss\u00edvel p\u00e2nico. Est\u00e3o aptos tamb\u00e9m para combater inc\u00eandio, orientar a evacua\u00e7\u00e3o da edifica\u00e7\u00e3o at\u00e9 a chegada da equipe de bombeiros militares, bem como atuar em um atendimento pr\u00e9-hospitalar, encaminhar relat\u00f3rios aos setores competentes, orientar os funcion\u00e1rios do local, bem como a \u00a0popula\u00e7\u00e3o flutuante e fazer exerc\u00edcios simulados, entre outros.<\/p>\n<p>O chefe de treinamento\u00a0Elias Jos\u00e9\u00a0tamb\u00e9m refor\u00e7a a\u00a0import\u00e2ncia de um brigadista. \u201cQualquer um dos profissionais treinados adequadamente como brigadistas tem a capacidade de minimizar a possibilidade de um inc\u00eandio se tornar de grandes propor\u00e7\u00f5es. Sabe exatamente o que fazer, como proceder, como retirar em seguran\u00e7a os presentes, at\u00e9 a chegada de uma guarni\u00e7\u00e3o do Corpo de Bombeiros\u201d.<\/p>\n<p>Regina\u00a0Assun\u00e7\u00e3o Gontijo \u00e9 secret\u00e1ria e brigadista org\u00e2nica. Ela conta que foi uma das melhores coisas que aprendeu. \u201cO treinamento \u00e9 muito bom. Passei uma semana tendo aulas te\u00f3ricas e pr\u00e1ticas sobre ressuscita\u00e7\u00e3o, evacua\u00e7\u00e3o r\u00e1pida e segura, e como colocar uma v\u00edtima na maca. E at\u00e9 mesmo\u00a0como levantar uma maca, pois existem t\u00e9cnicas para isso&#8221;, revela. &#8220;\u00c9 tudo calculado&#8221;, acrescenta.<\/p>\n<p>\u201cAp\u00f3s a aula te\u00f3rica, fomos para uma \u00e1rea de treinamento do Corpo de Bombeiros Militar, onde vivenciamos a simula\u00e7\u00e3o de um inc\u00eandio em uma casa e como atuar com tranquilidade para evitar ocorr\u00eancia de v\u00edtimas, que \u00e9 o bem mais precioso\u201d, diz. Regina se orgulha de fazer parte da Brigada de Inc\u00eandio da Cidade Administrativa do Governo de Minas\u00a0e se prepara para mais um curso de reciclagem.<\/p>\n<p><strong><u>Servi\u00e7o<\/u>:<\/strong><\/p>\n<p>Os interessados no processo seletivo podem fazer sua inscri\u00e7\u00e3o unicamente por meio digital,\u00a0<a href=\"http:\/\/www.bombeiros.mg.gov.br\/curso-de-formacao-de-instrutores.html\" target=\"_blank\" rel=\"noopener noreferrer\">neste\u00a0endere\u00e7o<\/a>. O processo seletivo ter\u00e1 validade de um\u00a0ano, prorrog\u00e1vel por igual per\u00edodo, contados a partir da data da publica\u00e7\u00e3o do resultado final e convoca\u00e7\u00e3o para matr\u00edcula<strong>.<\/strong><\/p>\n","protected":false},"excerpt":{"rendered":"<p>&nbsp; O Corpo de Bombeiros Militar de Minas Gerais publicou edital para abertura de inscri\u00e7\u00f5es para o curso de forma\u00e7\u00e3o de instrutor de brigadistas. S\u00e3o 60 vagas, distribu\u00eddas em duas turmas para este ano e um cadastro reserva para outras turmas no\u00a0 ano de 2020. Este \u00e9 o primeiro curso promovido pela corpora\u00e7\u00e3o com o [&hellip;]<\/p>\n","protected":false},"author":7,"featured_media":247726,"comment_status":"closed","ping_status":"closed","sticky":false,"template":"","format":"standard","meta":{"advanced_seo_description":"","jetpack_seo_html_title":"","jetpack_seo_noindex":false,"_jetpack_memberships_contains_paid_content":false,"footnotes":""},"categories":[14],"tags":[467,466],"class_list":["post-247725","post","type-post","status-publish","format-standard","has-post-thumbnail","hentry","category-destaques-2","tag-automatico","tag-rascunho"],"jetpack_featured_media_url":"https:\/\/i0.wp.com\/www.lavras24horas.com.br\/portal\/wp-content\/uploads\/2019\/08\/entenda-a-nova-lei-de-bombeiro-civil-810x540.jpeg?fit=500%2C333&ssl=1","jetpack_sharing_enabled":true,"jetpack_likes_enabled":true,"jetpack_shortlink":"https:\/\/wp.me\/p12djN-12rz","_links":{"self":[{"href":"https:\/\/www.lavras24horas.com.br\/portal\/wp-json\/wp\/v2\/posts\/247725","targetHints":{"allow":["GET"]}}],"collection":[{"href":"https:\/\/www.lavras24horas.com.br\/portal\/wp-json\/wp\/v2\/posts"}],"about":[{"href":"https:\/\/www.lavras24horas.com.br\/portal\/wp-json\/wp\/v2\/types\/post"}],"author":[{"embeddable":true,"href":"https:\/\/www.lavras24horas.com.br\/portal\/wp-json\/wp\/v2\/users\/7"}],"replies":[{"embeddable":true,"href":"https:\/\/www.lavras24horas.com.br\/portal\/wp-json\/wp\/v2\/comments?post=247725"}],"version-history":[{"count":1,"href":"https:\/\/www.lavras24horas.com.br\/portal\/wp-json\/wp\/v2\/posts\/247725\/revisions"}],"predecessor-version":[{"id":247727,"href":"https:\/\/www.lavras24horas.com.br\/portal\/wp-json\/wp\/v2\/posts\/247725\/revisions\/247727"}],"wp:featuredmedia":[{"embeddable":true,"href":"https:\/\/www.lavras24horas.com.br\/portal\/wp-json\/wp\/v2\/media\/247726"}],"wp:attachment":[{"href":"https:\/\/www.lavras24horas.com.br\/portal\/wp-json\/wp\/v2\/media?parent=247725"}],"wp:term":[{"taxonomy":"category","embeddable":true,"href":"https:\/\/www.lavras24horas.com.br\/portal\/wp-json\/wp\/v2\/categories?post=247725"},{"taxonomy":"post_tag","embeddable":true,"href":"https:\/\/www.lavras24horas.com.br\/portal\/wp-json\/wp\/v2\/tags?post=247725"}],"curies":[{"name":"wp","href":"https:\/\/api.w.org\/{rel}","templated":true}]}}