{"id":247722,"date":"2019-08-20T07:00:00","date_gmt":"2019-08-20T10:00:00","guid":{"rendered":"https:\/\/www.lavras24horas.com.br\/portal\/?p=247722"},"modified":"2019-08-19T14:28:20","modified_gmt":"2019-08-19T17:28:20","slug":"paroquia-de-santana-tera-missa-carismatica-nesta-quinta-feira-22-2","status":"publish","type":"post","link":"https:\/\/www.lavras24horas.com.br\/portal\/paroquia-de-santana-tera-missa-carismatica-nesta-quinta-feira-22-2\/","title":{"rendered":"Par\u00f3quia de Sant\u2019Ana ter\u00e1 Missa Carism\u00e1tica nesta quinta-feira (22)"},"content":{"rendered":"<p>&nbsp;<\/p>\n<p>&nbsp;<\/p>\n<p style=\"text-align: justify;\">Acontece nesta quinta-feira, dia 22, a Missa Carism\u00e1tica na par\u00f3quia de Sant\u2019Ana. A celebra\u00e7\u00e3o eucar\u00edstica ocorre a partir das 20h15.<\/p>\n<p style=\"text-align: justify;\">A Missa Carism\u00e1tica (tem esse nome por ser preparada e destinada ao p\u00fablico que bebe da espiritualidade da Renova\u00e7\u00e3o Cat\u00f3lica da Par\u00f3quia Sant&#8217;Ana e demais fi\u00e9is) segue os mesmos ritos da missa semanal, com louvores espont\u00e2neos, m\u00fasicas alegres, b\u00ean\u00e7\u00e3o do Sant\u00edssimo e uma ora\u00e7\u00e3o clamando cura e liberta\u00e7\u00e3o.<\/p>\n<p style=\"text-align: justify;\">O Papa Francisco celebrando junto com os membros da RCC do mundo inteiro destacou a import\u00e2ncia deste movimento para a vida da Igreja: \u201cVoc\u00eas s\u00e3o um precioso instrumento do Esp\u00edrito para caminhar com os outros irm\u00e3os crist\u00e3os unidos na ora\u00e7\u00e3o e no trabalho pelos necessitados, caminhando juntos para a mesa da Eucaristia\u2019\u201d.<\/p>\n<p>&nbsp;<\/p>\n<p>&nbsp;<\/p>\n","protected":false},"excerpt":{"rendered":"<p>&nbsp; &nbsp; Acontece nesta quinta-feira, dia 22, a Missa Carism\u00e1tica na par\u00f3quia de Sant\u2019Ana. A celebra\u00e7\u00e3o eucar\u00edstica ocorre a partir das 20h15. A Missa Carism\u00e1tica (tem esse nome por ser preparada e destinada ao p\u00fablico que bebe da espiritualidade da Renova\u00e7\u00e3o Cat\u00f3lica da Par\u00f3quia Sant&#8217;Ana e demais fi\u00e9is) segue os mesmos ritos da missa semanal, [&hellip;]<\/p>\n","protected":false},"author":7,"featured_media":247723,"comment_status":"closed","ping_status":"closed","sticky":false,"template":"","format":"standard","meta":{"advanced_seo_description":"","jetpack_seo_html_title":"","jetpack_seo_noindex":false,"_jetpack_memberships_contains_paid_content":false,"footnotes":""},"categories":[12,4],"tags":[467,466],"class_list":["post-247722","post","type-post","status-publish","format-standard","has-post-thumbnail","hentry","category-destaques-1","category-lavras","tag-automatico","tag-rascunho"],"jetpack_featured_media_url":"https:\/\/i0.wp.com\/www.lavras24horas.com.br\/portal\/wp-content\/uploads\/2019\/08\/encontro_nacional_de_formacao_rcc_thiago_leon.jpg?fit=600%2C401&ssl=1","jetpack_sharing_enabled":true,"jetpack_likes_enabled":true,"jetpack_shortlink":"https:\/\/wp.me\/p12djN-12rw","_links":{"self":[{"href":"https:\/\/www.lavras24horas.com.br\/portal\/wp-json\/wp\/v2\/posts\/247722","targetHints":{"allow":["GET"]}}],"collection":[{"href":"https:\/\/www.lavras24horas.com.br\/portal\/wp-json\/wp\/v2\/posts"}],"about":[{"href":"https:\/\/www.lavras24horas.com.br\/portal\/wp-json\/wp\/v2\/types\/post"}],"author":[{"embeddable":true,"href":"https:\/\/www.lavras24horas.com.br\/portal\/wp-json\/wp\/v2\/users\/7"}],"replies":[{"embeddable":true,"href":"https:\/\/www.lavras24horas.com.br\/portal\/wp-json\/wp\/v2\/comments?post=247722"}],"version-history":[{"count":1,"href":"https:\/\/www.lavras24horas.com.br\/portal\/wp-json\/wp\/v2\/posts\/247722\/revisions"}],"predecessor-version":[{"id":247724,"href":"https:\/\/www.lavras24horas.com.br\/portal\/wp-json\/wp\/v2\/posts\/247722\/revisions\/247724"}],"wp:featuredmedia":[{"embeddable":true,"href":"https:\/\/www.lavras24horas.com.br\/portal\/wp-json\/wp\/v2\/media\/247723"}],"wp:attachment":[{"href":"https:\/\/www.lavras24horas.com.br\/portal\/wp-json\/wp\/v2\/media?parent=247722"}],"wp:term":[{"taxonomy":"category","embeddable":true,"href":"https:\/\/www.lavras24horas.com.br\/portal\/wp-json\/wp\/v2\/categories?post=247722"},{"taxonomy":"post_tag","embeddable":true,"href":"https:\/\/www.lavras24horas.com.br\/portal\/wp-json\/wp\/v2\/tags?post=247722"}],"curies":[{"name":"wp","href":"https:\/\/api.w.org\/{rel}","templated":true}]}}