{"id":247719,"date":"2019-08-20T07:00:07","date_gmt":"2019-08-20T10:00:07","guid":{"rendered":"https:\/\/www.lavras24horas.com.br\/portal\/?p=247719"},"modified":"2019-08-19T14:21:21","modified_gmt":"2019-08-19T17:21:21","slug":"reuniao-discutira-implantacao-do-instituto-historico-geografico-e-geologico-de-lavras","status":"publish","type":"post","link":"https:\/\/www.lavras24horas.com.br\/portal\/reuniao-discutira-implantacao-do-instituto-historico-geografico-e-geologico-de-lavras\/","title":{"rendered":"Reuni\u00e3o discutir\u00e1 implanta\u00e7\u00e3o do Instituto Hist\u00f3rico, Geogr\u00e1fico e Geol\u00f3gico de Lavras"},"content":{"rendered":"<p>&nbsp;<\/p>\n<p style=\"text-align: justify;\">Uma reuni\u00e3o com v\u00e1rias autoridades acontecer\u00e1 na tarde desta ter\u00e7a-feira, dia 20, na Casa da Cultura, \u00e0s 14h.<\/p>\n<p style=\"text-align: justify;\">A inten\u00e7\u00e3o \u00e9 discutir a funda\u00e7\u00e3o do Instituto Hist\u00f3rico, Geogr\u00e1fico e Geol\u00f3gico de Lavras. O evento \u00e9 aberto a toda comunidade lavrense.<\/p>\n<p>&nbsp;<\/p>\n<p>&nbsp;<\/p>\n","protected":false},"excerpt":{"rendered":"<p>&nbsp; Uma reuni\u00e3o com v\u00e1rias autoridades acontecer\u00e1 na tarde desta ter\u00e7a-feira, dia 20, na Casa da Cultura, \u00e0s 14h. A inten\u00e7\u00e3o \u00e9 discutir a funda\u00e7\u00e3o do Instituto Hist\u00f3rico, Geogr\u00e1fico e Geol\u00f3gico de Lavras. O evento \u00e9 aberto a toda comunidade lavrense. &nbsp; &nbsp;<\/p>\n","protected":false},"author":7,"featured_media":247720,"comment_status":"closed","ping_status":"closed","sticky":false,"template":"","format":"standard","meta":{"advanced_seo_description":"","jetpack_seo_html_title":"","jetpack_seo_noindex":false,"_jetpack_memberships_contains_paid_content":false,"footnotes":""},"categories":[13077,4],"tags":[467,466],"class_list":["post-247719","post","type-post","status-publish","format-standard","has-post-thumbnail","hentry","category-laterais-2","category-lavras","tag-automatico","tag-rascunho"],"jetpack_featured_media_url":"https:\/\/i0.wp.com\/www.lavras24horas.com.br\/portal\/wp-content\/uploads\/2019\/08\/CasadaCultura1-Copia.jpg?fit=500%2C346&ssl=1","jetpack_sharing_enabled":true,"jetpack_likes_enabled":true,"jetpack_shortlink":"https:\/\/wp.me\/p12djN-12rt","_links":{"self":[{"href":"https:\/\/www.lavras24horas.com.br\/portal\/wp-json\/wp\/v2\/posts\/247719","targetHints":{"allow":["GET"]}}],"collection":[{"href":"https:\/\/www.lavras24horas.com.br\/portal\/wp-json\/wp\/v2\/posts"}],"about":[{"href":"https:\/\/www.lavras24horas.com.br\/portal\/wp-json\/wp\/v2\/types\/post"}],"author":[{"embeddable":true,"href":"https:\/\/www.lavras24horas.com.br\/portal\/wp-json\/wp\/v2\/users\/7"}],"replies":[{"embeddable":true,"href":"https:\/\/www.lavras24horas.com.br\/portal\/wp-json\/wp\/v2\/comments?post=247719"}],"version-history":[{"count":1,"href":"https:\/\/www.lavras24horas.com.br\/portal\/wp-json\/wp\/v2\/posts\/247719\/revisions"}],"predecessor-version":[{"id":247721,"href":"https:\/\/www.lavras24horas.com.br\/portal\/wp-json\/wp\/v2\/posts\/247719\/revisions\/247721"}],"wp:featuredmedia":[{"embeddable":true,"href":"https:\/\/www.lavras24horas.com.br\/portal\/wp-json\/wp\/v2\/media\/247720"}],"wp:attachment":[{"href":"https:\/\/www.lavras24horas.com.br\/portal\/wp-json\/wp\/v2\/media?parent=247719"}],"wp:term":[{"taxonomy":"category","embeddable":true,"href":"https:\/\/www.lavras24horas.com.br\/portal\/wp-json\/wp\/v2\/categories?post=247719"},{"taxonomy":"post_tag","embeddable":true,"href":"https:\/\/www.lavras24horas.com.br\/portal\/wp-json\/wp\/v2\/tags?post=247719"}],"curies":[{"name":"wp","href":"https:\/\/api.w.org\/{rel}","templated":true}]}}