{"id":247715,"date":"2019-08-19T14:08:53","date_gmt":"2019-08-19T17:08:53","guid":{"rendered":"https:\/\/www.lavras24horas.com.br\/portal\/?p=247715"},"modified":"2019-08-19T14:08:53","modified_gmt":"2019-08-19T17:08:53","slug":"policiais-militares-participam-de-reuniao-da-oab-lavras","status":"publish","type":"post","link":"https:\/\/www.lavras24horas.com.br\/portal\/policiais-militares-participam-de-reuniao-da-oab-lavras\/","title":{"rendered":"Policiais Militares participam de reuni\u00e3o da OAB Lavras"},"content":{"rendered":"<p>&nbsp;<\/p>\n<p>&nbsp;<\/p>\n<p style=\"text-align: justify;\">Na noite da \u00faltima quinta-feira (15\/08), aconteceu na sede da Ordem dos Advogados do Brasil (OAB) subse\u00e7\u00e3o Lavras, um evento denominado &#8220;Somos todas Marias&#8221;, organizado pela Comiss\u00e3o da Mulher Advogada, em comemora\u00e7\u00e3o aos 13 anos da Lei Maria da Penha.<\/p>\n<p style=\"text-align: justify;\">Representantes de v\u00e1rios \u00f3rg\u00e3os e entidades de refer\u00eancia na sociedade lavrense participaram da reuni\u00e3o, incluindo os policiais militares da Patrulha de Preven\u00e7\u00e3o a Vio<span class=\"text_exposed_show\">l\u00eancia dom\u00e9stica (PPVD), Sargento Sandro e Cabo Beth\u00e2nia, que na oportunidade esclareceram o trabalho desenvolvido pela patrulha na quebra do ciclo de viol\u00eancia vivenciado por algumas mulheres.<\/span><\/p>\n<div class=\"text_exposed_show\">\n<p style=\"text-align: justify;\">&#8220;Toda mobiliza\u00e7\u00e3o social acerca deste tema \u00e9 relevante, pois permite a sociedade abrir espa\u00e7os para discuss\u00f5es de fatos isolados, mas que de certa forma afetam toda a coletividade.&#8221; Informou o Sargento Sandro.<\/p>\n<p style=\"text-align: justify;\">ACO\/8\u00baBPM<\/p>\n<\/div>\n","protected":false},"excerpt":{"rendered":"<p>&nbsp; &nbsp; Na noite da \u00faltima quinta-feira (15\/08), aconteceu na sede da Ordem dos Advogados do Brasil (OAB) subse\u00e7\u00e3o Lavras, um evento denominado &#8220;Somos todas Marias&#8221;, organizado pela Comiss\u00e3o da Mulher Advogada, em comemora\u00e7\u00e3o aos 13 anos da Lei Maria da Penha. Representantes de v\u00e1rios \u00f3rg\u00e3os e entidades de refer\u00eancia na sociedade lavrense participaram da [&hellip;]<\/p>\n","protected":false},"author":7,"featured_media":247716,"comment_status":"closed","ping_status":"closed","sticky":false,"template":"","format":"standard","meta":{"advanced_seo_description":"","jetpack_seo_html_title":"","jetpack_seo_noindex":false,"_jetpack_memberships_contains_paid_content":false,"footnotes":""},"categories":[13,4],"tags":[467,466],"class_list":["post-247715","post","type-post","status-publish","format-standard","has-post-thumbnail","hentry","category-laterais-1","category-lavras","tag-automatico","tag-rascunho"],"jetpack_featured_media_url":"https:\/\/i0.wp.com\/www.lavras24horas.com.br\/portal\/wp-content\/uploads\/2019\/08\/68294568_1151314095071101_4502940972660817920_o.jpg?fit=500%2C295&ssl=1","jetpack_sharing_enabled":true,"jetpack_likes_enabled":true,"jetpack_shortlink":"https:\/\/wp.me\/p12djN-12rp","_links":{"self":[{"href":"https:\/\/www.lavras24horas.com.br\/portal\/wp-json\/wp\/v2\/posts\/247715","targetHints":{"allow":["GET"]}}],"collection":[{"href":"https:\/\/www.lavras24horas.com.br\/portal\/wp-json\/wp\/v2\/posts"}],"about":[{"href":"https:\/\/www.lavras24horas.com.br\/portal\/wp-json\/wp\/v2\/types\/post"}],"author":[{"embeddable":true,"href":"https:\/\/www.lavras24horas.com.br\/portal\/wp-json\/wp\/v2\/users\/7"}],"replies":[{"embeddable":true,"href":"https:\/\/www.lavras24horas.com.br\/portal\/wp-json\/wp\/v2\/comments?post=247715"}],"version-history":[{"count":2,"href":"https:\/\/www.lavras24horas.com.br\/portal\/wp-json\/wp\/v2\/posts\/247715\/revisions"}],"predecessor-version":[{"id":247718,"href":"https:\/\/www.lavras24horas.com.br\/portal\/wp-json\/wp\/v2\/posts\/247715\/revisions\/247718"}],"wp:featuredmedia":[{"embeddable":true,"href":"https:\/\/www.lavras24horas.com.br\/portal\/wp-json\/wp\/v2\/media\/247716"}],"wp:attachment":[{"href":"https:\/\/www.lavras24horas.com.br\/portal\/wp-json\/wp\/v2\/media?parent=247715"}],"wp:term":[{"taxonomy":"category","embeddable":true,"href":"https:\/\/www.lavras24horas.com.br\/portal\/wp-json\/wp\/v2\/categories?post=247715"},{"taxonomy":"post_tag","embeddable":true,"href":"https:\/\/www.lavras24horas.com.br\/portal\/wp-json\/wp\/v2\/tags?post=247715"}],"curies":[{"name":"wp","href":"https:\/\/api.w.org\/{rel}","templated":true}]}}