{"id":247712,"date":"2019-08-19T14:03:03","date_gmt":"2019-08-19T17:03:03","guid":{"rendered":"https:\/\/www.lavras24horas.com.br\/portal\/?p=247712"},"modified":"2019-08-19T14:03:03","modified_gmt":"2019-08-19T17:03:03","slug":"caminhoneiros-ameacam-greve-em-minas","status":"publish","type":"post","link":"https:\/\/www.lavras24horas.com.br\/portal\/caminhoneiros-ameacam-greve-em-minas\/","title":{"rendered":"Caminhoneiros amea\u00e7am greve em Minas"},"content":{"rendered":"<p>&nbsp;<\/p>\n<p>&nbsp;<\/p>\n<p style=\"text-align: justify;\">Os transportadores de combust\u00edveis e derivados de petr\u00f3leo de Minas Gerais podem parar a qualquer momento, gerando desabastecimento de postos e aeroportos em todo o pa\u00eds. O sindicato da categoria (Sinditaque-MG) anunciou estado de greve \u00e0 partir desse domingo (18).<\/p>\n<p style=\"text-align: justify;\">Segundo o presidente da entidade, Irani Gomes, a principal reinvindica\u00e7\u00e3o do movimento \u00e9 o reajuste na tabela do frete, regida pela Pol\u00edtica Nacional de Pisos M\u00ednimos do Transporte Rodovi\u00e1rio de Cargas, institu\u00edda em agosto de 2018 pela Lei N\u00ba 13.703. &#8220;Essa resolu\u00e7\u00e3o, que foi aprovada a toque de caixa como rea\u00e7\u00e3o \u00e0 greve dos caminhoneiros aut\u00f4nomos do ano passado, prejudicou muito as transportadoras, pois gerou uma defasagem de mais de 20% na remunera\u00e7\u00e3o das empresas. O transporte de carga perigosa, atualmente, est\u00e1 mais barato que o da carga comum. O que n\u00f3s queremos \u00e9 que a legisla\u00e7\u00e3o seja alterada, de modo a construir uma planilha de remunera\u00e7\u00e3o mais justa, pois estamos pagando para trabalhar&#8221;, esclarece Irani.<\/p>\n<p style=\"text-align: justify;\">De acordo com o presidente do Sinditaque, a expectativa \u00e9 de que a Ag\u00eancia Nacional de Transportes Terrestres (ANTT) marque uma reuni\u00e3o com a categoria ainda nesta segunda-feira (19). Caso contr\u00e1rio, cerca de mil transportadores sindicalizados podem paralisar suas atividades.<\/p>\n<p style=\"text-align: justify;\">O Sindicato das Empresas Transportadoras de Combust\u00edveis e Derivados de Petr\u00f3leo do Estado de Minas Gerais (Sinditaque-MG) \u00e9 o segundo maior do pa\u00eds. Respons\u00e1veis por pelo abastecimento integral do aeroporto de Confins, os transportadores mineiros atendem ainda a 30% das necessidades do aeroporto de Bras\u00edlia.<\/p>\n<p style=\"text-align: justify;\"><strong>Caos em 2018<\/strong><\/p>\n<p style=\"text-align: justify;\">Com dura\u00e7\u00e3o de um m\u00eas, a greve deflagrada em maio de 2018 &#8211; desta vez, pelos caminhoneiros aut\u00f4nomos -, alterou de forma significativa a rotina dos brasileiros e trouxe impactos \u00e0 Economia, tais como: falta de combust\u00edvel nas bombas (e consequente subida dos pre\u00e7os), alta nos pre\u00e7os dos alimentos, cancelamento de voos e eventos, paralisa\u00e7\u00e3o do transporte p\u00fablico e at\u00e9 do expediente escolar, devido \u00e0 aus\u00eancia de merenda.<\/p>\n<p style=\"text-align: justify;\">O movimento reivindicava, na \u00e9poca, a tabela do frete m\u00ednimo, al\u00e9m da corre\u00e7\u00e3o nos pre\u00e7os do diesel.<\/p>\n<p style=\"text-align: justify;\"><strong>Fonte: Cec\u00edlia Emiliana\/Portal Uai\u00a0\u00a0<\/strong><\/p>\n","protected":false},"excerpt":{"rendered":"<p>&nbsp; &nbsp; Os transportadores de combust\u00edveis e derivados de petr\u00f3leo de Minas Gerais podem parar a qualquer momento, gerando desabastecimento de postos e aeroportos em todo o pa\u00eds. O sindicato da categoria (Sinditaque-MG) anunciou estado de greve \u00e0 partir desse domingo (18). Segundo o presidente da entidade, Irani Gomes, a principal reinvindica\u00e7\u00e3o do movimento \u00e9 [&hellip;]<\/p>\n","protected":false},"author":7,"featured_media":247713,"comment_status":"closed","ping_status":"closed","sticky":false,"template":"","format":"standard","meta":{"advanced_seo_description":"","jetpack_seo_html_title":"","jetpack_seo_noindex":false,"_jetpack_memberships_contains_paid_content":false,"footnotes":""},"categories":[12],"tags":[467,466],"class_list":["post-247712","post","type-post","status-publish","format-standard","has-post-thumbnail","hentry","category-destaques-1","tag-automatico","tag-rascunho"],"jetpack_featured_media_url":"https:\/\/i0.wp.com\/www.lavras24horas.com.br\/portal\/wp-content\/uploads\/2019\/08\/20190819092356623544i.jpg?fit=500%2C332&ssl=1","jetpack_sharing_enabled":true,"jetpack_likes_enabled":true,"jetpack_shortlink":"https:\/\/wp.me\/p12djN-12rm","_links":{"self":[{"href":"https:\/\/www.lavras24horas.com.br\/portal\/wp-json\/wp\/v2\/posts\/247712","targetHints":{"allow":["GET"]}}],"collection":[{"href":"https:\/\/www.lavras24horas.com.br\/portal\/wp-json\/wp\/v2\/posts"}],"about":[{"href":"https:\/\/www.lavras24horas.com.br\/portal\/wp-json\/wp\/v2\/types\/post"}],"author":[{"embeddable":true,"href":"https:\/\/www.lavras24horas.com.br\/portal\/wp-json\/wp\/v2\/users\/7"}],"replies":[{"embeddable":true,"href":"https:\/\/www.lavras24horas.com.br\/portal\/wp-json\/wp\/v2\/comments?post=247712"}],"version-history":[{"count":1,"href":"https:\/\/www.lavras24horas.com.br\/portal\/wp-json\/wp\/v2\/posts\/247712\/revisions"}],"predecessor-version":[{"id":247714,"href":"https:\/\/www.lavras24horas.com.br\/portal\/wp-json\/wp\/v2\/posts\/247712\/revisions\/247714"}],"wp:featuredmedia":[{"embeddable":true,"href":"https:\/\/www.lavras24horas.com.br\/portal\/wp-json\/wp\/v2\/media\/247713"}],"wp:attachment":[{"href":"https:\/\/www.lavras24horas.com.br\/portal\/wp-json\/wp\/v2\/media?parent=247712"}],"wp:term":[{"taxonomy":"category","embeddable":true,"href":"https:\/\/www.lavras24horas.com.br\/portal\/wp-json\/wp\/v2\/categories?post=247712"},{"taxonomy":"post_tag","embeddable":true,"href":"https:\/\/www.lavras24horas.com.br\/portal\/wp-json\/wp\/v2\/tags?post=247712"}],"curies":[{"name":"wp","href":"https:\/\/api.w.org\/{rel}","templated":true}]}}