{"id":247705,"date":"2019-08-19T12:49:38","date_gmt":"2019-08-19T15:49:38","guid":{"rendered":"https:\/\/www.lavras24horas.com.br\/portal\/?p=247705"},"modified":"2019-08-19T12:49:38","modified_gmt":"2019-08-19T15:49:38","slug":"informativo-da-reuniao-ordinaria-da-camara-municipal-19-08-19","status":"publish","type":"post","link":"https:\/\/www.lavras24horas.com.br\/portal\/informativo-da-reuniao-ordinaria-da-camara-municipal-19-08-19\/","title":{"rendered":"Informativo da Reuni\u00e3o Ordin\u00e1ria da C\u00e2mara Municipal &#8211; 19\/08\/19"},"content":{"rendered":"<p>&nbsp;<\/p>\n<p style=\"text-align: center;\"><strong>C\u00e2mara Municipal de Lavras<\/strong><\/p>\n<p style=\"text-align: center;\"><strong>Av. Pedro Sales, 542 &#8211; Centro &#8211; Lavras\/MG<\/strong><\/p>\n<p style=\"text-align: center;\"><strong>Telefone: (35) 3821-6140<\/strong><\/p>\n<p style=\"text-align: center;\">\u00a0\u00a0\u00a0\u00a0\u00a0\u00a0\u00a0\u00a0\u00a0\u00a0\u00a0\u00a0\u00a0\u00a0\u00a0\u00a0 \u00a0\u00a0<strong>MESA DIRETORA:\u00a0\u00a0Presidente:\u00a0 Evandro Oliveira Miranda \u2013 PHSVice-Presidente: Ant\u00f4nio Claret dos Santos &#8211; PSD1\u00ba Secret\u00e1rio: Cristiane Costa &#8211; PSD2\u00ba Secret\u00e1rio: Ubirajara Cassiano Rocha \u2013 PSC1\u00ba Tesoureiro: Matusal\u00e9m da Silva Machado \u2013 PSL2\u00ba Tesoureiro: Elias Freire Filho (Lila) &#8211; MDB\u00a0\u00a0 \u00a0\u00a0\u00a0Ailton Magalh\u00e3es Filho &#8211; PSDBAlessandro Furtado Silva \u2013 PSDAnt\u00f4nio Carlos Nogueira &#8211; PSDBAnt\u00f4nio Marcos Possato \u2013 PSDCCarlos Lindomar de Sousa &#8211; PSLDaiana Garcia \u2013 PHSEnnio Mendes de Siqueira \u2013 MDBJo\u00e3o Paulo Felizardo \u2013 PSBNastenka Georgina Ferreira &#8211; PSCPeterson Rodrigo da Silva Borges \u2013 PRBSebasti\u00e3o dos Santos Vieira \u2013 PTC<\/strong><\/p>\n<p><strong><em><br \/>\n24\u00aa Reuni\u00e3o Ordin\u00e1ria da Sess\u00e3o Legislativa do ano de 2019\u00a0\u00a0\u00a0\u00a0 \u00a0\u2013 \u00a0\u00a0\u00a0\u00a0\u00a019\/08\/2019<\/em><\/strong><\/p>\n<p>&nbsp;<\/p>\n<p><strong>ATAS AGUARDANDO VOTA\u00c7\u00c3O<\/strong><\/p>\n<p>&nbsp;<\/p>\n<p>&#8211; Ata da vig\u00e9sima segunda reuni\u00e3o ordin\u00e1ria da C\u00e2mara Municipal de Lavras, da Sess\u00e3o Legislativa do ano de 2019 \u2013 05\/08\/2019.<\/p>\n<p>(Vista Vereador Ant\u00f4nio Marcos Possato)<\/p>\n<p>&nbsp;<\/p>\n<p>&#8211; Ata da vig\u00e9sima terceira reuni\u00e3o ordin\u00e1ria da C\u00e2mara Municipal de Lavras, da Sess\u00e3o Legislativa do ano de 2019 \u2013 12\/08\/2019.<\/p>\n<p>&nbsp;<\/p>\n<p><strong>REQUERIMENTOS QUE DERAM ENTRADA<\/strong><\/p>\n<p>&nbsp;<\/p>\n<p><strong>Vereadora Nastenka Georgina Ferreira<\/strong><\/p>\n<p>&nbsp;<\/p>\n<p>01 &#8211; Of\u00edcio ao Chefe do Executivo solicitando informa\u00e7\u00f5es sobre a Lei 4.018 de 12 de novembro de 2013.<\/p>\n<p>&nbsp;<\/p>\n<p><strong>Vereador Marcos Possato<\/strong><\/p>\n<p>&nbsp;<\/p>\n<p>01 &#8211; Of\u00edcio ao Chefe do Executivo solicitando revitaliza\u00e7\u00e3o e ilumina\u00e7\u00e3o da Pra\u00e7a do bairro Caminho das \u00c1guas II.<\/p>\n<p>02 &#8211; Of\u00edcio ao Chefe do Executivo solicitando revitaliza\u00e7\u00e3o da Pra\u00e7a do bairro Alta Villa, na Rua Geraldina Teodoro Possato.<\/p>\n<p>03 &#8211; Of\u00edcio ao Chefe do Executivo e \u00e0 Secret\u00e1ria de Sa\u00fade solicitando atendimento priorit\u00e1rio para os alunos de nosso munic\u00edpio, quando detectada a necessidade de exame oftalmol\u00f3gico \u201cacuidade visual\u201d.<\/p>\n<p>&nbsp;<\/p>\n<p><strong>Vereador Sebasti\u00e3o dos Santos Vieira<\/strong><\/p>\n<p>&nbsp;<\/p>\n<p>01 &#8211; Of\u00edcio ao Chefe do Executivo solicitando que determine ao setor competente realiza\u00e7\u00e3o de opera\u00e7\u00e3o tapa buracos no bairro Jardim Magn\u00f3lia.<\/p>\n<p>&nbsp;<\/p>\n<p><strong>Vereador Carlos Lindomar de Sousa<\/strong><\/p>\n<p>&nbsp;<\/p>\n<p>01 &#8211; Of\u00edcio ao Chefe do Executivo requerendo que seja disponibilizado transporte para o Coral Nissi, para que possam participar do FIC \u2013 Festival Internacional dos Corais.<\/p>\n<p>02 \u2013 Of\u00edcio ao Chefe do Executivo requerendo que seja procedida a identifica\u00e7\u00e3o das ruas do Bairro Alta Vila.<\/p>\n<p>&nbsp;<\/p>\n<p style=\"text-align: justify;\"><strong>MO\u00c7\u00d5ES<\/strong><\/p>\n<p style=\"text-align: justify;\">\n<p style=\"text-align: justify;\"><strong>Vereador Sebasti\u00e3o dos Santos Vieira<\/strong><\/p>\n<p style=\"text-align: justify;\">01 \u2013 Mo\u00e7\u00e3o de Cumprimentos ao casal Dr. Dirceu e Romara.<\/p>\n<p style=\"text-align: justify;\">02 \u2013 Mo\u00e7\u00e3o de Pesar aos familiares do Sr. L\u00e1zaro Bolkol de Oliveira.<\/p>\n<p style=\"text-align: justify;\">\n<p style=\"text-align: justify;\">PROJETOS AGUARDANDO PARECER DAS COMISS\u00d5ES<\/p>\n<p style=\"text-align: justify;\"><strong>\u00a0<\/strong><\/p>\n<p style=\"text-align: justify;\">01- Projeto de Resolu\u00e7\u00e3o n\u00ba 002\/2019 (Mesa Diretora da C\u00e2mara Municipal de Lavras) que \u201c<strong>Disp\u00f5e sobre o Centro de Apoio ao Cidad\u00e3o, da C\u00e2mara Municipal de Lavras \u2013 MG, regulamenta o seu funcionamento e d\u00e1 outras provid\u00eancias\u201d.<\/strong><\/p>\n<p style=\"text-align: justify;\"><strong>\u00a0<\/strong><\/p>\n<p style=\"text-align: justify;\">02- Projeto de Lei do Legislativo n\u00ba 054\/2019 (Vereadores Coronel Claret e Cristiane Costa) que \u201c<strong>Disp\u00f5e sobre a proibi\u00e7\u00e3o da distribui\u00e7\u00e3o ou venda de sacolas pl\u00e1sticas e disciplina a distribui\u00e7\u00e3o e venda de sacolas biodegrad\u00e1veis ou biocompost\u00e1veis a consumidores, em todos os estabelecimentos comerciais em Lavras, e d\u00e1 outras provid\u00eancias\u201d.<\/strong><\/p>\n<p style=\"text-align: justify;\"><strong>\u00a0<\/strong><\/p>\n<p style=\"text-align: justify;\"><strong>PROJETOS AGUARDANDO INFORMA\u00c7\u00d5ES DO EXECUTIVO<\/strong><\/p>\n<p style=\"text-align: justify;\"><strong>\u00a0<\/strong><\/p>\n<p style=\"text-align: justify;\">01- Projeto de Lei n\u00ba 020\/2019 (Chefe do Executivo) que \u201c<strong>Disp\u00f5e sobre as diretrizes do Munic\u00edpio de Lavras para elabora\u00e7\u00e3o da Lei Or\u00e7ament\u00e1ria de 2020 e d\u00e1 outras provid\u00eancias\u201d.<\/strong><\/p>\n<p style=\"text-align: justify;\"><strong>\u00a0<\/strong><\/p>\n<p style=\"text-align: justify;\">02- Projeto de Lei do Legislativo n\u00ba 048\/2019 (Vereadores Marcos Possato e Alessandro Furtado Silva) que \u201c<strong>Denomina de Rua Dr. Nelson Alvarenga Figueiredo, logradouro p\u00fablico que menciona\u201d.<\/strong><\/p>\n<p style=\"text-align: justify;\"><strong>\u00a0<\/strong><\/p>\n<p style=\"text-align: justify;\">03- Projeto de Lei do Legislativo n\u00ba 049\/2019 (Vereadores Marcos Possato e Alessandro Furtado Silva) que \u201c<strong>Denomina de Rua Gabriel de Siqueira Lopes, logradouro p\u00fablico que menciona\u201d.<\/strong><\/p>\n<p style=\"text-align: justify;\"><strong>\u00a0<\/strong><\/p>\n<p style=\"text-align: justify;\">04- Projeto de Lei do Legislativo n\u00ba 051\/2019 (Vereador Alessandro Furtado Silva) que \u201c<strong>Denomina de Rua Vit\u00f3rio Mascarenhas, logradouro p\u00fablico que menciona\u201d.<\/strong><\/p>\n<p style=\"text-align: justify;\"><strong>\u00a0<\/strong><\/p>\n<p style=\"text-align: justify;\"><strong>PROJETO EM <\/strong><strong>2<\/strong><strong>\u00aa VOTA\u00c7\u00c3O<\/strong><strong> E REDA\u00c7\u00c3O FINAL<\/strong><\/p>\n<p style=\"text-align: justify;\"><strong>\u00a0<\/strong><\/p>\n<p style=\"text-align: justify;\">01- Projeto de Lei Complementar (Substitutivo) n\u00ba 007\/2019 (Chefe do Executivo) que \u201c<strong>Altera o Par\u00e1grafo Primeiro do Artigo 90 da Lei Complementar n\u00ba 167, de 29 de junho de 2009, que disp\u00f5e sobre o C\u00f3digo de Posturas do Munic\u00edpio de Lavras e d\u00e1 outras provid\u00eancias\u201d. <\/strong>(Emenda Vereadora Nastenka Georgina Ferreira)<\/p>\n<p style=\"text-align: justify;\"><strong>\u00a0<\/strong><\/p>\n<p style=\"text-align: justify;\"><strong>PROJETO EM 1\u00aa DISCUSS\u00c3O E VOTA\u00c7\u00c3O<\/strong><\/p>\n<p style=\"text-align: justify;\">\n<p style=\"text-align: justify;\">01- Projeto de Lei n\u00ba 017\/2019 (Chefe do Executivo)<strong> que \u201cAutoriza o Poder Executivo a contratar opera\u00e7\u00e3o de cr\u00e9dito junto \u00e0 Caixa Econ\u00f4mica Federal \u2013 CEF, no \u00e2mbito do Programa FINISA \u2013 destinado a aplica\u00e7\u00e3o em despesa de capital, a oferecer garantias e d\u00e1 outras provid\u00eancias\u201d.<\/strong> (Emenda Vereador Carlos Lindomar de Sousa)<\/p>\n<p style=\"text-align: justify;\">&#8211; Vista Vereador Carlos Lindomar de Sousa<\/p>\n<p style=\"text-align: justify;\">&#8211; Vista Vereadora Nastenka Georgina Ferreira<\/p>\n<p style=\"text-align: justify;\"><strong>\u00a0<\/strong><\/p>\n<p style=\"text-align: justify;\">02- Projeto de Lei do Legislativo n\u00ba 040\/2019 (Vereadores Carlos Lindomar de Sousa e Coronel Claret) que \u201c<strong>Disp\u00f5e sobre a institui\u00e7\u00e3o do Programa de Integridade nas empresas que contratarem com a Administra\u00e7\u00e3o P\u00fablica do Munic\u00edpio de Lavras e d\u00e1 outras provid\u00eancias\u201d.<\/strong><\/p>\n<p style=\"text-align: justify;\"><strong>\u00a0<\/strong><\/p>\n<p style=\"text-align: justify;\">03- Projeto de Lei n\u00ba 016\/2019 (Chefe do Executivo) que \u201c<strong>Revoga a Lei n\u00ba 4.018, de 12 de novembro de 2013, que autoriza o Poder Executivo a receber em pagamento de cr\u00e9ditos tribut\u00e1rios, servi\u00e7os, obras de infraestrutura ou loca\u00e7\u00e3o de bens, celebrar transa\u00e7\u00f5es com pessoas f\u00edsicas ou jur\u00eddicas, inadimplentes com a Municipalidade, e d\u00e1 outras provid\u00eancias\u201d. <\/strong><\/p>\n<p style=\"text-align: justify;\">&#8211; Vista Vereadora Nastenka Georgina Ferreira<\/p>\n<p style=\"text-align: justify;\">\n<p style=\"text-align: justify;\">04- Projeto de Lei n\u00ba 019\/2019 (Chefe do Executivo) que \u201c<strong>Altera a Lei n\u00ba 3.938\/2013, que disp\u00f5e sobre o Sistema Municipal de Cultura de Lavras, seus princ\u00edpios, objetivos, estruturas, organiza\u00e7\u00e3o, gest\u00e3o, inter-rela\u00e7\u00f5es entre os seus componentes, recursos humanos, financiamento e d\u00e1 outras provid\u00eancias\u201d.<\/strong><\/p>\n<p style=\"text-align: justify;\">&#8211; Vista Vereador Elias Freire Filho<\/p>\n<p style=\"text-align: justify;\">\n<p style=\"text-align: justify;\">05 <strong>&#8211; <\/strong>Projeto de Lei n\u00ba 003\/2019 (Chefe do Executivo) que<strong> \u201cDisp\u00f5e sobre a proibi\u00e7\u00e3o da distribui\u00e7\u00e3o de folhetos, panfletos ou qualquer outro tipo de material impresso veiculador de mensagens publicit\u00e1rias na forma e nos locais que menciona e d\u00e1 outras provid\u00eancias.\u201d <\/strong>(Protocolado em 30\/01\/2019) (Emendas dos Vereadores Carlos Lindomar de Sousa, Ubirajara Cassiano Rocha e Ant\u00f4nio Claret dos Santos)<\/p>\n<p style=\"text-align: justify;\">&#8211; Vista Vereador Ubirajara Cassiano Rocha<\/p>\n<p style=\"text-align: justify;\">&#8211; Vista Vereador Alessandro Furtado Silva<\/p>\n<p style=\"text-align: justify;\">&#8211; Vista Vereador Ant\u00f4nio Claret dos Santos<\/p>\n<p style=\"text-align: justify;\">&#8211; Vista Vereador Jo\u00e3o Paulo Felizardo<\/p>\n<p>&nbsp;<\/p>\n<p style=\"text-align: justify;\"><strong>AGENDAMENTOS PARA USO DA TRIBUNA LIVRE<\/strong><\/p>\n<ul>\n<li style=\"text-align: justify;\">19\/08\/2019 \u2013 Secret\u00e1ria Municipal de Educa\u00e7\u00e3o, Sra. Cl\u00e1udia das Neves Vieira Lopes Carvalho &#8211; esclarecimentos \u00e0 sociedade sobre a rede de ensino p\u00fablico municipal.<\/li>\n<\/ul>\n","protected":false},"excerpt":{"rendered":"<p>&nbsp; C\u00e2mara Municipal de Lavras Av. Pedro Sales, 542 &#8211; Centro &#8211; Lavras\/MG Telefone: (35) 3821-6140 \u00a0\u00a0\u00a0\u00a0\u00a0\u00a0\u00a0\u00a0\u00a0\u00a0\u00a0\u00a0\u00a0\u00a0\u00a0\u00a0 \u00a0\u00a0MESA DIRETORA:\u00a0\u00a0Presidente:\u00a0 Evandro Oliveira Miranda \u2013 PHSVice-Presidente: Ant\u00f4nio Claret dos Santos &#8211; PSD1\u00ba Secret\u00e1rio: Cristiane Costa &#8211; PSD2\u00ba Secret\u00e1rio: Ubirajara Cassiano Rocha \u2013 PSC1\u00ba Tesoureiro: Matusal\u00e9m da Silva Machado \u2013 PSL2\u00ba Tesoureiro: Elias Freire Filho (Lila) &#8211; MDB\u00a0\u00a0 [&hellip;]<\/p>\n","protected":false},"author":7,"featured_media":247706,"comment_status":"closed","ping_status":"closed","sticky":false,"template":"","format":"standard","meta":{"advanced_seo_description":"","jetpack_seo_html_title":"","jetpack_seo_noindex":false,"_jetpack_memberships_contains_paid_content":false,"footnotes":""},"categories":[14,4],"tags":[467,466],"class_list":["post-247705","post","type-post","status-publish","format-standard","has-post-thumbnail","hentry","category-destaques-2","category-lavras","tag-automatico","tag-rascunho"],"jetpack_featured_media_url":"https:\/\/i0.wp.com\/www.lavras24horas.com.br\/portal\/wp-content\/uploads\/2019\/08\/fachada-camara-2.jpg?fit=500%2C281&ssl=1","jetpack_sharing_enabled":true,"jetpack_likes_enabled":true,"jetpack_shortlink":"https:\/\/wp.me\/p12djN-12rf","_links":{"self":[{"href":"https:\/\/www.lavras24horas.com.br\/portal\/wp-json\/wp\/v2\/posts\/247705","targetHints":{"allow":["GET"]}}],"collection":[{"href":"https:\/\/www.lavras24horas.com.br\/portal\/wp-json\/wp\/v2\/posts"}],"about":[{"href":"https:\/\/www.lavras24horas.com.br\/portal\/wp-json\/wp\/v2\/types\/post"}],"author":[{"embeddable":true,"href":"https:\/\/www.lavras24horas.com.br\/portal\/wp-json\/wp\/v2\/users\/7"}],"replies":[{"embeddable":true,"href":"https:\/\/www.lavras24horas.com.br\/portal\/wp-json\/wp\/v2\/comments?post=247705"}],"version-history":[{"count":1,"href":"https:\/\/www.lavras24horas.com.br\/portal\/wp-json\/wp\/v2\/posts\/247705\/revisions"}],"predecessor-version":[{"id":247707,"href":"https:\/\/www.lavras24horas.com.br\/portal\/wp-json\/wp\/v2\/posts\/247705\/revisions\/247707"}],"wp:featuredmedia":[{"embeddable":true,"href":"https:\/\/www.lavras24horas.com.br\/portal\/wp-json\/wp\/v2\/media\/247706"}],"wp:attachment":[{"href":"https:\/\/www.lavras24horas.com.br\/portal\/wp-json\/wp\/v2\/media?parent=247705"}],"wp:term":[{"taxonomy":"category","embeddable":true,"href":"https:\/\/www.lavras24horas.com.br\/portal\/wp-json\/wp\/v2\/categories?post=247705"},{"taxonomy":"post_tag","embeddable":true,"href":"https:\/\/www.lavras24horas.com.br\/portal\/wp-json\/wp\/v2\/tags?post=247705"}],"curies":[{"name":"wp","href":"https:\/\/api.w.org\/{rel}","templated":true}]}}