{"id":247691,"date":"2019-08-19T07:00:28","date_gmt":"2019-08-19T10:00:28","guid":{"rendered":"https:\/\/www.lavras24horas.com.br\/portal\/?p=247691"},"modified":"2019-08-18T13:19:38","modified_gmt":"2019-08-18T16:19:38","slug":"docentes-da-ufla-rejeitam-o-programa-future-se-durante-assembleia","status":"publish","type":"post","link":"https:\/\/www.lavras24horas.com.br\/portal\/docentes-da-ufla-rejeitam-o-programa-future-se-durante-assembleia\/","title":{"rendered":"Docentes da UFLA rejeitam o programa Future-se durante assembleia"},"content":{"rendered":"<p>&nbsp;<\/p>\n<p>&nbsp;<\/p>\n<p style=\"text-align: justify;\">A plen\u00e1ria da Assembleia Geral Extraordin\u00e1ria da ADUFLA, realizada na tarde da \u00faltima ter\u00e7a-feira, dia 13,\u00a0 para debater o programa Future-se, deliberou por unanimidade pela rejei\u00e7\u00e3o ao Programa Future-se e tamb\u00e9m pela amplia\u00e7\u00e3o do debate atrav\u00e9s de uma comiss\u00e3o independente de docentes constitu\u00edda para discutir a quest\u00e3o.<\/p>\n<p style=\"text-align: justify;\">A proposta da comiss\u00e3o \u00e9 realizar um estudo detalhado dos pontos do programa que j\u00e1 se mostraram contr\u00e1rios aos princ\u00edpios de uma Universidade P\u00fablica, Gratuita e de Qualidade, erguida sob os pilares fundamentais do Ensino, Pesquisa e Extens\u00e3o, e ainda, que conferem um car\u00e1ter mercantilista que fere a autonomia universit\u00e1ria e coloca em risco tanto a carreira docente quanto os investimentos p\u00fablicos nas Institui\u00e7\u00f5es Federas de Ensino.<\/p>\n<p style=\"text-align: justify;\">Outro ponto aprovado pelos docentes na assembleia foi a retirada da Se\u00e7\u00e3o Sindical, enquanto entidade, do Grupo de Trabalho convocado pela dire\u00e7\u00e3o da UFLA para analisar a minuta apresentada pelo MEC, endossando decis\u00e3o dos pr\u00f3prios representantes da ADUFLA, SindUFLA DCE e APG, que, de forma conjunta, se retiraram da GT ap\u00f3s a mal estar surgido diante da visita \u201csurpresa\u201d do idealizador do projeto do Governo, o Secret\u00e1rio da Educa\u00e7\u00e3o Superior, Arnaldo Barbosa de Lima J\u00fanior, \u00e0 universidade.<\/p>\n<p style=\"text-align: justify;\">Os representantes das entidades de classe da UFLA questionaram a n\u00e3o divulga\u00e7\u00e3o da agenda da visita oficial do secret\u00e1rio do SESU, como tamb\u00e9m criticaram a falta do convite formal para participa\u00e7\u00e3o dos membros do GT no evento de apresenta\u00e7\u00e3o do programa, que seria realizado na sala dos conselhos, fato que s\u00f3 se tornou p\u00fablico ap\u00f3s a not\u00edcia \u201cvazar\u201d nas listas de email dos docentes. A postura da reitoria foi entendida como total desrespeito \u00e0s entidades e \u00e0 pr\u00f3pria comunidade acad\u00eamica justamente no momento em que se discute um programa de tamanha relev\u00e2ncia para o futuro da universidade.<\/p>\n","protected":false},"excerpt":{"rendered":"<p>&nbsp; &nbsp; A plen\u00e1ria da Assembleia Geral Extraordin\u00e1ria da ADUFLA, realizada na tarde da \u00faltima ter\u00e7a-feira, dia 13,\u00a0 para debater o programa Future-se, deliberou por unanimidade pela rejei\u00e7\u00e3o ao Programa Future-se e tamb\u00e9m pela amplia\u00e7\u00e3o do debate atrav\u00e9s de uma comiss\u00e3o independente de docentes constitu\u00edda para discutir a quest\u00e3o. A proposta da comiss\u00e3o \u00e9 realizar [&hellip;]<\/p>\n","protected":false},"author":7,"featured_media":247692,"comment_status":"closed","ping_status":"closed","sticky":false,"template":"","format":"standard","meta":{"advanced_seo_description":"","jetpack_seo_html_title":"","jetpack_seo_noindex":false,"_jetpack_memberships_contains_paid_content":false,"footnotes":""},"categories":[12,4],"tags":[467,466],"class_list":["post-247691","post","type-post","status-publish","format-standard","has-post-thumbnail","hentry","category-destaques-1","category-lavras","tag-automatico","tag-rascunho"],"jetpack_featured_media_url":"https:\/\/i0.wp.com\/www.lavras24horas.com.br\/portal\/wp-content\/uploads\/2019\/08\/DSC_0326.jpg?fit=500%2C316&ssl=1","jetpack_sharing_enabled":true,"jetpack_likes_enabled":true,"jetpack_shortlink":"https:\/\/wp.me\/p12djN-12r1","_links":{"self":[{"href":"https:\/\/www.lavras24horas.com.br\/portal\/wp-json\/wp\/v2\/posts\/247691","targetHints":{"allow":["GET"]}}],"collection":[{"href":"https:\/\/www.lavras24horas.com.br\/portal\/wp-json\/wp\/v2\/posts"}],"about":[{"href":"https:\/\/www.lavras24horas.com.br\/portal\/wp-json\/wp\/v2\/types\/post"}],"author":[{"embeddable":true,"href":"https:\/\/www.lavras24horas.com.br\/portal\/wp-json\/wp\/v2\/users\/7"}],"replies":[{"embeddable":true,"href":"https:\/\/www.lavras24horas.com.br\/portal\/wp-json\/wp\/v2\/comments?post=247691"}],"version-history":[{"count":1,"href":"https:\/\/www.lavras24horas.com.br\/portal\/wp-json\/wp\/v2\/posts\/247691\/revisions"}],"predecessor-version":[{"id":247693,"href":"https:\/\/www.lavras24horas.com.br\/portal\/wp-json\/wp\/v2\/posts\/247691\/revisions\/247693"}],"wp:featuredmedia":[{"embeddable":true,"href":"https:\/\/www.lavras24horas.com.br\/portal\/wp-json\/wp\/v2\/media\/247692"}],"wp:attachment":[{"href":"https:\/\/www.lavras24horas.com.br\/portal\/wp-json\/wp\/v2\/media?parent=247691"}],"wp:term":[{"taxonomy":"category","embeddable":true,"href":"https:\/\/www.lavras24horas.com.br\/portal\/wp-json\/wp\/v2\/categories?post=247691"},{"taxonomy":"post_tag","embeddable":true,"href":"https:\/\/www.lavras24horas.com.br\/portal\/wp-json\/wp\/v2\/tags?post=247691"}],"curies":[{"name":"wp","href":"https:\/\/api.w.org\/{rel}","templated":true}]}}