{"id":247671,"date":"2019-08-18T12:46:09","date_gmt":"2019-08-18T15:46:09","guid":{"rendered":"https:\/\/www.lavras24horas.com.br\/portal\/?p=247671"},"modified":"2019-08-18T12:48:23","modified_gmt":"2019-08-18T15:48:23","slug":"lancado-o-livro-que-marca-os-100-anos-de-fundacao-da-loja-maconica-deus-e-caridade-7a","status":"publish","type":"post","link":"https:\/\/www.lavras24horas.com.br\/portal\/lancado-o-livro-que-marca-os-100-anos-de-fundacao-da-loja-maconica-deus-e-caridade-7a\/","title":{"rendered":"Lan\u00e7ado o livro que marca os 100 anos de funda\u00e7\u00e3o da &#8220;Loja Ma\u00e7\u00f4nica Deus e Caridade 7\u00aa&#8221;"},"content":{"rendered":"<p>&nbsp;<\/p>\n<p style=\"text-align: justify;\">Foi lan\u00e7ado na noite deste s\u00e1bado, dia 17, o livro \u201c100 anos &#8211; Loja Ma\u00e7\u00f4nica Deus e Caridade 7\u00aa\u201d, escrito pelo Irm\u00e3o Clauzer de Souza Duarte\u00a0 e colaboradores.<\/p>\n<figure id=\"attachment_247673\" aria-describedby=\"caption-attachment-247673\" style=\"width: 500px\" class=\"wp-caption aligncenter\"><img data-recalc-dims=\"1\" fetchpriority=\"high\" decoding=\"async\" data-attachment-id=\"247673\" data-permalink=\"https:\/\/www.lavras24horas.com.br\/portal\/lancado-o-livro-que-marca-os-100-anos-de-fundacao-da-loja-maconica-deus-e-caridade-7a\/9f0f2d1a-5cd7-48fe-af3f-daf00ecb9e01-copia\/\" data-orig-file=\"https:\/\/i0.wp.com\/www.lavras24horas.com.br\/portal\/wp-content\/uploads\/2019\/08\/9f0f2d1a-5cd7-48fe-af3f-daf00ecb9e01-Copia.jpg?fit=500%2C375&amp;ssl=1\" data-orig-size=\"500,375\" data-comments-opened=\"0\" data-image-meta=\"{&quot;aperture&quot;:&quot;0&quot;,&quot;credit&quot;:&quot;&quot;,&quot;camera&quot;:&quot;&quot;,&quot;caption&quot;:&quot;&quot;,&quot;created_timestamp&quot;:&quot;0&quot;,&quot;copyright&quot;:&quot;&quot;,&quot;focal_length&quot;:&quot;0&quot;,&quot;iso&quot;:&quot;0&quot;,&quot;shutter_speed&quot;:&quot;0&quot;,&quot;title&quot;:&quot;&quot;,&quot;orientation&quot;:&quot;0&quot;}\" data-image-title=\"9f0f2d1a-5cd7-48fe-af3f-daf00ecb9e01 &amp;#8211; C\u00f3pia\" data-image-description=\"\" data-image-caption=\"&lt;p&gt;Irm\u00e3o Clauzer de Souza Duarte.&lt;\/p&gt;\n\" data-large-file=\"https:\/\/i0.wp.com\/www.lavras24horas.com.br\/portal\/wp-content\/uploads\/2019\/08\/9f0f2d1a-5cd7-48fe-af3f-daf00ecb9e01-Copia.jpg?fit=440%2C330&amp;ssl=1\" class=\"wp-image-247673 size-full\" src=\"https:\/\/i0.wp.com\/www.lavras24horas.com.br\/portal\/wp-content\/uploads\/2019\/08\/9f0f2d1a-5cd7-48fe-af3f-daf00ecb9e01-Copia.jpg?resize=500%2C375&#038;ssl=1\" alt=\"\" width=\"500\" height=\"375\" srcset=\"https:\/\/i0.wp.com\/www.lavras24horas.com.br\/portal\/wp-content\/uploads\/2019\/08\/9f0f2d1a-5cd7-48fe-af3f-daf00ecb9e01-Copia.jpg?w=500&amp;ssl=1 500w, https:\/\/i0.wp.com\/www.lavras24horas.com.br\/portal\/wp-content\/uploads\/2019\/08\/9f0f2d1a-5cd7-48fe-af3f-daf00ecb9e01-Copia.jpg?resize=440%2C330&amp;ssl=1 440w\" sizes=\"(max-width: 500px) 100vw, 500px\" \/><figcaption id=\"caption-attachment-247673\" class=\"wp-caption-text\">Irm\u00e3o Clauzer de Souza Duarte.<\/figcaption><\/figure>\n<p style=\"text-align: justify;\">A cerim\u00f4nia de lan\u00e7amento aconteceu na sede da institui\u00e7\u00e3o com a presen\u00e7a de v\u00e1rios convidados e autoridades. Fundada em 11 de novembro de 1919, a loja ma\u00e7\u00f4nica \u00e9 a mais antiga em atividade no munic\u00edpio.<\/p>\n<p>&nbsp;<\/p>\n<figure id=\"attachment_247674\" aria-describedby=\"caption-attachment-247674\" style=\"width: 500px\" class=\"wp-caption aligncenter\"><img data-recalc-dims=\"1\" decoding=\"async\" data-attachment-id=\"247674\" data-permalink=\"https:\/\/www.lavras24horas.com.br\/portal\/lancado-o-livro-que-marca-os-100-anos-de-fundacao-da-loja-maconica-deus-e-caridade-7a\/6407d508-aa2f-4979-b52c-a1fe4b31e7a6-1-copia\/\" data-orig-file=\"https:\/\/i0.wp.com\/www.lavras24horas.com.br\/portal\/wp-content\/uploads\/2019\/08\/6407d508-aa2f-4979-b52c-a1fe4b31e7a6-1-Copia.jpg?fit=500%2C375&amp;ssl=1\" data-orig-size=\"500,375\" data-comments-opened=\"0\" data-image-meta=\"{&quot;aperture&quot;:&quot;0&quot;,&quot;credit&quot;:&quot;&quot;,&quot;camera&quot;:&quot;&quot;,&quot;caption&quot;:&quot;&quot;,&quot;created_timestamp&quot;:&quot;0&quot;,&quot;copyright&quot;:&quot;&quot;,&quot;focal_length&quot;:&quot;0&quot;,&quot;iso&quot;:&quot;0&quot;,&quot;shutter_speed&quot;:&quot;0&quot;,&quot;title&quot;:&quot;&quot;,&quot;orientation&quot;:&quot;0&quot;}\" data-image-title=\"6407d508-aa2f-4979-b52c-a1fe4b31e7a6 (1) &amp;#8211; C\u00f3pia\" data-image-description=\"\" data-image-caption=\"\" data-large-file=\"https:\/\/i0.wp.com\/www.lavras24horas.com.br\/portal\/wp-content\/uploads\/2019\/08\/6407d508-aa2f-4979-b52c-a1fe4b31e7a6-1-Copia.jpg?fit=440%2C330&amp;ssl=1\" class=\"wp-image-247674 size-full lazyload\" data-src=\"https:\/\/i0.wp.com\/www.lavras24horas.com.br\/portal\/wp-content\/uploads\/2019\/08\/6407d508-aa2f-4979-b52c-a1fe4b31e7a6-1-Copia.jpg?resize=500%2C375&#038;ssl=1\" alt=\"\" width=\"500\" height=\"375\" data-srcset=\"https:\/\/i0.wp.com\/www.lavras24horas.com.br\/portal\/wp-content\/uploads\/2019\/08\/6407d508-aa2f-4979-b52c-a1fe4b31e7a6-1-Copia.jpg?w=500&amp;ssl=1 500w, https:\/\/i0.wp.com\/www.lavras24horas.com.br\/portal\/wp-content\/uploads\/2019\/08\/6407d508-aa2f-4979-b52c-a1fe4b31e7a6-1-Copia.jpg?resize=440%2C330&amp;ssl=1 440w\" data-sizes=\"(max-width: 500px) 100vw, 500px\" src=\"data:image\/svg+xml;base64,PHN2ZyB3aWR0aD0iMSIgaGVpZ2h0PSIxIiB4bWxucz0iaHR0cDovL3d3dy53My5vcmcvMjAwMC9zdmciPjwvc3ZnPg==\" style=\"--smush-placeholder-width: 500px; --smush-placeholder-aspect-ratio: 500\/375;\" \/><figcaption id=\"caption-attachment-247674\" class=\"wp-caption-text\">Evento contou com a participa\u00e7\u00e3o de convidados e autoridades.<\/figcaption><\/figure>\n<p style=\"text-align: justify;\">Clauzer de Souza Duarte afirmou \u00e0 reportagem do <strong>Lavras 24 Horas<\/strong> que o livro \u00e9 resultado de dois anos de pesquisa com base em mais de tr\u00eas mil atas da Loja Ma\u00e7\u00f4nica Deus e Caridade 7\u00aa. Ele destacou import\u00e2ncia da institui\u00e7\u00e3o no campo filantr\u00f3pico e educacional junto \u00e0 comunidade lavrense.<\/p>\n<p><img data-recalc-dims=\"1\" decoding=\"async\" data-attachment-id=\"247676\" data-permalink=\"https:\/\/www.lavras24horas.com.br\/portal\/lancado-o-livro-que-marca-os-100-anos-de-fundacao-da-loja-maconica-deus-e-caridade-7a\/91547dff-2ab8-453e-bacb-bb2f11a0af13-1\/\" data-orig-file=\"https:\/\/i0.wp.com\/www.lavras24horas.com.br\/portal\/wp-content\/uploads\/2019\/08\/91547dff-2ab8-453e-bacb-bb2f11a0af13-1.jpg?fit=675%2C966&amp;ssl=1\" data-orig-size=\"675,966\" data-comments-opened=\"0\" data-image-meta=\"{&quot;aperture&quot;:&quot;0&quot;,&quot;credit&quot;:&quot;&quot;,&quot;camera&quot;:&quot;&quot;,&quot;caption&quot;:&quot;&quot;,&quot;created_timestamp&quot;:&quot;0&quot;,&quot;copyright&quot;:&quot;&quot;,&quot;focal_length&quot;:&quot;0&quot;,&quot;iso&quot;:&quot;0&quot;,&quot;shutter_speed&quot;:&quot;0&quot;,&quot;title&quot;:&quot;&quot;,&quot;orientation&quot;:&quot;0&quot;}\" data-image-title=\"91547dff-2ab8-453e-bacb-bb2f11a0af13 (1)\" data-image-description=\"\" data-image-caption=\"\" data-large-file=\"https:\/\/i0.wp.com\/www.lavras24horas.com.br\/portal\/wp-content\/uploads\/2019\/08\/91547dff-2ab8-453e-bacb-bb2f11a0af13-1.jpg?fit=231%2C330&amp;ssl=1\" class=\"aligncenter wp-image-247676 size-full lazyload\" data-src=\"https:\/\/i0.wp.com\/www.lavras24horas.com.br\/portal\/wp-content\/uploads\/2019\/08\/91547dff-2ab8-453e-bacb-bb2f11a0af13-1.jpg?resize=675%2C966&#038;ssl=1\" alt=\"\" width=\"675\" height=\"966\" data-srcset=\"https:\/\/i0.wp.com\/www.lavras24horas.com.br\/portal\/wp-content\/uploads\/2019\/08\/91547dff-2ab8-453e-bacb-bb2f11a0af13-1.jpg?w=675&amp;ssl=1 675w, https:\/\/i0.wp.com\/www.lavras24horas.com.br\/portal\/wp-content\/uploads\/2019\/08\/91547dff-2ab8-453e-bacb-bb2f11a0af13-1.jpg?resize=231%2C330&amp;ssl=1 231w\" data-sizes=\"(max-width: 675px) 100vw, 675px\" src=\"data:image\/svg+xml;base64,PHN2ZyB3aWR0aD0iMSIgaGVpZ2h0PSIxIiB4bWxucz0iaHR0cDovL3d3dy53My5vcmcvMjAwMC9zdmciPjwvc3ZnPg==\" style=\"--smush-placeholder-width: 675px; --smush-placeholder-aspect-ratio: 675\/966;\" \/><\/p>\n<p>&nbsp;<\/p>\n<p style=\"text-align: justify;\">O livro ser\u00e1 comercializado na Livraria Crepaldi e na Banca Jardim ao pre\u00e7o R$ 40. O livro destaca, dentre outras coisas, as biografias de dez importantes membros da institui\u00e7\u00e3o.<\/p>\n<p>&nbsp;<\/p>\n<p>&nbsp;<\/p>\n","protected":false},"excerpt":{"rendered":"<p>&nbsp; Foi lan\u00e7ado na noite deste s\u00e1bado, dia 17, o livro \u201c100 anos &#8211; Loja Ma\u00e7\u00f4nica Deus e Caridade 7\u00aa\u201d, escrito pelo Irm\u00e3o Clauzer de Souza Duarte\u00a0 e colaboradores. A cerim\u00f4nia de lan\u00e7amento aconteceu na sede da institui\u00e7\u00e3o com a presen\u00e7a de v\u00e1rios convidados e autoridades. Fundada em 11 de novembro de 1919, a loja [&hellip;]<\/p>\n","protected":false},"author":7,"featured_media":247672,"comment_status":"closed","ping_status":"closed","sticky":false,"template":"","format":"standard","meta":{"advanced_seo_description":"","jetpack_seo_html_title":"","jetpack_seo_noindex":false,"_jetpack_memberships_contains_paid_content":false,"footnotes":""},"categories":[13077,4],"tags":[467,466],"class_list":["post-247671","post","type-post","status-publish","format-standard","has-post-thumbnail","hentry","category-laterais-2","category-lavras","tag-automatico","tag-rascunho"],"jetpack_featured_media_url":"https:\/\/i0.wp.com\/www.lavras24horas.com.br\/portal\/wp-content\/uploads\/2019\/08\/906f2b48-8a2a-4181-911b-44a810e208d8-Copia.jpg?fit=500%2C375&ssl=1","jetpack_sharing_enabled":true,"jetpack_likes_enabled":true,"jetpack_shortlink":"https:\/\/wp.me\/p12djN-12qH","_links":{"self":[{"href":"https:\/\/www.lavras24horas.com.br\/portal\/wp-json\/wp\/v2\/posts\/247671","targetHints":{"allow":["GET"]}}],"collection":[{"href":"https:\/\/www.lavras24horas.com.br\/portal\/wp-json\/wp\/v2\/posts"}],"about":[{"href":"https:\/\/www.lavras24horas.com.br\/portal\/wp-json\/wp\/v2\/types\/post"}],"author":[{"embeddable":true,"href":"https:\/\/www.lavras24horas.com.br\/portal\/wp-json\/wp\/v2\/users\/7"}],"replies":[{"embeddable":true,"href":"https:\/\/www.lavras24horas.com.br\/portal\/wp-json\/wp\/v2\/comments?post=247671"}],"version-history":[{"count":1,"href":"https:\/\/www.lavras24horas.com.br\/portal\/wp-json\/wp\/v2\/posts\/247671\/revisions"}],"predecessor-version":[{"id":247677,"href":"https:\/\/www.lavras24horas.com.br\/portal\/wp-json\/wp\/v2\/posts\/247671\/revisions\/247677"}],"wp:featuredmedia":[{"embeddable":true,"href":"https:\/\/www.lavras24horas.com.br\/portal\/wp-json\/wp\/v2\/media\/247672"}],"wp:attachment":[{"href":"https:\/\/www.lavras24horas.com.br\/portal\/wp-json\/wp\/v2\/media?parent=247671"}],"wp:term":[{"taxonomy":"category","embeddable":true,"href":"https:\/\/www.lavras24horas.com.br\/portal\/wp-json\/wp\/v2\/categories?post=247671"},{"taxonomy":"post_tag","embeddable":true,"href":"https:\/\/www.lavras24horas.com.br\/portal\/wp-json\/wp\/v2\/tags?post=247671"}],"curies":[{"name":"wp","href":"https:\/\/api.w.org\/{rel}","templated":true}]}}